{"id":36308,"date":"2025-07-04T08:23:19","date_gmt":"2025-07-04T06:23:19","guid":{"rendered":"https:\/\/www.iceagetv.com\/radiosite\/?p=36308"},"modified":"2025-07-04T08:23:23","modified_gmt":"2025-07-04T06:23:23","slug":"la-journaliste-anne-sophie-lapix-qui-vient-de-quitter-le-service-public-va-presenter-chaque-dimanche-a-20h20-sur-m6-une-longue-interview-en-concurrence-directe-avec-son-ancien-collegue-laurent-delah","status":"publish","type":"post","link":"https:\/\/www.iceagetv.com\/radiosite\/la-journaliste-anne-sophie-lapix-qui-vient-de-quitter-le-service-public-va-presenter-chaque-dimanche-a-20h20-sur-m6-une-longue-interview-en-concurrence-directe-avec-son-ancien-collegue-laurent-delah\/","title":{"rendered":"La journaliste Anne-Sophie Lapix, qui vient de quitter le service public, va pr\u00e9senter chaque dimanche \u00e0 20h20 sur M6 une longue interview en concurrence directe avec son ancien coll\u00e8gue Laurent Delahousse sur France 2"},"content":{"rendered":"\n<p class=\"\">Anne-Sophie Lapix proposera sur M6 une longue interview hebdomadaire, diffus\u00e9e le dimanche en d\u00e9but de soir\u00e9e \u00e0 partir de septembre, a-t-elle r\u00e9v\u00e9l\u00e9 au Figaro. Elle se retrouvera donc en concurrence frontale avec son ancien \u00ab\u00a0coll\u00e8ge\u00a0\u00bb de France 2, Laurent Delahousse. La journaliste a pr\u00e9sent\u00e9 le 26 juin son dernier 20H00 sur France 2, au terme de huit saisons sur la cha\u00eene publique. Elle a \u00e9t\u00e9 recrut\u00e9e par M6 et RTL, qui appartiennent au m\u00eame groupe.<\/p>\n\n\n\n<p class=\"\">\u00ab\u00a0Cette interview durera une quinzaine de minutes et sera diffus\u00e9e apr\u00e8s le JT du soir, vers 20H20\u00a0\u00bb, a indiqu\u00e9 la journaliste.<\/p>\n\n\n\n<p class=\"\">Ses invit\u00e9s seront des personnalit\u00e9s qui marquent l&rsquo;actualit\u00e9, quelle qu&rsquo;elle soit, politique, \u00e9conomique, sociale, culturelle, sportive, etc.<\/p>\n\n\n\n<p class=\"\">Anne-Sophie Lapix devrait par ailleurs pr\u00e9senter des \u00e9missions en soir\u00e9e \u00ab\u00a0consacr\u00e9es \u00e0 des d\u00e9bats soci\u00e9taux, d&rsquo;actualit\u00e9, qui pourraient revenir tous les mois\u00a0\u00bb.<\/p>\n\n\n\n<p class=\"\">Sur RTL, son \u00e9mission sera quotidienne, sur la tranche de 18 \u00e0 20H00, ce qui lui fait succ\u00e9der \u00e0 Yves Calvi. \u00ab\u00a0Je suis tr\u00e8s emball\u00e9e \u00e0 l&rsquo;id\u00e9e de faire de la radio (&#8230;) C&rsquo;est un m\u00e9dia, celui de l&rsquo;agilit\u00e9 et de la r\u00e9activit\u00e9, que je n&rsquo;ai encore jamais tent\u00e9\u00a0\u00bb, a-t-elle d\u00e9clar\u00e9 au Figaro.<\/p>\n","protected":false},"excerpt":{"rendered":"<p>Anne-Sophie Lapix proposera sur M6 une longue interview hebdomadaire, diffus\u00e9e le dimanche en d\u00e9but de soir\u00e9e \u00e0 partir de septembre, a-t-elle r\u00e9v\u00e9l\u00e9 au Figaro. Elle se retrouvera donc en concurrence frontale avec son ancien \u00ab\u00a0coll\u00e8ge\u00a0\u00bb de France 2, Laurent Delahousse. La journaliste a pr\u00e9sent\u00e9 le 26 juin son dernier 20H00 sur France 2, au terme [&hellip;]<\/p>\n","protected":false},"author":2,"featured_media":36309,"comment_status":"open","ping_status":"open","sticky":false,"template":"","format":"standard","meta":{"_jetpack_memberships_contains_paid_content":false,"footnotes":"","jetpack_publicize_message":"","jetpack_publicize_feature_enabled":true,"jetpack_social_post_already_shared":true,"jetpack_social_options":{"image_generator_settings":{"template":"highway","default_image_id":0,"enabled":true,"token":"eyJpbWciOiJodHRwczpcL1wvd3d3LmljZWFnZXR2LmNvbVwvcmFkaW9zaXRlXC93cC1jb250ZW50XC91cGxvYWRzXC8yMDI1XC8wN1wvNzVTdjhicjguanBnIiwidHh0IjoiTGEgam91cm5hbGlzdGUgQW5uZS1Tb3BoaWUgTGFwaXgsIHF1aSB2aWVudCBkZSBxdWl0dGVyIGxlIHNlcnZpY2UgcHVibGljLCB2YSBwclx1MDBlOXNlbnRlciBjaGFxdWUgZGltYW5jaGUgXHUwMGUwIDIwaDIwIHN1ciBNNiB1bmUgbG9uZ3VlIGludGVydmlldyBlbiBjb25jdXJyZW5jZSBkaXJlY3RlIGF2ZWMgc29uIGFuY2llbiBjb2xsXHUwMGU4Z3VlIExhdXJlbnQgRGVsYWhvdXNzZSBzdXIgRnJhbmNlIDIiLCJ0ZW1wbGF0ZSI6ImhpZ2h3YXkiLCJibG9nX2lkIjoxMTEwMTY0NjF9.S9CAQ5F6J_o9JrybSPLF3o0yLuEtAkE2HgSXrP_mXewMQ"},"version":2},"_wpas_customize_per_network":false},"categories":[68],"tags":[],"class_list":["post-36308","post","type-post","status-publish","format-standard","has-post-thumbnail","hentry","category-actu-culturelle"],"jetpack_publicize_connections":[],"jetpack_featured_media_url":"https:\/\/i0.wp.com\/www.iceagetv.com\/radiosite\/wp-content\/uploads\/2025\/07\/75Sv8br8.jpg?fit=679%2C293&ssl=1","jetpack_sharing_enabled":true,"_links":{"self":[{"href":"https:\/\/www.iceagetv.com\/radiosite\/wp-json\/wp\/v2\/posts\/36308","targetHints":{"allow":["GET"]}}],"collection":[{"href":"https:\/\/www.iceagetv.com\/radiosite\/wp-json\/wp\/v2\/posts"}],"about":[{"href":"https:\/\/www.iceagetv.com\/radiosite\/wp-json\/wp\/v2\/types\/post"}],"author":[{"embeddable":true,"href":"https:\/\/www.iceagetv.com\/radiosite\/wp-json\/wp\/v2\/users\/2"}],"replies":[{"embeddable":true,"href":"https:\/\/www.iceagetv.com\/radiosite\/wp-json\/wp\/v2\/comments?post=36308"}],"version-history":[{"count":1,"href":"https:\/\/www.iceagetv.com\/radiosite\/wp-json\/wp\/v2\/posts\/36308\/revisions"}],"predecessor-version":[{"id":36310,"href":"https:\/\/www.iceagetv.com\/radiosite\/wp-json\/wp\/v2\/posts\/36308\/revisions\/36310"}],"wp:featuredmedia":[{"embeddable":true,"href":"https:\/\/www.iceagetv.com\/radiosite\/wp-json\/wp\/v2\/media\/36309"}],"wp:attachment":[{"href":"https:\/\/www.iceagetv.com\/radiosite\/wp-json\/wp\/v2\/media?parent=36308"}],"wp:term":[{"taxonomy":"category","embeddable":true,"href":"https:\/\/www.iceagetv.com\/radiosite\/wp-json\/wp\/v2\/categories?post=36308"},{"taxonomy":"post_tag","embeddable":true,"href":"https:\/\/www.iceagetv.com\/radiosite\/wp-json\/wp\/v2\/tags?post=36308"}],"curies":[{"name":"wp","href":"https:\/\/api.w.org\/{rel}","templated":true}]}}