{"id":36328,"date":"2025-07-04T15:29:37","date_gmt":"2025-07-04T13:29:37","guid":{"rendered":"https:\/\/www.iceagetv.com\/radiosite\/?p=36328"},"modified":"2025-07-04T15:29:40","modified_gmt":"2025-07-04T13:29:40","slug":"violences-verbales-physiques-intimidations-les-francais-exclus-dune-piscine-en-suisse-cet-ete","status":"publish","type":"post","link":"https:\/\/www.iceagetv.com\/radiosite\/violences-verbales-physiques-intimidations-les-francais-exclus-dune-piscine-en-suisse-cet-ete\/","title":{"rendered":"Violences verbales, physiques, intimidations&#8230; Les Fran\u00e7ais exclus d&rsquo;une piscine en Suisse cet \u00e9t\u00e9"},"content":{"rendered":"\n<p class=\"\">\u00c0 Porrentruy, dans le Jura suisse, les Fran\u00e7ais ne sont plus les bienvenus \u00e0 la piscine municipale. La commune interdit l\u2019acc\u00e8s tout l\u2019\u00e9t\u00e9 apr\u00e8s des d\u00e9bordements r\u00e9p\u00e9t\u00e9s, principalement caus\u00e9s, selon la mairie, par de jeunes Fran\u00e7ais venus en nombre depuis la fronti\u00e8re toute proche.<\/p>\n\n\n\n<p class=\"\">C\u2019est l\u2019une des plus belles piscines de ce coin de\u00a0<a href=\"https:\/\/www.europe1.fr\/dossiers\/suisse\">Suisse<\/a>\u00a0: trois grands bassins, une pataugeoire, un toboggan et une pelouse impeccable. Mais tout l\u2019\u00e9t\u00e9, les Fran\u00e7ais n\u2019y auront plus acc\u00e8s. \u00c0 Porrentruy, dans le Jura suisse, le conseil municipal a tranch\u00e9 : acc\u00e8s interdit aux non-r\u00e9sidents suisses jusqu\u2019au 31 ao\u00fbt. Seuls seront admis les titulaires d\u2019un permis de travail valide ou d\u2019un certificat de r\u00e9sidence en Suisse. Une mesure assum\u00e9e.Je n\u2019aime pas \u00eatre dans la discrimination, mais il y a un constat clair : 90 \u00e0 95 % des jeunes exclus depuis le d\u00e9but de la saison ne sont pas de chez nous. Ce sont des jeunes entre 16 et 25 ans\u00a0\u00bb, explique\u00a0Philippe Eggertswyler, le maire de la commune. Depuis plusieurs semaines, cette piscine frontali\u00e8re, situ\u00e9e \u00e0 seulement 15 kilom\u00e8tres de la France, est litt\u00e9ralement prise d\u2019assaut. Des groupes de jeunes venus des villes voisines fran\u00e7aises y multiplieraient\u00a0<a href=\"https:\/\/www.europe1.fr\/societe\/je-ne-viens-quavec-mon-maillot-et-ma-serviette-a-marseille-les-touristes-et-habitants-desabuses-face-aux-voleurs-qui-ratissent-les-plages-761976\" target=\"_blank\" rel=\"noreferrer noopener\">les incivilit\u00e9s<\/a>.On a renforc\u00e9 la s\u00e9curit\u00e9\u00a0\u00bb<\/p>\n\n\n\n<p class=\"\">\u00ab\u00a0On parle de violences verbales, physiques, d\u2019intimidation, de non-respect du r\u00e8glement. On a renforc\u00e9 la s\u00e9curit\u00e9, mais \u00e7a ne suffit plus\u00a0\u00bb, d\u00e9plore l\u2019\u00e9lu.&nbsp;&nbsp;Alors la commune a choisi de trancher : cet \u00e9t\u00e9, la tranquillit\u00e9 passera avant la libre circulation. En Suisse, on ne badine pas avec le r\u00e8glement. M\u00eame au bord de la piscine.<\/p>\n","protected":false},"excerpt":{"rendered":"<p>\u00c0 Porrentruy, dans le Jura suisse, les Fran\u00e7ais ne sont plus les bienvenus \u00e0 la piscine municipale. La commune interdit l\u2019acc\u00e8s tout l\u2019\u00e9t\u00e9 apr\u00e8s des d\u00e9bordements r\u00e9p\u00e9t\u00e9s, principalement caus\u00e9s, selon la mairie, par de jeunes Fran\u00e7ais venus en nombre depuis la fronti\u00e8re toute proche. C\u2019est l\u2019une des plus belles piscines de ce coin de\u00a0Suisse\u00a0: trois [&hellip;]<\/p>\n","protected":false},"author":2,"featured_media":36329,"comment_status":"open","ping_status":"open","sticky":false,"template":"","format":"standard","meta":{"_jetpack_memberships_contains_paid_content":false,"footnotes":"","jetpack_publicize_message":"","jetpack_publicize_feature_enabled":true,"jetpack_social_post_already_shared":true,"jetpack_social_options":{"image_generator_settings":{"template":"highway","default_image_id":0,"enabled":true,"token":"eyJpbWciOiJodHRwczpcL1wvd3d3LmljZWFnZXR2LmNvbVwvcmFkaW9zaXRlXC93cC1jb250ZW50XC91cGxvYWRzXC8yMDI1XC8wN1wvRGJxU2s5NWwuanBnIiwidHh0IjoiVmlvbGVuY2VzIHZlcmJhbGVzLCBwaHlzaXF1ZXMsIGludGltaWRhdGlvbnMmIzgyMzA7IExlcyBGcmFuXHUwMGU3YWlzIGV4Y2x1cyBkJiM4MjE3O3VuZSBwaXNjaW5lIGVuIFN1aXNzZSBjZXQgXHUwMGU5dFx1MDBlOSIsInRlbXBsYXRlIjoiaGlnaHdheSIsImJsb2dfaWQiOjExMTAxNjQ2MX0.5E5Zy2xDN9VsSJrT8GiyxH6I1evF3zeUyKPXjgL9t3kMQ"},"version":2},"_wpas_customize_per_network":false},"categories":[405],"tags":[],"class_list":["post-36328","post","type-post","status-publish","format-standard","has-post-thumbnail","hentry","category-actu-france-monde"],"jetpack_publicize_connections":[],"jetpack_featured_media_url":"https:\/\/i0.wp.com\/www.iceagetv.com\/radiosite\/wp-content\/uploads\/2025\/07\/DbqSk95l.jpg?fit=680%2C340&ssl=1","jetpack_sharing_enabled":true,"_links":{"self":[{"href":"https:\/\/www.iceagetv.com\/radiosite\/wp-json\/wp\/v2\/posts\/36328","targetHints":{"allow":["GET"]}}],"collection":[{"href":"https:\/\/www.iceagetv.com\/radiosite\/wp-json\/wp\/v2\/posts"}],"about":[{"href":"https:\/\/www.iceagetv.com\/radiosite\/wp-json\/wp\/v2\/types\/post"}],"author":[{"embeddable":true,"href":"https:\/\/www.iceagetv.com\/radiosite\/wp-json\/wp\/v2\/users\/2"}],"replies":[{"embeddable":true,"href":"https:\/\/www.iceagetv.com\/radiosite\/wp-json\/wp\/v2\/comments?post=36328"}],"version-history":[{"count":1,"href":"https:\/\/www.iceagetv.com\/radiosite\/wp-json\/wp\/v2\/posts\/36328\/revisions"}],"predecessor-version":[{"id":36330,"href":"https:\/\/www.iceagetv.com\/radiosite\/wp-json\/wp\/v2\/posts\/36328\/revisions\/36330"}],"wp:featuredmedia":[{"embeddable":true,"href":"https:\/\/www.iceagetv.com\/radiosite\/wp-json\/wp\/v2\/media\/36329"}],"wp:attachment":[{"href":"https:\/\/www.iceagetv.com\/radiosite\/wp-json\/wp\/v2\/media?parent=36328"}],"wp:term":[{"taxonomy":"category","embeddable":true,"href":"https:\/\/www.iceagetv.com\/radiosite\/wp-json\/wp\/v2\/categories?post=36328"},{"taxonomy":"post_tag","embeddable":true,"href":"https:\/\/www.iceagetv.com\/radiosite\/wp-json\/wp\/v2\/tags?post=36328"}],"curies":[{"name":"wp","href":"https:\/\/api.w.org\/{rel}","templated":true}]}}