{"id":36335,"date":"2025-07-05T10:49:42","date_gmt":"2025-07-05T08:49:42","guid":{"rendered":"https:\/\/www.iceagetv.com\/radiosite\/?p=36335"},"modified":"2025-07-05T10:49:45","modified_gmt":"2025-07-05T08:49:45","slug":"comme-on-pouvait-helas-sen-douter-le-president-algerien-abdelmadjid-tebboune-a-refuse-de-ceder-aux-suppliques-de-la-france-en-refusant-dinclure-boualem-sansal-dans-la-traditionnelle-vague","status":"publish","type":"post","link":"https:\/\/www.iceagetv.com\/radiosite\/comme-on-pouvait-helas-sen-douter-le-president-algerien-abdelmadjid-tebboune-a-refuse-de-ceder-aux-suppliques-de-la-france-en-refusant-dinclure-boualem-sansal-dans-la-traditionnelle-vague\/","title":{"rendered":"Comme on pouvait h\u00e9las s&rsquo;en douter, le pr\u00e9sident alg\u00e9rien Abdelmadjid Tebboune a refus\u00e9 de c\u00e9der aux suppliques de la France en refusant d\u2019inclure Boualem Sansal dans la traditionnelle vague de gr\u00e2ces pr\u00e9sidentielles du 5 juillet"},"content":{"rendered":"\n<p class=\"\">Comme on pouvait s&rsquo;y attendre, le pr\u00e9sident alg\u00e9rien Abdelmadjid Tebboune a refus\u00e9 de c\u00e9der aux suppliques de la France en refusant d\u2019inclure Boualem Sansal dans la traditionnelle vague de gr\u00e2ces pr\u00e9sidentielles du 5 juillet.&nbsp;&nbsp;Les d\u00e9crets publi\u00e9s vendredi pr\u00e9cisent que les personnes d\u00e9finitivement condamn\u00e9es pour \u00ab atteinte \u00e0 l\u2019unit\u00e9 nationale \u00bb sont exclues de toute mesure de cl\u00e9mence.&nbsp;<\/p>\n\n\n\n<p class=\"\">Cette d\u00e9cision met un terme aux espoirs, minces mais tenaces, nourris ces derni\u00e8res semaines par ses proches, ses filles, et des responsables fran\u00e7ais. Le Premier ministre Fran\u00e7ois Bayrou avait publiquement esp\u00e9r\u00e9 \u00ab des mesures de gr\u00e2ce \u00bb, qualifiant la d\u00e9tention de Boualem Sansal d\u2019\u00ab insupportable \u00bb.&nbsp;<\/p>\n\n\n\n<p class=\"\">&nbsp;\u00abCe n\u2019est malheureusement pas une surprise \u00bb, r\u00e9agit Arnaud Benedetti, membre de son comit\u00e9 de soutien, cit\u00e9 par Le Parisien. \u00ab On est d\u00e9\u00e7us et atterr\u00e9s \u00bb, ajoute No\u00eblle Lenoir, pr\u00e9sidente du comit\u00e9. La presse alg\u00e9rienne proche du pouvoir, notamment L\u2019Expression, s\u2019\u00e9tait montr\u00e9e particuli\u00e8rement agressive \u00e0 l\u2019\u00e9gard de Boualem Sansal dans les jours pr\u00e9c\u00e9dant la d\u00e9cision.<\/p>\n\n\n\n<p class=\"\">Ag\u00e9 de 80 ans et atteint d\u2019un cancer de la prostate, Boualem Sansal a choisi de ne pas se pourvoir en cassation apr\u00e8s la confirmation de sa peine mardi.&nbsp;L\u2019\u00e9crivain, emprisonn\u00e9 depuis mars avait \u00e9t\u00e9 condamn\u00e9 \u00e0 cinq ans de prison et ce&nbsp;choix permettait, sur le papier, de rendre possible une gr\u00e2ce pr\u00e9sidentielle. Une option toujours envisageable pour raisons m\u00e9dicales, mais dont rien n\u2019indique qu\u2019elle sera utilis\u00e9e par les autorit\u00e9s.<\/p>\n\n\n\n<p class=\"\">La condamnation de Boualem Sansal repose sur des propos tenus en octobre 2024 dans le m\u00e9dia d\u2019extr\u00eame droite Fronti\u00e8res, o\u00f9 il affirmait que l\u2019Alg\u00e9rie avait h\u00e9rit\u00e9, sous la colonisation fran\u00e7aise, de territoires appartenant historiquement au Maroc. Des d\u00e9clarations explosives dans un contexte r\u00e9gional sous tension, et qui ont \u00e9t\u00e9 interpr\u00e9t\u00e9es comme une remise en cause de l\u2019int\u00e9grit\u00e9 territoriale de l\u2019Alg\u00e9rie.<\/p>\n","protected":false},"excerpt":{"rendered":"<p>Comme on pouvait s&rsquo;y attendre, le pr\u00e9sident alg\u00e9rien Abdelmadjid Tebboune a refus\u00e9 de c\u00e9der aux suppliques de la France en refusant d\u2019inclure Boualem Sansal dans la traditionnelle vague de gr\u00e2ces pr\u00e9sidentielles du 5 juillet.&nbsp;&nbsp;Les d\u00e9crets publi\u00e9s vendredi pr\u00e9cisent que les personnes d\u00e9finitivement condamn\u00e9es pour \u00ab atteinte \u00e0 l\u2019unit\u00e9 nationale \u00bb sont exclues de toute mesure [&hellip;]<\/p>\n","protected":false},"author":2,"featured_media":36336,"comment_status":"open","ping_status":"open","sticky":false,"template":"","format":"standard","meta":{"_jetpack_memberships_contains_paid_content":false,"footnotes":"","jetpack_publicize_message":"","jetpack_publicize_feature_enabled":true,"jetpack_social_post_already_shared":true,"jetpack_social_options":{"image_generator_settings":{"template":"highway","default_image_id":0,"enabled":true,"token":"eyJpbWciOiJodHRwczpcL1wvd3d3LmljZWFnZXR2LmNvbVwvcmFkaW9zaXRlXC93cC1jb250ZW50XC91cGxvYWRzXC8yMDI1XC8wN1wvV1pBek1qdTguanBnIiwidHh0IjoiQ29tbWUgb24gcG91dmFpdCBoXHUwMGU5bGFzIHMmIzgyMTc7ZW4gZG91dGVyLCBsZSBwclx1MDBlOXNpZGVudCBhbGdcdTAwZTlyaWVuIEFiZGVsbWFkamlkIFRlYmJvdW5lIGEgcmVmdXNcdTAwZTkgZGUgY1x1MDBlOWRlciBhdXggc3VwcGxpcXVlcyBkZSBsYSBGcmFuY2UgZW4gcmVmdXNhbnQgZFx1MjAxOWluY2x1cmUgQm91YWxlbSBTYW5zYWwgZGFucyBsYSB0cmFkaXRpb25uZWxsZSB2YWd1ZSBkZSBnclx1MDBlMmNlcyBwclx1MDBlOXNpZGVudGllbGxlcyBkdSA1IGp1aWxsZXQiLCJ0ZW1wbGF0ZSI6ImhpZ2h3YXkiLCJibG9nX2lkIjoxMTEwMTY0NjF9.NNy-w4Mr96Us7zOo_CQLzpHYQP1zrd5DWbOxJQBACpkMQ"},"version":2},"_wpas_customize_per_network":false},"categories":[405],"tags":[],"class_list":["post-36335","post","type-post","status-publish","format-standard","has-post-thumbnail","hentry","category-actu-france-monde"],"jetpack_publicize_connections":[],"jetpack_featured_media_url":"https:\/\/i0.wp.com\/www.iceagetv.com\/radiosite\/wp-content\/uploads\/2025\/07\/WZAzMju8.jpg?fit=679%2C293&ssl=1","jetpack_sharing_enabled":true,"_links":{"self":[{"href":"https:\/\/www.iceagetv.com\/radiosite\/wp-json\/wp\/v2\/posts\/36335","targetHints":{"allow":["GET"]}}],"collection":[{"href":"https:\/\/www.iceagetv.com\/radiosite\/wp-json\/wp\/v2\/posts"}],"about":[{"href":"https:\/\/www.iceagetv.com\/radiosite\/wp-json\/wp\/v2\/types\/post"}],"author":[{"embeddable":true,"href":"https:\/\/www.iceagetv.com\/radiosite\/wp-json\/wp\/v2\/users\/2"}],"replies":[{"embeddable":true,"href":"https:\/\/www.iceagetv.com\/radiosite\/wp-json\/wp\/v2\/comments?post=36335"}],"version-history":[{"count":1,"href":"https:\/\/www.iceagetv.com\/radiosite\/wp-json\/wp\/v2\/posts\/36335\/revisions"}],"predecessor-version":[{"id":36337,"href":"https:\/\/www.iceagetv.com\/radiosite\/wp-json\/wp\/v2\/posts\/36335\/revisions\/36337"}],"wp:featuredmedia":[{"embeddable":true,"href":"https:\/\/www.iceagetv.com\/radiosite\/wp-json\/wp\/v2\/media\/36336"}],"wp:attachment":[{"href":"https:\/\/www.iceagetv.com\/radiosite\/wp-json\/wp\/v2\/media?parent=36335"}],"wp:term":[{"taxonomy":"category","embeddable":true,"href":"https:\/\/www.iceagetv.com\/radiosite\/wp-json\/wp\/v2\/categories?post=36335"},{"taxonomy":"post_tag","embeddable":true,"href":"https:\/\/www.iceagetv.com\/radiosite\/wp-json\/wp\/v2\/tags?post=36335"}],"curies":[{"name":"wp","href":"https:\/\/api.w.org\/{rel}","templated":true}]}}