{"id":36339,"date":"2025-07-06T17:02:56","date_gmt":"2025-07-06T15:02:56","guid":{"rendered":"https:\/\/www.iceagetv.com\/radiosite\/?p=36339"},"modified":"2025-07-06T17:03:00","modified_gmt":"2025-07-06T15:03:00","slug":"la-fete-du-cinema-operation-de-promotion-avec-des-billets-a-5-euros-dans-toute-la-france-a-attire-cette-annee-plus-de-3-millions-de-spectateurs-un-chiffre-en-baisse-par-rapport-a-lan-dernier","status":"publish","type":"post","link":"https:\/\/www.iceagetv.com\/radiosite\/la-fete-du-cinema-operation-de-promotion-avec-des-billets-a-5-euros-dans-toute-la-france-a-attire-cette-annee-plus-de-3-millions-de-spectateurs-un-chiffre-en-baisse-par-rapport-a-lan-dernier\/","title":{"rendered":"La F\u00eate du cin\u00e9ma, op\u00e9ration de promotion avec des billets \u00e0 5 euros dans toute la France, a attir\u00e9 cette ann\u00e9e plus de 3 millions de spectateurs, un chiffre en baisse par rapport \u00e0 l&rsquo;an dernier"},"content":{"rendered":"\n<p class=\"\">La F\u00eate du cin\u00e9ma, op\u00e9ration de promotion avec des billets \u00e0 5 euros dans toute la France, a attir\u00e9 cette ann\u00e9e plus de 3 millions de spectateurs, en baisse par rapport \u00e0 l&rsquo;an dernier, a annonc\u00e9 la F\u00e9d\u00e9ration nationale des cin\u00e9mas fran\u00e7ais.<\/p>\n\n\n\n<p class=\"\">\u00ab\u00a0Pour sa 40e \u00e9dition du 29 juin au 2 juillet 2025, plus de 3 millions de spectateurs se sont rendus au cin\u00e9ma (&#8230;) Ce succ\u00e8s \u00e9gale le score de 2023, et d\u00e9passe ceux de la p\u00e9riode d&rsquo;avant COVID 2017-2019\u00a0\u00bb, indique la F\u00e9d\u00e9ration dans un communiqu\u00e9.<\/p>\n\n\n\n<p class=\"\">L&rsquo;an dernier, l&rsquo;\u00e9v\u00e9nement avait engrang\u00e9 un record historique avec 4,65 millions de spectateurs, bien au-dessus de sa moyenne. Un succ\u00e8s port\u00e9 par la com\u00e9die d&rsquo;Artus \u00ab\u00a0Un p&rsquo;tit truc en plus\u00a0\u00bb, \u00ab\u00a0Le Comte de Monte-Cristo\u00a0\u00bb et \u00ab\u00a0Vice-Versa 2\u00a0\u00bb.<\/p>\n\n\n\n<p class=\"\">\u00ab\u00a0Gr\u00e2ce \u00e0 une offre de films large et diversifi\u00e9e, et dans le contexte de temp\u00e9ratures caniculaires, les Fran\u00e7ais ont r\u00e9affirm\u00e9 leur plaisir \u00e0 retrouver leur premier loisir culturel dans la fra\u00eecheur des salles obscures\u00a0\u00bb, ont affirm\u00e9 les organisateurs, qui se r\u00e9jouissent des \u00ab\u00a0tr\u00e8s bons r\u00e9sultats\u00a0\u00bb de l&rsquo;\u00e9dition 2025.<\/p>\n\n\n\n<p class=\"\">Plusieurs grosses productions avaient cal\u00e9 leur sortie sur les dates de l&rsquo;\u00e9v\u00e8nement, auxquelles la fr\u00e9quentation des cin\u00e9mas bat des records: \u00ab\u00a0F1\u00a0\u00bb avec Brad Pitt en pilote sur le retour, \u00ab\u00a0M3GAN 2.0\u00a0\u00bb pour les fans de films d&rsquo;horreur ou \u00ab\u00a013 jours, 13 nuits\u00a0\u00bb, blockbuster fran\u00e7ais dans lequel Roschdy Zem rejoue l&rsquo;\u00e9vacuation de l&rsquo;ambassade de France \u00e0 Kaboul, qui est exceptionnellement sorti vendredi 27 juin.<\/p>\n\n\n\n<p class=\"\">Au mois de juin, les salles de cin\u00e9ma fran\u00e7aises ont enregistr\u00e9 pr\u00e8s de 11 millions d&rsquo;entr\u00e9es, une baisse de 23% par rapport \u00e0 la m\u00eame p\u00e9riode l&rsquo;an dernier, d&rsquo;apr\u00e8s des chiffres du Centre national du cin\u00e9ma (CNC) diffus\u00e9s mercredi.<\/p>\n\n\n\n<p class=\"\">\u00ab\u00a0Sur les six premiers mois de l&rsquo;ann\u00e9e, 75,27 millions d&rsquo;entr\u00e9es ont \u00e9t\u00e9 enregistr\u00e9es, en recul de 12,2% par rapport \u00e0 la m\u00eame p\u00e9riode de 2024\u00a0\u00bb, indique le CNC, pr\u00e9cisant que \u00ab\u00a0l&rsquo;ann\u00e9e derni\u00e8re avait b\u00e9n\u00e9fici\u00e9 du grand succ\u00e8s de plusieurs films dont +Vice-Versa 2+, +Un p&rsquo;tit truc en plus+ et +Le Comte de Monte-Cristo+\u00a0\u00bb.<\/p>\n","protected":false},"excerpt":{"rendered":"<p>La F\u00eate du cin\u00e9ma, op\u00e9ration de promotion avec des billets \u00e0 5 euros dans toute la France, a attir\u00e9 cette ann\u00e9e plus de 3 millions de spectateurs, en baisse par rapport \u00e0 l&rsquo;an dernier, a annonc\u00e9 la F\u00e9d\u00e9ration nationale des cin\u00e9mas fran\u00e7ais. \u00ab\u00a0Pour sa 40e \u00e9dition du 29 juin au 2 juillet 2025, plus de [&hellip;]<\/p>\n","protected":false},"author":2,"featured_media":36340,"comment_status":"open","ping_status":"open","sticky":false,"template":"","format":"standard","meta":{"_jetpack_memberships_contains_paid_content":false,"footnotes":"","jetpack_publicize_message":"","jetpack_publicize_feature_enabled":true,"jetpack_social_post_already_shared":true,"jetpack_social_options":{"image_generator_settings":{"template":"highway","default_image_id":0,"enabled":true,"token":"eyJpbWciOiJodHRwczpcL1wvd3d3LmljZWFnZXR2LmNvbVwvcmFkaW9zaXRlXC93cC1jb250ZW50XC91cGxvYWRzXC8yMDI1XC8wN1wvUTQtd184LWsuanBnIiwidHh0IjoiTGEgRlx1MDBlYXRlIGR1IGNpblx1MDBlOW1hLCBvcFx1MDBlOXJhdGlvbiBkZSBwcm9tb3Rpb24gYXZlYyBkZXMgYmlsbGV0cyBcdTAwZTAgNSBldXJvcyBkYW5zIHRvdXRlIGxhIEZyYW5jZSwgYSBhdHRpclx1MDBlOSBjZXR0ZSBhbm5cdTAwZTllIHBsdXMgZGUgMyBtaWxsaW9ucyBkZSBzcGVjdGF0ZXVycywgdW4gY2hpZmZyZSBlbiBiYWlzc2UgcGFyIHJhcHBvcnQgXHUwMGUwIGwmIzgyMTc7YW4gZGVybmllciIsInRlbXBsYXRlIjoiaGlnaHdheSIsImJsb2dfaWQiOjExMTAxNjQ2MX0.Lxqr61cGk-mJpsnJ93Cc7WWJNBQZ0-1BNyCxAuipGaoMQ"},"version":2},"_wpas_customize_per_network":false},"categories":[68],"tags":[],"class_list":["post-36339","post","type-post","status-publish","format-standard","has-post-thumbnail","hentry","category-actu-culturelle"],"jetpack_publicize_connections":[],"jetpack_featured_media_url":"https:\/\/i0.wp.com\/www.iceagetv.com\/radiosite\/wp-content\/uploads\/2025\/07\/Q4-w_8-k.jpg?fit=679%2C293&ssl=1","jetpack_sharing_enabled":true,"_links":{"self":[{"href":"https:\/\/www.iceagetv.com\/radiosite\/wp-json\/wp\/v2\/posts\/36339","targetHints":{"allow":["GET"]}}],"collection":[{"href":"https:\/\/www.iceagetv.com\/radiosite\/wp-json\/wp\/v2\/posts"}],"about":[{"href":"https:\/\/www.iceagetv.com\/radiosite\/wp-json\/wp\/v2\/types\/post"}],"author":[{"embeddable":true,"href":"https:\/\/www.iceagetv.com\/radiosite\/wp-json\/wp\/v2\/users\/2"}],"replies":[{"embeddable":true,"href":"https:\/\/www.iceagetv.com\/radiosite\/wp-json\/wp\/v2\/comments?post=36339"}],"version-history":[{"count":1,"href":"https:\/\/www.iceagetv.com\/radiosite\/wp-json\/wp\/v2\/posts\/36339\/revisions"}],"predecessor-version":[{"id":36341,"href":"https:\/\/www.iceagetv.com\/radiosite\/wp-json\/wp\/v2\/posts\/36339\/revisions\/36341"}],"wp:featuredmedia":[{"embeddable":true,"href":"https:\/\/www.iceagetv.com\/radiosite\/wp-json\/wp\/v2\/media\/36340"}],"wp:attachment":[{"href":"https:\/\/www.iceagetv.com\/radiosite\/wp-json\/wp\/v2\/media?parent=36339"}],"wp:term":[{"taxonomy":"category","embeddable":true,"href":"https:\/\/www.iceagetv.com\/radiosite\/wp-json\/wp\/v2\/categories?post=36339"},{"taxonomy":"post_tag","embeddable":true,"href":"https:\/\/www.iceagetv.com\/radiosite\/wp-json\/wp\/v2\/tags?post=36339"}],"curies":[{"name":"wp","href":"https:\/\/api.w.org\/{rel}","templated":true}]}}