{"id":36346,"date":"2025-07-06T18:04:49","date_gmt":"2025-07-06T16:04:49","guid":{"rendered":"https:\/\/www.iceagetv.com\/radiosite\/?p=36346"},"modified":"2025-07-06T18:04:53","modified_gmt":"2025-07-06T16:04:53","slug":"les-ecrans-desormais-formellement-interdits-dans-les-lieux-daccueil-des-jeunes-enfants-en-raison-des-risques-quils-presentent-pour-le-developpement-des-petits","status":"publish","type":"post","link":"https:\/\/www.iceagetv.com\/radiosite\/les-ecrans-desormais-formellement-interdits-dans-les-lieux-daccueil-des-jeunes-enfants-en-raison-des-risques-quils-presentent-pour-le-developpement-des-petits\/","title":{"rendered":"Les \u00e9crans d\u00e9sormais formellement interdits dans les lieux d&rsquo;accueil des jeunes enfants, en raison des risques qu&rsquo;ils pr\u00e9sentent pour le d\u00e9veloppement des petits"},"content":{"rendered":"\n<p class=\"\">Les \u00e9crans sont d\u00e9sormais formellement interdits dans les lieux d&rsquo;accueil des jeunes enfants, en raison des risques qu&rsquo;ils pr\u00e9sentent pour le d\u00e9veloppement des petits.<\/p>\n\n\n\n<p class=\"\">Cette interdiction figure d\u00e9sormais dans la charte nationale pour l&rsquo;accueil du jeune enfant, qui s&rsquo;adresse \u00e0 tous les professionnels de l&rsquo;accueil du jeune enfant (assistantes maternelles, employ\u00e9s de cr\u00e8ches etc.).<\/p>\n\n\n\n<p class=\"\">\u00ab\u00a0Il est interdit d&rsquo;exposer un enfant de moins de trois ans devant un \u00e9cran (smartphone, tablette, ordinateur, t\u00e9l\u00e9vision) compte tenu des risques pour son d\u00e9veloppement\u00a0\u00bb, pr\u00e9cise dor\u00e9navant la charte.<\/p>\n\n\n\n<p class=\"\">La ministre de la Sant\u00e9 et des Solidarit\u00e9s Catherine Vautrin avait fait part mi-juin de sa volont\u00e9 \u00ab\u00a0d&rsquo;interdire l&rsquo;exposition aux \u00e9crans\u00a0\u00bb des moins de trois ans \u00ab\u00a0partout, y compris \u00e0 la maison\u00a0\u00bb bien que les autorit\u00e9s \u00ab\u00a0ne soient pas chez les gens pour le v\u00e9rifier\u00a0\u00bb. C&rsquo;est une fa\u00e7on \u00ab\u00a0d&rsquo;insuffler l&rsquo;id\u00e9e que \u00e7a ne se fait pas\u00a0\u00bb, avait alors justifi\u00e9 la ministre, faisant un parall\u00e8le avec \u00ab\u00a0l&rsquo;interdiction de la fess\u00e9e\u00a0\u00bb.<\/p>\n\n\n\n<p class=\"\">Fin avril, un rapport publi\u00e9 par des experts de la sant\u00e9 a appel\u00e9 \u00e0 une \u00ab\u00a0prise de conscience collective\u00a0\u00bb face aux effets d\u00e9l\u00e9t\u00e8res des \u00e9crans sur les plus jeunes, chez lesquels l&rsquo;exposition aux tablettes, \u00e0 la t\u00e9l\u00e9vision, aux ordinateurs, aux t\u00e9l\u00e9phones ou aux jeux vid\u00e9o \u00ab\u00a0alt\u00e8rent durablement la sant\u00e9 et les capacit\u00e9s intellectuelles\u00a0\u00bb.<\/p>\n\n\n\n<p class=\"\">Un an plus t\u00f4t, une commission d&rsquo;experts avait remis au pr\u00e9sident de la R\u00e9publique Emmanuel Macron un rapport avec une batterie de pr\u00e9conisations dont celle de ne pas exposer aux \u00e9crans les enfants de moins de trois ans.<\/p>\n","protected":false},"excerpt":{"rendered":"<p>Les \u00e9crans sont d\u00e9sormais formellement interdits dans les lieux d&rsquo;accueil des jeunes enfants, en raison des risques qu&rsquo;ils pr\u00e9sentent pour le d\u00e9veloppement des petits. Cette interdiction figure d\u00e9sormais dans la charte nationale pour l&rsquo;accueil du jeune enfant, qui s&rsquo;adresse \u00e0 tous les professionnels de l&rsquo;accueil du jeune enfant (assistantes maternelles, employ\u00e9s de cr\u00e8ches etc.). \u00ab\u00a0Il [&hellip;]<\/p>\n","protected":false},"author":2,"featured_media":36347,"comment_status":"open","ping_status":"open","sticky":false,"template":"","format":"standard","meta":{"_jetpack_memberships_contains_paid_content":false,"footnotes":"","jetpack_publicize_message":"","jetpack_publicize_feature_enabled":true,"jetpack_social_post_already_shared":true,"jetpack_social_options":{"image_generator_settings":{"template":"highway","default_image_id":0,"enabled":true,"token":"eyJpbWciOiJodHRwczpcL1wvd3d3LmljZWFnZXR2LmNvbVwvcmFkaW9zaXRlXC93cC1jb250ZW50XC91cGxvYWRzXC8yMDI1XC8wN1wvVmhYc3YtRy5qcGciLCJ0eHQiOiJMZXMgXHUwMGU5Y3JhbnMgZFx1MDBlOXNvcm1haXMgZm9ybWVsbGVtZW50IGludGVyZGl0cyBkYW5zIGxlcyBsaWV1eCBkJiM4MjE3O2FjY3VlaWwgZGVzIGpldW5lcyBlbmZhbnRzLCBlbiByYWlzb24gZGVzIHJpc3F1ZXMgcXUmIzgyMTc7aWxzIHByXHUwMGU5c2VudGVudCBwb3VyIGxlIGRcdTAwZTl2ZWxvcHBlbWVudCBkZXMgcGV0aXRzIiwidGVtcGxhdGUiOiJoaWdod2F5IiwiYmxvZ19pZCI6MTExMDE2NDYxfQ.6flTGQEBMglprRF-TcmcZTdp6BYkc-M1Nx91_4W6v_wMQ"},"version":2},"_wpas_customize_per_network":false},"categories":[405],"tags":[],"class_list":["post-36346","post","type-post","status-publish","format-standard","has-post-thumbnail","hentry","category-actu-france-monde"],"jetpack_publicize_connections":[],"jetpack_featured_media_url":"https:\/\/i0.wp.com\/www.iceagetv.com\/radiosite\/wp-content\/uploads\/2025\/07\/VhXsv-G.jpg?fit=679%2C293&ssl=1","jetpack_sharing_enabled":true,"_links":{"self":[{"href":"https:\/\/www.iceagetv.com\/radiosite\/wp-json\/wp\/v2\/posts\/36346","targetHints":{"allow":["GET"]}}],"collection":[{"href":"https:\/\/www.iceagetv.com\/radiosite\/wp-json\/wp\/v2\/posts"}],"about":[{"href":"https:\/\/www.iceagetv.com\/radiosite\/wp-json\/wp\/v2\/types\/post"}],"author":[{"embeddable":true,"href":"https:\/\/www.iceagetv.com\/radiosite\/wp-json\/wp\/v2\/users\/2"}],"replies":[{"embeddable":true,"href":"https:\/\/www.iceagetv.com\/radiosite\/wp-json\/wp\/v2\/comments?post=36346"}],"version-history":[{"count":1,"href":"https:\/\/www.iceagetv.com\/radiosite\/wp-json\/wp\/v2\/posts\/36346\/revisions"}],"predecessor-version":[{"id":36348,"href":"https:\/\/www.iceagetv.com\/radiosite\/wp-json\/wp\/v2\/posts\/36346\/revisions\/36348"}],"wp:featuredmedia":[{"embeddable":true,"href":"https:\/\/www.iceagetv.com\/radiosite\/wp-json\/wp\/v2\/media\/36347"}],"wp:attachment":[{"href":"https:\/\/www.iceagetv.com\/radiosite\/wp-json\/wp\/v2\/media?parent=36346"}],"wp:term":[{"taxonomy":"category","embeddable":true,"href":"https:\/\/www.iceagetv.com\/radiosite\/wp-json\/wp\/v2\/categories?post=36346"},{"taxonomy":"post_tag","embeddable":true,"href":"https:\/\/www.iceagetv.com\/radiosite\/wp-json\/wp\/v2\/tags?post=36346"}],"curies":[{"name":"wp","href":"https:\/\/api.w.org\/{rel}","templated":true}]}}