{"id":36350,"date":"2025-07-06T20:03:25","date_gmt":"2025-07-06T18:03:25","guid":{"rendered":"https:\/\/www.iceagetv.com\/radiosite\/?p=36350"},"modified":"2025-07-06T20:03:29","modified_gmt":"2025-07-06T18:03:29","slug":"incendies-on-vous-explique-pourquoi-les-voyants-sont-au-rouge-sur-le-front-des-feux-de-foret-en-ce-debut-dete","status":"publish","type":"post","link":"https:\/\/www.iceagetv.com\/radiosite\/incendies-on-vous-explique-pourquoi-les-voyants-sont-au-rouge-sur-le-front-des-feux-de-foret-en-ce-debut-dete\/","title":{"rendered":"Incendies : on vous explique pourquoi les voyants sont au rouge sur le front des feux de for\u00eat en ce d\u00e9but d&rsquo;\u00e9t\u00e9"},"content":{"rendered":"\n<p class=\"\">La v\u00e9g\u00e9tation foisonnante apr\u00e8s un printemps humide s&rsquo;est rapidement ass\u00e9ch\u00e9e avec la canicule, faisant craindre une saison critique. D&rsquo;autant que de plus en plus de r\u00e9gions risquent d&rsquo;\u00eatre touch\u00e9es, sous l&rsquo;effet du r\u00e9chauffement climatique.Alerte rouge aux feux de for\u00eat. M\u00e9t\u00e9o-France a plac\u00e9, dimanche 6 juillet, les d\u00e9partements de l&rsquo;Aude, des Bouches-du-Rh\u00f4ne et du Var en situation de risque de feu<em>&nbsp;\u00ab\u00a0tr\u00e8s \u00e9lev\u00e9\u00a0\u00bb<\/em>&nbsp;pour la journ\u00e9e de lundi. Six autres d\u00e9partements du pourtour m\u00e9diterran\u00e9en sont eux class\u00e9s en risque<em>&nbsp;\u00ab\u00a0\u00e9lev\u00e9\u00a0\u00bb&nbsp;<\/em>: les Pyr\u00e9n\u00e9es-Orientales, l&rsquo;H\u00e9rault, le Gard, le Vaucluse et la Corse.&nbsp;<em>\u00ab\u00a0Avec les fortes chaleurs r\u00e9centes, coupl\u00e9es au mistral et \u00e0 la tramontane, le risque de feux est \u00e9lev\u00e9, voire tr\u00e8s \u00e9lev\u00e9 dans le Sud-Est\u00a0\u00bb<\/em>, a averti l&rsquo;institut de pr\u00e9visions dans sa&nbsp;<a href=\"https:\/\/meteo.franceinfo.fr\/risques-incendies-feux-foret-france\" target=\"_blank\" rel=\"noreferrer noopener\">m\u00e9t\u00e9o des for\u00eats(Nouvelle fen\u00eatre)<\/a>.&nbsp;<a href=\"https:\/\/www.franceinfo.fr\/environnement\/evenements-meteorologiques-extremes\/incendies-et-feux-de-foret\/herault-bouches-du-rhone-aude-la-saison-des-incendies-s-est-ouverte-sur-le-pourtour-mediterraneen_7359156.html\">Plus d&rsquo;un millier d&rsquo;hectares au total sont d\u00e9j\u00e0 partis en fum\u00e9e durant le week-end<\/a>&nbsp;dans le sud de la France, mais aussi dans le Cher et le Bas-Rhin. Franceinfo vous explique pourquoi l&rsquo;\u00e9t\u00e9 s&rsquo;annonce \u00e0 haut risque sur le front de la lutte contre les incendies.<\/p>\n\n\n\n<h2 class=\"wp-block-heading\">Parce que le sol s&rsquo;est ass\u00e9ch\u00e9 en juin<\/h2>\n\n\n\n<p class=\"\">Au c\u0153ur du printemps, l&rsquo;\u00e9tat global des nappes phr\u00e9atiques \u00e9tait jug\u00e9\u00a0<em>\u00ab\u00a0satisfaisant\u00a0\u00bb<\/em>, avec des niveaux des remplissages sup\u00e9rieurs ou conformes aux normales dans pr\u00e8s des trois quarts du territoire, selon le\u00a0<a href=\"https:\/\/www.brgm.fr\/fr\/actualite\/communique-presse\/nappes-eau-souterraine-au-1er-mai-2025\" target=\"_blank\" rel=\"noreferrer noopener\">Bureau de recherches g\u00e9ologiques et mini\u00e8res(Nouvelle fen\u00eatre)<\/a>. Mais apr\u00e8s un mois de juin tr\u00e8s sec, la situation est d\u00e9sormais inqui\u00e9tante en surface.\u00a0<em>\u00ab\u00a0Les indices hydriques plongent \u00e0 des niveaux exceptionnellement bas pour un d\u00e9but d&rsquo;\u00e9t\u00e9\u00a0\u00bb<\/em>, a alert\u00e9 l&rsquo;agroclimatologue Serge Zaka sur\u00a0<a href=\"https:\/\/bsky.app\/profile\/sergezaka.bsky.social\/post\/3lsz3jzf4l226\" target=\"_blank\" rel=\"noreferrer noopener\">Bluesky(Nouvelle fen\u00eatre)<\/a>.<em>\u00a0\u00ab\u00a0La s\u00e9cheresse s&rsquo;installe durablement en France\u00a0\u00bb<\/em>, a-t-il ajout\u00e9, images satellites \u00e0 l&rsquo;appui.Parce que la canicule a aggrav\u00e9 la situation<\/p>\n\n\n\n<p class=\"\">Les fortes chaleurs qui ont frapp\u00e9 le pays d\u00e8s le d\u00e9but de l&rsquo;\u00e9t\u00e9 ont aussi favoris\u00e9&nbsp;<em>\u00ab\u00a0un ass\u00e8chement tr\u00e8s rapide des sols superficiels\u00a0\u00bb<\/em>, note Guillaume Trichaud, sp\u00e9cialiste des feux \u00e0 M\u00e9t\u00e9o-France, aupr\u00e8s de&nbsp;<a href=\"https:\/\/www.bfmtv.com\/environnement\/climat\/des-conditions-tres-defavorables-apres-la-canicule-faut-il-craindre-un-ete-difficile-sur-le-front-des-incendies_AN-202507050220.html\" target=\"_blank\" rel=\"noreferrer noopener\">BFMTV(Nouvelle fen\u00eatre)<\/a>. Surtout, la canicule s&rsquo;est abattue sur une v\u00e9g\u00e9tation foisonnante, dop\u00e9e par les pluies de l&rsquo;hiver et du printemps.&nbsp;<em>\u00ab\u00a0Cela risque de donner plus de carburant \u00e0 un incendie\u00a0\u00bb<\/em>, s&rsquo;en \u00e9tait inqui\u00e9t\u00e9e, d\u00e9but juin, la coordinatrice nationale en charge des feux \u00e0 M\u00e9t\u00e9o-France, Catherine Robert, dans&nbsp;<em><a href=\"https:\/\/www.leparisien.fr\/environnement\/feux-de-foret-les-pompiers-deja-sur-le-qui-vive-04-06-2025-4JXEAOFPGZDSPDZWT73JWIME2I.php\" target=\"_blank\" rel=\"noreferrer noopener\">Le Parisien(Nouvelle fen\u00eatre)<\/a><\/em>.<\/p>\n\n\n\n<p class=\"\"><em>\u00ab\u00a0On est bien en avance sur la sensibilit\u00e9<\/em>\u00a0[de la v\u00e9g\u00e9tation]\u00a0<em>aux feux par rapport \u00e0 2023 et 2024&Prime;<\/em>, en particulier\u00a0<em>\u00ab\u00a0autour de la M\u00e9diterran\u00e9e et dans l&rsquo;Ouest\u00a0\u00bb<\/em>, insiste Guillaume Trichaud. A ses yeux, la configuration actuelle\u00a0<em>\u00ab\u00a0ressemble pas mal\u00a0\u00bb<\/em>\u00a0\u00e0 celle de juillet 2022, quand\u00a0<a href=\"https:\/\/www.franceinfo.fr\/faits-divers\/incendies-en-gironde\/avant-apres-incendies-en-gironde-visualisez-l-etendue-des-forets-detruites-grace-a-des-images-satellites_5265316.html\">des dizaines de milliers d&rsquo;hectares avaient notamment br\u00fbl\u00e9 en Gironde<\/a>. La situation pourrait encore se d\u00e9grader au cours du mois, car une\u00a0<a href=\"https:\/\/www.franceinfo.fr\/environnement\/evenements-meteorologiques-extremes\/vagues-de-chaleur-canicules\/les-35-c-seront-atteints-et-depasses-une-nouvelle-vague-de-chaleur-va-s-abattre-sur-l-hexagone-autour-du-week-end-du-14-juillet_7358652.html\">nouvelle vague de chaleur<\/a>\u00a0est attendue autour du week-end du 14-Juillet.\u00a0<a href=\"https:\/\/meteofrance.fr\/actualite\/publications\/les-tendances-climatiques-trois-mois\" target=\"_blank\" rel=\"noreferrer noopener\">M\u00e9t\u00e9o-France(Nouvelle fen\u00eatre)<\/a>\u00a0juge m\u00eame\u00a0<em>\u00ab\u00a0probable\u00a0\u00bb<\/em>\u00a0un sc\u00e9nario\u00a0<em>\u00ab\u00a0plus chaud\u00a0\u00bb<\/em>\u00a0et\u00a0<em>\u00ab\u00a0plus sec\u00a0\u00bb<\/em>\u00a0que la normale pour l&rsquo;ensemble de la p\u00e9riode de juillet, ao\u00fbt et septembre.Parce que le risque s&rsquo;\u00e9tend avec le r\u00e9chauffement climatique<\/p>\n\n\n\n<p class=\"\">Sous l&rsquo;effet du changement climatique, le risque d&rsquo;incendie&nbsp;<em>\u00ab\u00a0concerne des r\u00e9gions peu touch\u00e9es jusqu&rsquo;\u00e0 pr\u00e9sent\u00a0\u00bb&nbsp;<\/em>et&nbsp;<em>\u00ab\u00a0se g\u00e9n\u00e9ralise\u00a0\u00bb<\/em>&nbsp;progressivement&nbsp;<em>\u00ab\u00a0\u00e0 l&rsquo;ensemble du pays\u00a0\u00bb<\/em>, rapporte&nbsp;<a href=\"https:\/\/meteofrance.com\/le-changement-climatique\/quel-climat-futur\/changement-climatique-quel-impact-sur-les-feux-de-foret\" target=\"_blank\" rel=\"noreferrer noopener\">M\u00e9t\u00e9o-France(Nouvelle fen\u00eatre)<\/a>. L&rsquo;ouest et le nord de la France sont ainsi de plus en plus vuln\u00e9rables, ce qui incite les secours \u00e0 se d\u00e9ployer de plus en plus loin.<\/p>\n\n\n\n<p class=\"\"><em>\u00ab\u00a0Pour tenir compte de l&rsquo;extension g\u00e9ographique des incendies et mieux accompagner le dispositif national de lutte\u00a0\u00bb<\/em>, l&rsquo;organisme public a d\u00e9sormais \u00e9tendu son&nbsp;<em>\u00ab\u00a0assistance renforc\u00e9e\u00a0\u00bb<\/em>&nbsp;\u00e0 55&nbsp;d\u00e9partements et a d\u00e9tach\u00e9 des pr\u00e9visionnistes sp\u00e9cialis\u00e9s jusqu&rsquo;\u00e0 Rennes pour couvrir l&rsquo;ouest du pays.<em>&nbsp;\u00ab\u00a0En 2022, les feux de for\u00eat avaient touch\u00e9 90 d\u00e9partements, allant au-del\u00e0 des r\u00e9gions historiques\u00a0\u00bb<\/em>, rappelle Guillaume Trichaud.<\/p>\n\n\n\n<p class=\"\">Autre cons\u00e9quence de la crise climatique&nbsp;:&nbsp;<em>\u00ab\u00a0La saison de risque \u00e9lev\u00e9 \u00e0 mod\u00e9r\u00e9 des feux s&rsquo;allonge, avec un d\u00e9marrage plus pr\u00e9coce et une fin plus tardive en automne\u00a0\u00bb<\/em>, pr\u00e9voit M\u00e9t\u00e9o-France. D&rsquo;ici \u00e0 la fin du si\u00e8cle, dans une France \u00e0 +4\u00b0C, la p\u00e9riode de risque pourrait&nbsp;<em>\u00ab\u00a0durer un \u00e0 deux mois suppl\u00e9mentaire\u00a0\u00bb<\/em>&nbsp;dans certaines r\u00e9gions, selon l&rsquo;\u00e9tablissement public. Le pourtour m\u00e9diterran\u00e9en pourrait alors conna\u00eetre une moyenne de 80 jours de danger tr\u00e8s \u00e9lev\u00e9 par an, contre 40 aujourd&rsquo;hui.<\/p>\n\n\n\n<hr class=\"wp-block-separator has-alpha-channel-opacity\"\/>\n\n\n\n<p class=\"\"><em>Depuis le XIXe si\u00e8cle, la temp\u00e9rature moyenne de la Terre&nbsp;<a href=\"https:\/\/www.francetvinfo.fr\/environnement\/crise-climatique\/climat-fait-il-chaud-ou-froid-pour-la-saison-comparez-la-meteo-du-jour-a-l-historique-des-temperatures-des-dernieres-decennies_6960485.html\" target=\"_blank\" rel=\"noreferrer noopener\">s&rsquo;est r\u00e9chauff\u00e9e de 1,1\u00b0C(Nouvelle fen\u00eatre)<\/a>. Les scientifiques ont \u00e9tabli avec certitude que cette hausse est due aux activit\u00e9s humaines, consommatrices d&rsquo;\u00e9nergies fossiles (charbon, p\u00e9trole et gaz). Ce r\u00e9chauffement, in\u00e9dit par sa rapidit\u00e9, menace l&rsquo;avenir de nos soci\u00e9t\u00e9s et la biodiversit\u00e9.&nbsp;<\/em><em>Mais des solutions \u2013 \u00e9nergies renouvelables, sobri\u00e9t\u00e9, diminution de la consommation de viande \u2013 existent.&nbsp;<a href=\"https:\/\/www.francetvinfo.fr\/environnement\/crise-climatique\/changement-climatique-nos-reponses-a-toutes-les-questions-que-vous-vous-posez.html\" target=\"_blank\" rel=\"noreferrer noopener\">D\u00e9couvrez nos r\u00e9ponses \u00e0 vos questions(Nouvelle fen\u00eatre)<\/a>&nbsp;sur la crise climatique.<\/em><\/p>\n","protected":false},"excerpt":{"rendered":"<p>La v\u00e9g\u00e9tation foisonnante apr\u00e8s un printemps humide s&rsquo;est rapidement ass\u00e9ch\u00e9e avec la canicule, faisant craindre une saison critique. D&rsquo;autant que de plus en plus de r\u00e9gions risquent d&rsquo;\u00eatre touch\u00e9es, sous l&rsquo;effet du r\u00e9chauffement climatique.Alerte rouge aux feux de for\u00eat. M\u00e9t\u00e9o-France a plac\u00e9, dimanche 6 juillet, les d\u00e9partements de l&rsquo;Aude, des Bouches-du-Rh\u00f4ne et du Var en [&hellip;]<\/p>\n","protected":false},"author":2,"featured_media":36351,"comment_status":"open","ping_status":"open","sticky":false,"template":"","format":"standard","meta":{"_jetpack_memberships_contains_paid_content":false,"footnotes":"","jetpack_publicize_message":"","jetpack_publicize_feature_enabled":true,"jetpack_social_post_already_shared":true,"jetpack_social_options":{"image_generator_settings":{"template":"highway","default_image_id":0,"enabled":true,"token":"eyJpbWciOiJodHRwczpcL1wvd3d3LmljZWFnZXR2LmNvbVwvcmFkaW9zaXRlXC93cC1jb250ZW50XC91cGxvYWRzXC8yMDI1XC8wN1wvSW5jZW5kaWVzLmpwZyIsInR4dCI6IkluY2VuZGllcyA6IG9uIHZvdXMgZXhwbGlxdWUgcG91cnF1b2kgbGVzIHZveWFudHMgc29udCBhdSByb3VnZSBzdXIgbGUgZnJvbnQgZGVzIGZldXggZGUgZm9yXHUwMGVhdCBlbiBjZSBkXHUwMGU5YnV0IGQmIzgyMTc7XHUwMGU5dFx1MDBlOSIsInRlbXBsYXRlIjoiaGlnaHdheSIsImJsb2dfaWQiOjExMTAxNjQ2MX0.31X_bwfW4tBJkfX4CAWdKzH83RtgobNSJj3aqWxoEzMMQ"},"version":2},"_wpas_customize_per_network":false},"categories":[14],"tags":[],"class_list":["post-36350","post","type-post","status-publish","format-standard","has-post-thumbnail","hentry","category-actu-meteo"],"jetpack_publicize_connections":[],"jetpack_featured_media_url":"https:\/\/i0.wp.com\/www.iceagetv.com\/radiosite\/wp-content\/uploads\/2025\/07\/Incendies.jpg?fit=805%2C438&ssl=1","jetpack_sharing_enabled":true,"_links":{"self":[{"href":"https:\/\/www.iceagetv.com\/radiosite\/wp-json\/wp\/v2\/posts\/36350","targetHints":{"allow":["GET"]}}],"collection":[{"href":"https:\/\/www.iceagetv.com\/radiosite\/wp-json\/wp\/v2\/posts"}],"about":[{"href":"https:\/\/www.iceagetv.com\/radiosite\/wp-json\/wp\/v2\/types\/post"}],"author":[{"embeddable":true,"href":"https:\/\/www.iceagetv.com\/radiosite\/wp-json\/wp\/v2\/users\/2"}],"replies":[{"embeddable":true,"href":"https:\/\/www.iceagetv.com\/radiosite\/wp-json\/wp\/v2\/comments?post=36350"}],"version-history":[{"count":1,"href":"https:\/\/www.iceagetv.com\/radiosite\/wp-json\/wp\/v2\/posts\/36350\/revisions"}],"predecessor-version":[{"id":36352,"href":"https:\/\/www.iceagetv.com\/radiosite\/wp-json\/wp\/v2\/posts\/36350\/revisions\/36352"}],"wp:featuredmedia":[{"embeddable":true,"href":"https:\/\/www.iceagetv.com\/radiosite\/wp-json\/wp\/v2\/media\/36351"}],"wp:attachment":[{"href":"https:\/\/www.iceagetv.com\/radiosite\/wp-json\/wp\/v2\/media?parent=36350"}],"wp:term":[{"taxonomy":"category","embeddable":true,"href":"https:\/\/www.iceagetv.com\/radiosite\/wp-json\/wp\/v2\/categories?post=36350"},{"taxonomy":"post_tag","embeddable":true,"href":"https:\/\/www.iceagetv.com\/radiosite\/wp-json\/wp\/v2\/tags?post=36350"}],"curies":[{"name":"wp","href":"https:\/\/api.w.org\/{rel}","templated":true}]}}