{"id":36364,"date":"2025-07-07T17:22:03","date_gmt":"2025-07-07T15:22:03","guid":{"rendered":"https:\/\/www.iceagetv.com\/radiosite\/?p=36364"},"modified":"2025-07-07T17:22:07","modified_gmt":"2025-07-07T15:22:07","slug":"olivier-marleix-depute-et-ancien-president-du-groupe-les-republicains-sest-suicide","status":"publish","type":"post","link":"https:\/\/www.iceagetv.com\/radiosite\/olivier-marleix-depute-et-ancien-president-du-groupe-les-republicains-sest-suicide\/","title":{"rendered":"Olivier Marleix, d\u00e9put\u00e9 et ancien pr\u00e9sident du groupe Les R\u00e9publicains, s&rsquo;est suicid\u00e9"},"content":{"rendered":"\n<p class=\"\">L&rsquo;ancien patron des d\u00e9put\u00e9s LR, Olivier Marleix, s&rsquo;est suicid\u00e9, a appris franceinfo lundi 7 juillet de sources parlementaires.<em>&nbsp;\u00ab\u00a0Nous \u00e9tions tr\u00e8s proches et je suis extr\u00eamement triste\u00a0\u00bb<\/em>, a r\u00e9agi aupr\u00e8s de franceinfo l&rsquo;ancien Premier ministre Michel Barnier.&nbsp;<\/p>\n\n\n\n<p class=\"\">Ag\u00e9 de 54 ans, l&rsquo;ancien maire d&rsquo;Anet (Eure-et-Loir) avait \u00e9t\u00e9 conseiller du pr\u00e9sident de la R\u00e9publique Nicolas Sarkozy, avant d&rsquo;\u00eatre \u00e9lu en 2012 dans la 2e circonscription d&rsquo;Eure-et-Loir. Il avait depuis \u00e9t\u00e9 r\u00e9\u00e9lu \u00e0 chaque \u00e9lection dans son fauteuil de d\u00e9put\u00e9 et avait m\u00eame d\u00e9croch\u00e9 la pr\u00e9sidence du groupe entre 2024 et 2024, avant de laisser les manettes \u00e0 Laurent Wauquiez. Il \u00e9tait le fils d&rsquo;Alain Marleix, ancien secr\u00e9taire d&rsquo;Etat sous Nicolas Sarkozy.&nbsp;<\/p>\n\n\n\n<h2 class=\"wp-block-heading\">Il avait affront\u00e9 la division de son groupe pendant la r\u00e9forme des retraites<\/h2>\n\n\n\n<p class=\"\">Lors des derni\u00e8res \u00e9lections l\u00e9gislatives, Olivier Marleix avait b\u00e9n\u00e9fici\u00e9 du retrait de la candidate PS,&nbsp;<a href=\"https:\/\/www.franceinfo.fr\/politique\/parlement-francais\/assemblee-nationale\/temoignages-franceinfo-tendu-eprouvant-terrible-les-presidents-des-groupes-de-l-assemblee-nationale-racontent-un-an-de-majorite-relative_5869100.html\">Nadia Faveris<\/a>, au second tour, lui permettant de l&#8217;emporter face au candidat RN avec 57,25% des suffrages.&nbsp;Celui qui avait soutenu Michel Barnier au congr\u00e8s des R\u00e9publicains pour la pr\u00e9sidentielle de 2022 avait eu \u00e0 affronter la division de ses troupes lors de la r\u00e9forme des retraites de 2023. Pas moins de&nbsp;<a href=\"https:\/\/www2.assemblee-nationale.fr\/scrutins\/detail\/(legislature)\/16\/(num)\/1240\" target=\"_blank\" rel=\"noreferrer noopener\">19 d\u00e9put\u00e9s de droite sur les 61(Nouvelle fen\u00eatre)(Nouvelle fen\u00eatre)<\/a>&nbsp;que comptait le groupe LR \u00e0 l&rsquo;\u00e9poque avaient ainsi vot\u00e9 la motion de censure, apr\u00e8s le 49.3 d\u00e9gain\u00e9 par Elisabeth Borne.<\/p>\n","protected":false},"excerpt":{"rendered":"<p>L&rsquo;ancien patron des d\u00e9put\u00e9s LR, Olivier Marleix, s&rsquo;est suicid\u00e9, a appris franceinfo lundi 7 juillet de sources parlementaires.&nbsp;\u00ab\u00a0Nous \u00e9tions tr\u00e8s proches et je suis extr\u00eamement triste\u00a0\u00bb, a r\u00e9agi aupr\u00e8s de franceinfo l&rsquo;ancien Premier ministre Michel Barnier.&nbsp; Ag\u00e9 de 54 ans, l&rsquo;ancien maire d&rsquo;Anet (Eure-et-Loir) avait \u00e9t\u00e9 conseiller du pr\u00e9sident de la R\u00e9publique Nicolas Sarkozy, avant [&hellip;]<\/p>\n","protected":false},"author":2,"featured_media":36365,"comment_status":"open","ping_status":"open","sticky":false,"template":"","format":"standard","meta":{"_jetpack_memberships_contains_paid_content":false,"footnotes":"","jetpack_publicize_message":"","jetpack_publicize_feature_enabled":true,"jetpack_social_post_already_shared":true,"jetpack_social_options":{"image_generator_settings":{"template":"highway","default_image_id":0,"enabled":true,"token":"eyJpbWciOiJodHRwczpcL1wvd3d3LmljZWFnZXR2LmNvbVwvcmFkaW9zaXRlXC93cC1jb250ZW50XC91cGxvYWRzXC8yMDI1XC8wN1wvT2xpdmllci1NYXJsZWl4LmpwZyIsInR4dCI6Ik9saXZpZXIgTWFybGVpeCwgZFx1MDBlOXB1dFx1MDBlOSBldCBhbmNpZW4gcHJcdTAwZTlzaWRlbnQgZHUgZ3JvdXBlIExlcyBSXHUwMGU5cHVibGljYWlucywgcyYjODIxNztlc3Qgc3VpY2lkXHUwMGU5IiwidGVtcGxhdGUiOiJoaWdod2F5IiwiYmxvZ19pZCI6MTExMDE2NDYxfQ.rn5eDMVQFn-nfK6jTdr0prGzjNQA_lldn4CVR3CpKZkMQ"},"version":2},"_wpas_customize_per_network":false},"categories":[405],"tags":[],"class_list":["post-36364","post","type-post","status-publish","format-standard","has-post-thumbnail","hentry","category-actu-france-monde"],"jetpack_publicize_connections":[],"jetpack_featured_media_url":"https:\/\/i0.wp.com\/www.iceagetv.com\/radiosite\/wp-content\/uploads\/2025\/07\/Olivier-Marleix.jpg?fit=804%2C448&ssl=1","jetpack_sharing_enabled":true,"_links":{"self":[{"href":"https:\/\/www.iceagetv.com\/radiosite\/wp-json\/wp\/v2\/posts\/36364","targetHints":{"allow":["GET"]}}],"collection":[{"href":"https:\/\/www.iceagetv.com\/radiosite\/wp-json\/wp\/v2\/posts"}],"about":[{"href":"https:\/\/www.iceagetv.com\/radiosite\/wp-json\/wp\/v2\/types\/post"}],"author":[{"embeddable":true,"href":"https:\/\/www.iceagetv.com\/radiosite\/wp-json\/wp\/v2\/users\/2"}],"replies":[{"embeddable":true,"href":"https:\/\/www.iceagetv.com\/radiosite\/wp-json\/wp\/v2\/comments?post=36364"}],"version-history":[{"count":1,"href":"https:\/\/www.iceagetv.com\/radiosite\/wp-json\/wp\/v2\/posts\/36364\/revisions"}],"predecessor-version":[{"id":36366,"href":"https:\/\/www.iceagetv.com\/radiosite\/wp-json\/wp\/v2\/posts\/36364\/revisions\/36366"}],"wp:featuredmedia":[{"embeddable":true,"href":"https:\/\/www.iceagetv.com\/radiosite\/wp-json\/wp\/v2\/media\/36365"}],"wp:attachment":[{"href":"https:\/\/www.iceagetv.com\/radiosite\/wp-json\/wp\/v2\/media?parent=36364"}],"wp:term":[{"taxonomy":"category","embeddable":true,"href":"https:\/\/www.iceagetv.com\/radiosite\/wp-json\/wp\/v2\/categories?post=36364"},{"taxonomy":"post_tag","embeddable":true,"href":"https:\/\/www.iceagetv.com\/radiosite\/wp-json\/wp\/v2\/tags?post=36364"}],"curies":[{"name":"wp","href":"https:\/\/api.w.org\/{rel}","templated":true}]}}