{"id":36382,"date":"2025-07-08T16:56:28","date_gmt":"2025-07-08T14:56:28","guid":{"rendered":"https:\/\/www.iceagetv.com\/radiosite\/?p=36382"},"modified":"2025-07-08T16:56:32","modified_gmt":"2025-07-08T14:56:32","slug":"tour-de-france-amiens-rouen-un-individu-arme-dun-couteau-et-menacant-la-course-neutralise-par-la-police-blesse-il-a-ete-pris-en-charge-en-urgence-relative","status":"publish","type":"post","link":"https:\/\/www.iceagetv.com\/radiosite\/tour-de-france-amiens-rouen-un-individu-arme-dun-couteau-et-menacant-la-course-neutralise-par-la-police-blesse-il-a-ete-pris-en-charge-en-urgence-relative\/","title":{"rendered":"Tour de France Amiens &#8211; Rouen : un individu arm\u00e9 d&rsquo;un couteau et mena\u00e7ant la course neutralis\u00e9 par la police &#8211; Bless\u00e9, il a \u00e9t\u00e9 pris en charge en urgence relative"},"content":{"rendered":"\n<p class=\"\">Lors de l&rsquo;\u00e9tape du jour Tour de France, entre Amiens et Rouen, un individu visiblement d\u00e9s\u00e9quilibr\u00e9 arm\u00e9 d&rsquo;un couteau et mena\u00e7ant la course a \u00e9t\u00e9 neutralis\u00e9 par la police, indique&nbsp;<a href=\"https:\/\/x.com\/AmauryBrelet\/status\/1942582023387828564\" target=\"_blank\" rel=\"noreferrer noopener\">Valeurs Actuelles<\/a><\/p>\n\n\n\n<p class=\"\">Et d&rsquo;ajouter que \u00ab\u00a0Bless\u00e9, il a \u00e9t\u00e9 pris en charge en urgence relative.\u00a0\u00bb<\/p>\n\n\n\n<p class=\"\">Un policier a \u00e9t\u00e9 l\u00e9g\u00e8rement bless\u00e9 au cours de l&rsquo;intervention, indique une source polici\u00e8re \u00e0 Valeurs Actuelles<\/p>\n\n\n\n<p class=\"\">Selon le site&nbsp;<a href=\"https:\/\/actu.fr\/normandie\/rouen_76540\/la-police-stoppe-un-homme-arme-d-un-couteau-en-plein-tour-de-france-a-rouen_62883589.html\" target=\"_blank\" rel=\"noreferrer noopener\">76Actu<\/a>, qui confirme l&rsquo;information, \u00ab\u00a0la sc\u00e8ne s\u2019est d\u00e9roul\u00e9e peu avant 15h30, au niveau du rond-point Saint-Hilaire, \u00e0 proximit\u00e9 du Boulingrin, point d\u2019arriv\u00e9e de la quatri\u00e8me \u00e9tape du Tour.\u00a0\u00bb<\/p>\n\n\n\n<p class=\"\">\u00ab J\u2019ai vu la police foncer sur lui quand il a pris la fuite \u00bb, t\u00e9moigne un journaliste de 76 Actu qui a assist\u00e9 \u00e0 la sc\u00e8ne.<\/p>\n\n\n\n<p class=\"\">Et d&rsquo;ajouter: \u00ab Il avait le couteau dans la main et l\u2019a l\u00e2ch\u00e9 quand un policier l\u2019a frapp\u00e9. \u00bb<\/p>\n\n\n\n<p class=\"\">Un autre t\u00e9moin \u00e9voque \u00e0 nos confr\u00e8res une \u00ab interpellation muscl\u00e9e \u00bb d\u2019un homme qui \u00ab a sorti un couteau \u00bb.<\/p>\n","protected":false},"excerpt":{"rendered":"<p>Lors de l&rsquo;\u00e9tape du jour Tour de France, entre Amiens et Rouen, un individu visiblement d\u00e9s\u00e9quilibr\u00e9 arm\u00e9 d&rsquo;un couteau et mena\u00e7ant la course a \u00e9t\u00e9 neutralis\u00e9 par la police, indique&nbsp;Valeurs Actuelles Et d&rsquo;ajouter que \u00ab\u00a0Bless\u00e9, il a \u00e9t\u00e9 pris en charge en urgence relative.\u00a0\u00bb Un policier a \u00e9t\u00e9 l\u00e9g\u00e8rement bless\u00e9 au cours de l&rsquo;intervention, indique [&hellip;]<\/p>\n","protected":false},"author":2,"featured_media":36383,"comment_status":"open","ping_status":"open","sticky":false,"template":"","format":"standard","meta":{"_jetpack_memberships_contains_paid_content":false,"footnotes":"","jetpack_publicize_message":"","jetpack_publicize_feature_enabled":true,"jetpack_social_post_already_shared":true,"jetpack_social_options":{"image_generator_settings":{"template":"highway","default_image_id":0,"enabled":true,"token":"eyJpbWciOiJodHRwczpcL1wvd3d3LmljZWFnZXR2LmNvbVwvcmFkaW9zaXRlXC93cC1jb250ZW50XC91cGxvYWRzXC8yMDI1XC8wN1wvUzByUUFIUHMuanBnIiwidHh0IjoiVG91ciBkZSBGcmFuY2UgQW1pZW5zICYjODIxMTsgUm91ZW4gOiB1biBpbmRpdmlkdSBhcm1cdTAwZTkgZCYjODIxNzt1biBjb3V0ZWF1IGV0IG1lbmFcdTAwZTdhbnQgbGEgY291cnNlIG5ldXRyYWxpc1x1MDBlOSBwYXIgbGEgcG9saWNlICYjODIxMTsgQmxlc3NcdTAwZTksIGlsIGEgXHUwMGU5dFx1MDBlOSBwcmlzIGVuIGNoYXJnZSBlbiB1cmdlbmNlIHJlbGF0aXZlIiwidGVtcGxhdGUiOiJoaWdod2F5IiwiYmxvZ19pZCI6MTExMDE2NDYxfQ.rCbQAGFtgvnJFK3WrIkQjNnUfMk-fpx6y1XMZ9Y9r8YMQ"},"version":2},"_wpas_customize_per_network":false},"categories":[405],"tags":[],"class_list":["post-36382","post","type-post","status-publish","format-standard","has-post-thumbnail","hentry","category-actu-france-monde"],"jetpack_publicize_connections":[],"jetpack_featured_media_url":"https:\/\/i0.wp.com\/www.iceagetv.com\/radiosite\/wp-content\/uploads\/2025\/07\/S0rQAHPs.jpg?fit=679%2C293&ssl=1","jetpack_sharing_enabled":true,"_links":{"self":[{"href":"https:\/\/www.iceagetv.com\/radiosite\/wp-json\/wp\/v2\/posts\/36382","targetHints":{"allow":["GET"]}}],"collection":[{"href":"https:\/\/www.iceagetv.com\/radiosite\/wp-json\/wp\/v2\/posts"}],"about":[{"href":"https:\/\/www.iceagetv.com\/radiosite\/wp-json\/wp\/v2\/types\/post"}],"author":[{"embeddable":true,"href":"https:\/\/www.iceagetv.com\/radiosite\/wp-json\/wp\/v2\/users\/2"}],"replies":[{"embeddable":true,"href":"https:\/\/www.iceagetv.com\/radiosite\/wp-json\/wp\/v2\/comments?post=36382"}],"version-history":[{"count":1,"href":"https:\/\/www.iceagetv.com\/radiosite\/wp-json\/wp\/v2\/posts\/36382\/revisions"}],"predecessor-version":[{"id":36384,"href":"https:\/\/www.iceagetv.com\/radiosite\/wp-json\/wp\/v2\/posts\/36382\/revisions\/36384"}],"wp:featuredmedia":[{"embeddable":true,"href":"https:\/\/www.iceagetv.com\/radiosite\/wp-json\/wp\/v2\/media\/36383"}],"wp:attachment":[{"href":"https:\/\/www.iceagetv.com\/radiosite\/wp-json\/wp\/v2\/media?parent=36382"}],"wp:term":[{"taxonomy":"category","embeddable":true,"href":"https:\/\/www.iceagetv.com\/radiosite\/wp-json\/wp\/v2\/categories?post=36382"},{"taxonomy":"post_tag","embeddable":true,"href":"https:\/\/www.iceagetv.com\/radiosite\/wp-json\/wp\/v2\/tags?post=36382"}],"curies":[{"name":"wp","href":"https:\/\/api.w.org\/{rel}","templated":true}]}}