{"id":3640,"date":"2015-12-26T13:52:08","date_gmt":"2015-12-26T13:52:08","guid":{"rendered":"http:\/\/www.iceagetv.com\/radiosite\/?p=3640"},"modified":"2015-12-26T13:52:08","modified_gmt":"2015-12-26T13:52:08","slug":"laurent-marcangeli-maire-dajaccio-fallait-tres-declencher-evenements","status":"publish","type":"post","link":"https:\/\/www.iceagetv.com\/radiosite\/laurent-marcangeli-maire-dajaccio-fallait-tres-declencher-evenements\/","title":{"rendered":"Laurent Marcangeli, maire d\u2019Ajaccio : \u00ab Il en fallait tr\u00e8s peu pour d\u00e9clencher ces \u00e9v\u00e9nements"},"content":{"rendered":"<p>\n\tLe gouvernement a d&eacute;nonc&eacute; &agrave; la fois l&rsquo;agression de pompiers et de policiers &agrave; Ajaccio et les d&eacute;gradations visant un lieu de culte musulman de la ville. Vendredi, une manifestation a d&eacute;g&eacute;n&eacute;r&eacute; &agrave;&nbsp;Ajaccioquand plusieurs individus qui participaient &agrave; une manifestation de soutien &agrave; des pompiers agress&eacute;s&nbsp;s&rsquo;en sont pris &agrave; une salle de pri&egrave;re musulmane.\n<\/p>\n<p>\n\tLe premier ministre,&nbsp;Manuel Valls, a&nbsp;d&eacute;nonc&eacute;&nbsp;&laquo;&nbsp;l&rsquo;agression intol&eacute;rable de pompiers&nbsp;&raquo;&nbsp;et une&nbsp;&laquo;&nbsp;profanation inacceptable d&rsquo;un lieu de pri&egrave;re musulman&nbsp;&raquo;.&nbsp;Bernard Cazeneuve, le ministre de l&rsquo;int&eacute;rieur, a condamn&eacute; l&rsquo;agression des pompiers et du policier&nbsp;&laquo;&nbsp;avec la plus grande fermet&eacute;&nbsp;&raquo;&nbsp;et a qualifi&eacute; les attaques contre la salle de pri&egrave;re d&rsquo;&laquo;&nbsp;exactions intol&eacute;rables aux relents de racisme et de x&eacute;nophobie&nbsp;&raquo;.\n<\/p>\n<p>\n\tLe pr&eacute;fet de&nbsp;Corse&nbsp;Christophe Mirmand a assur&eacute; que&nbsp;&laquo; tous les moyens &raquo;&nbsp;&eacute;taient mis en oeuvre pour&nbsp;retrouver&nbsp;les auteurs des violences contre les pompiers ajoutant que les&nbsp;&laquo; menaces n&rsquo;&eacute;taient pas acceptables &raquo;. Des cars de CRS ont &eacute;t&eacute; d&eacute;ploy&eacute;s dans le quartier des Jardins de l&rsquo;Empereur. Ailleurs sur l&rsquo;&icirc;le, une surveillance accrue des&nbsp;lieux&nbsp;de culte musulman a &eacute;t&eacute; d&eacute;cid&eacute;e.\n<\/p>\n<p>\n\tInterrog&eacute; samedi matin par France Info,&nbsp;le maire d&rsquo;Ajaccio, Laurent Marcangeli, a confirm&eacute; que&nbsp;&laquo;&nbsp;le calme [&eacute;tait] visiblement revenu&nbsp;&raquo;&nbsp;dans le quartier des Jardins de l&rsquo;Empereur.&nbsp;&laquo;&nbsp;Malheureusement, je ne suis pas surpris par ce qui s&rsquo;est pass&eacute;&nbsp;&raquo;, a-t-il ajout&eacute;.\n<\/p>\n<p>\n\t&laquo;&nbsp;Depuis plusieurs mois, je sentais la tension&nbsp;monter. Il en fallait tr&egrave;s peu pour&nbsp;d&eacute;clencher&nbsp;ces &eacute;v&eacute;nements.&nbsp;&raquo;\n<\/p>\n<p>\n\tSur RTL, il a accus&eacute; des &laquo;&nbsp;voyous&nbsp;&raquo; et des &laquo;&nbsp;individus isol&eacute;s&nbsp;&raquo; :\n<\/p>\n<p>\n\t&laquo;&nbsp;Il s&rsquo;agit certainement d&rsquo;individus isol&eacute;s qui consid&egrave;rent qu&rsquo;il existe un lien entre l&rsquo;incident de la nuit de No&euml;l et la religion musulmane, alors qu&rsquo;il n&rsquo;en est rien. Les voyous qui ont saccag&eacute; le camion de pompiers n&rsquo;avaient pas des revendications de type religieux.\n<\/p>\n<p>\n\tIl y a eu une r&eacute;action de personnes d&eacute;termin&eacute;es &agrave; se&nbsp;faire&nbsp;justice&nbsp;elles-m&ecirc;mes. &Ccedil;a veut&nbsp;dire&nbsp;qu&rsquo;on est dans un syst&egrave;me anarchique, qu&rsquo;en tant qu&rsquo;&eacute;lu r&eacute;publicain je ne peux pas tol&eacute;rer&nbsp;&raquo;.\n<\/p>\n<p>\n\tLe tout r&eacute;cent pr&eacute;sident du conseil ex&eacute;cutif de Corse, Gilles Simeoni &ndash;&nbsp;les nationalistes viennent de remporter le 13&nbsp;d&eacute;cembre les &eacute;lections territoriales sur l&rsquo;&icirc;le&nbsp;&ndash;, a, lui aussi, condamn&eacute; sur BFM&nbsp;TV&nbsp;&laquo;&nbsp;des actes racistes compl&egrave;tement contraires &agrave; la Corse que nous voulons&nbsp;&raquo;, apr&egrave;s&nbsp;avoir&nbsp;affich&eacute; sur&nbsp;Twitter&nbsp;son soutien aux pompiers bless&eacute;s.\n<\/p>\n<p>\n\t&nbsp;<\/p>\n","protected":false},"excerpt":{"rendered":"<p>Le gouvernement a d&eacute;nonc&eacute; &agrave; la fois l&rsquo;agression de pompiers et de policiers &agrave; Ajaccio et les d&eacute;gradations visant un lieu de culte musulman de la ville. Vendredi, une manifestation a d&eacute;g&eacute;n&eacute;r&eacute; &agrave;&nbsp;Ajaccioquand plusieurs individus qui participaient &agrave; une manifestation de soutien &agrave; des pompiers agress&eacute;s&nbsp;s&rsquo;en sont pris &agrave; une salle de pri&egrave;re musulmane. Le [&hellip;]<\/p>\n","protected":false},"author":2,"featured_media":3641,"comment_status":"open","ping_status":"open","sticky":false,"template":"","format":"standard","meta":{"_jetpack_memberships_contains_paid_content":false,"footnotes":"","jetpack_publicize_message":"","jetpack_publicize_feature_enabled":true,"jetpack_social_post_already_shared":false,"jetpack_social_options":{"image_generator_settings":{"template":"highway","default_image_id":0,"font":"","enabled":false},"version":2},"_wpas_customize_per_network":false},"categories":[405],"tags":[830],"class_list":["post-3640","post","type-post","status-publish","format-standard","has-post-thumbnail","hentry","category-actu-france-monde","tag-laurent-marcangeli"],"jetpack_publicize_connections":[],"jetpack_featured_media_url":"https:\/\/i0.wp.com\/www.iceagetv.com\/radiosite\/wp-content\/uploads\/2015\/12\/Laurent-Marcangeli.jpg?fit=534%2C356&ssl=1","jetpack_sharing_enabled":true,"_links":{"self":[{"href":"https:\/\/www.iceagetv.com\/radiosite\/wp-json\/wp\/v2\/posts\/3640","targetHints":{"allow":["GET"]}}],"collection":[{"href":"https:\/\/www.iceagetv.com\/radiosite\/wp-json\/wp\/v2\/posts"}],"about":[{"href":"https:\/\/www.iceagetv.com\/radiosite\/wp-json\/wp\/v2\/types\/post"}],"author":[{"embeddable":true,"href":"https:\/\/www.iceagetv.com\/radiosite\/wp-json\/wp\/v2\/users\/2"}],"replies":[{"embeddable":true,"href":"https:\/\/www.iceagetv.com\/radiosite\/wp-json\/wp\/v2\/comments?post=3640"}],"version-history":[{"count":1,"href":"https:\/\/www.iceagetv.com\/radiosite\/wp-json\/wp\/v2\/posts\/3640\/revisions"}],"predecessor-version":[{"id":3642,"href":"https:\/\/www.iceagetv.com\/radiosite\/wp-json\/wp\/v2\/posts\/3640\/revisions\/3642"}],"wp:featuredmedia":[{"embeddable":true,"href":"https:\/\/www.iceagetv.com\/radiosite\/wp-json\/wp\/v2\/media\/3641"}],"wp:attachment":[{"href":"https:\/\/www.iceagetv.com\/radiosite\/wp-json\/wp\/v2\/media?parent=3640"}],"wp:term":[{"taxonomy":"category","embeddable":true,"href":"https:\/\/www.iceagetv.com\/radiosite\/wp-json\/wp\/v2\/categories?post=3640"},{"taxonomy":"post_tag","embeddable":true,"href":"https:\/\/www.iceagetv.com\/radiosite\/wp-json\/wp\/v2\/tags?post=3640"}],"curies":[{"name":"wp","href":"https:\/\/api.w.org\/{rel}","templated":true}]}}