{"id":36411,"date":"2025-07-09T16:45:50","date_gmt":"2025-07-09T14:45:50","guid":{"rendered":"https:\/\/www.iceagetv.com\/radiosite\/?p=36411"},"modified":"2025-07-09T16:45:55","modified_gmt":"2025-07-09T14:45:55","slug":"incendie-monstre-a-marseille-le-feu-est-fixe-annonce-la-prefecture-dorigine-accidentelle-il-a-ete-cause-par-un-vehicule-qui-sest-enflamme-en-roulant","status":"publish","type":"post","link":"https:\/\/www.iceagetv.com\/radiosite\/incendie-monstre-a-marseille-le-feu-est-fixe-annonce-la-prefecture-dorigine-accidentelle-il-a-ete-cause-par-un-vehicule-qui-sest-enflamme-en-roulant\/","title":{"rendered":"Incendie monstre \u00e0 Marseille &#8211; \u00ab\u00a0Le feu est fix\u00e9\u00a0\u00bb, annonce la pr\u00e9fecture &#8211; D\u2019\u00a0\u00bborigine accidentelle\u00a0\u00bb , il a \u00e9t\u00e9 caus\u00e9 par \u00ab\u00a0un v\u00e9hicule qui s\u2019est enflamm\u00e9 en roulant\u00a0\u00bb"},"content":{"rendered":"\n<p class=\"\">Le violent incendie qui a parcouru 750 hectares depuis mardi entre Les Pennes-Mirabeau et Marseille \u00ab&nbsp;est d\u2019origine accidentelle&nbsp;\u00bb, confirme le parquet d\u2019Aix-en-Provence. Il a \u00e9t\u00e9 caus\u00e9 par \u00ab&nbsp;un v\u00e9hicule qui s\u2019est enflamm\u00e9 en roulant&nbsp;\u00bb.<\/p>\n\n\n\n<p class=\"\">L\u2019automobiliste roulait \u00ab&nbsp;sur l&rsquo;A55, sur la bretelle en direction de l&rsquo;A7, quand il a vu de la fum\u00e9e blanche qui \u00e9manait du capot. Il s\u2019est imm\u00e9diatement arr\u00eat\u00e9 sur la bande d\u2019arr\u00eat d\u2019urgence, est descendu et il a vu des flammes sous le capot. Il s\u2019est mis en s\u00e9curit\u00e9 derri\u00e8re la glissi\u00e8re, a appel\u00e9 imm\u00e9diatement les pompiers et a attendu les secours&nbsp;\u00bb.<\/p>\n\n\n\n<p class=\"\">\u00ab\u00a0La voiture a ensuite enti\u00e8rement pris feu et, avec le vent, le feu s\u2019est propag\u00e9 \u00e0 la v\u00e9g\u00e9tation \u00e0 proximit\u00e9\u00a0\u00bb, a expliqu\u00e9 le procureur.<strong>La pr\u00e9fecture des Bouches-du-Rh\u00f4ne annonce que le feu \u00e0 Marseille est fix\u00e9.<\/strong><\/p>\n","protected":false},"excerpt":{"rendered":"<p>Le violent incendie qui a parcouru 750 hectares depuis mardi entre Les Pennes-Mirabeau et Marseille \u00ab&nbsp;est d\u2019origine accidentelle&nbsp;\u00bb, confirme le parquet d\u2019Aix-en-Provence. Il a \u00e9t\u00e9 caus\u00e9 par \u00ab&nbsp;un v\u00e9hicule qui s\u2019est enflamm\u00e9 en roulant&nbsp;\u00bb. L\u2019automobiliste roulait \u00ab&nbsp;sur l&rsquo;A55, sur la bretelle en direction de l&rsquo;A7, quand il a vu de la fum\u00e9e blanche qui \u00e9manait [&hellip;]<\/p>\n","protected":false},"author":2,"featured_media":36378,"comment_status":"open","ping_status":"open","sticky":false,"template":"","format":"standard","meta":{"_jetpack_memberships_contains_paid_content":false,"footnotes":"","jetpack_publicize_message":"","jetpack_publicize_feature_enabled":true,"jetpack_social_post_already_shared":true,"jetpack_social_options":{"image_generator_settings":{"template":"highway","default_image_id":0,"enabled":true,"token":"eyJpbWciOiJodHRwczpcL1wvd3d3LmljZWFnZXR2LmNvbVwvcmFkaW9zaXRlXC93cC1jb250ZW50XC91cGxvYWRzXC8yMDI1XC8wN1wvYmxiRW0tX1QuanBnIiwidHh0IjoiSW5jZW5kaWUgbW9uc3RyZSBcdTAwZTAgTWFyc2VpbGxlICYjODIxMTsgJiM4MjIwO0xlIGZldSBlc3QgZml4XHUwMGU5JiM4MjIxOywgYW5ub25jZSBsYSBwclx1MDBlOWZlY3R1cmUgJiM4MjExOyBEXHUyMDE5JiM4MjIxO29yaWdpbmUgYWNjaWRlbnRlbGxlJiM4MjIxOyAsIGlsIGEgXHUwMGU5dFx1MDBlOSBjYXVzXHUwMGU5IHBhciAmIzgyMjA7dW4gdlx1MDBlOWhpY3VsZSBxdWkgc1x1MjAxOWVzdCBlbmZsYW1tXHUwMGU5IGVuIHJvdWxhbnQmIzgyMjE7IiwidGVtcGxhdGUiOiJoaWdod2F5IiwiYmxvZ19pZCI6MTExMDE2NDYxfQ.mCTc0VnzE_uH9nmi5h2LtJlgsz16UeP2pOeUovz3yvEMQ"},"version":2},"_wpas_customize_per_network":false},"categories":[405],"tags":[],"class_list":["post-36411","post","type-post","status-publish","format-standard","has-post-thumbnail","hentry","category-actu-france-monde"],"jetpack_publicize_connections":[],"jetpack_featured_media_url":"https:\/\/i0.wp.com\/www.iceagetv.com\/radiosite\/wp-content\/uploads\/2025\/07\/blbEm-_T.jpg?fit=679%2C293&ssl=1","jetpack_sharing_enabled":true,"_links":{"self":[{"href":"https:\/\/www.iceagetv.com\/radiosite\/wp-json\/wp\/v2\/posts\/36411","targetHints":{"allow":["GET"]}}],"collection":[{"href":"https:\/\/www.iceagetv.com\/radiosite\/wp-json\/wp\/v2\/posts"}],"about":[{"href":"https:\/\/www.iceagetv.com\/radiosite\/wp-json\/wp\/v2\/types\/post"}],"author":[{"embeddable":true,"href":"https:\/\/www.iceagetv.com\/radiosite\/wp-json\/wp\/v2\/users\/2"}],"replies":[{"embeddable":true,"href":"https:\/\/www.iceagetv.com\/radiosite\/wp-json\/wp\/v2\/comments?post=36411"}],"version-history":[{"count":1,"href":"https:\/\/www.iceagetv.com\/radiosite\/wp-json\/wp\/v2\/posts\/36411\/revisions"}],"predecessor-version":[{"id":36412,"href":"https:\/\/www.iceagetv.com\/radiosite\/wp-json\/wp\/v2\/posts\/36411\/revisions\/36412"}],"wp:featuredmedia":[{"embeddable":true,"href":"https:\/\/www.iceagetv.com\/radiosite\/wp-json\/wp\/v2\/media\/36378"}],"wp:attachment":[{"href":"https:\/\/www.iceagetv.com\/radiosite\/wp-json\/wp\/v2\/media?parent=36411"}],"wp:term":[{"taxonomy":"category","embeddable":true,"href":"https:\/\/www.iceagetv.com\/radiosite\/wp-json\/wp\/v2\/categories?post=36411"},{"taxonomy":"post_tag","embeddable":true,"href":"https:\/\/www.iceagetv.com\/radiosite\/wp-json\/wp\/v2\/tags?post=36411"}],"curies":[{"name":"wp","href":"https:\/\/api.w.org\/{rel}","templated":true}]}}