{"id":36415,"date":"2025-07-10T08:17:26","date_gmt":"2025-07-10T06:17:26","guid":{"rendered":"https:\/\/www.iceagetv.com\/radiosite\/?p=36415"},"modified":"2025-07-10T08:17:31","modified_gmt":"2025-07-10T06:17:31","slug":"pfas-leau-du-robinet-interdite-a-la-consommation-dans-12-communes-des-ardennes","status":"publish","type":"post","link":"https:\/\/www.iceagetv.com\/radiosite\/pfas-leau-du-robinet-interdite-a-la-consommation-dans-12-communes-des-ardennes\/","title":{"rendered":"PFAS : l&rsquo;eau du robinet interdite \u00e0 la consommation dans 12 communes des Ardennes"},"content":{"rendered":"\n<p class=\"\">L&rsquo;arr\u00eat\u00e9 pr\u00e9fectoral visant \u00e0 interdire la consommation d&rsquo;eau du robinet entre en vigueur, jeudi 10 juillet, dans 12 communes des Ardennes. La m\u00eame mesure s&rsquo;applique \u00e9galement depuis samedi dernier pour quatre communes de la Meuse. Ces restrictions \u2013 pour une dur\u00e9e ind\u00e9termin\u00e9e \u2013 ont \u00e9t\u00e9 prises apr\u00e8s la\u00a0<a href=\"https:\/\/www.franceinfo.fr\/environnement\/pollution\/enquete-dans-les-ardennes-et-dans-la-meuse-record-de-france-de-la-pollution-aux-pfas-dans-l-eau-potable_7355559.html\">publication d&rsquo;analyses r\u00e9v\u00e9lant des taux anormalement \u00e9lev\u00e9s de PFAS<\/a>, couramment appel\u00e9s\u00a0<em>\u00ab\u00a0polluants \u00e9ternels\u00a0\u00bb<\/em>\u00a0du fait de leur persistance dans l&rsquo;environnement.Dans une enqu\u00eate, France 3 et le m\u00e9dia Disclose r\u00e9v\u00e8lent que dans 17 communes \u00e0 cheval entre la Meuse et les Ardennes, les taux d\u00e9tect\u00e9s d\u00e9passent de 3 \u00e0 27 fois la limite l\u00e9gale. Les PFAS peuvent avoir des effets d\u00e9l\u00e9t\u00e8res sur la sant\u00e9 humaine : augmentation du taux de cholest\u00e9rol, cancers, effets sur la fertilit\u00e9 ou le d\u00e9veloppement du f\u0153tus.<\/p>\n\n\n\n<h2 class=\"wp-block-heading\">La commune de Villy, record national de contamination<\/h2>\n\n\n\n<p class=\"\">Tant que l&rsquo;eau courante reste impropre \u00e0 la consommation, les municipalit\u00e9s concern\u00e9es doivent fournir deux litres d&rsquo;eau potable par jour \u00e0 chaque habitant. Pour des raisons logistiques, elles ont opt\u00e9 pour un remboursement des achats de bouteilles d&rsquo;eau. Le co\u00fbt s\u2019\u00e9l\u00e8ve \u00e0 43,20 euros par habitant sur une p\u00e9riode de six mois,&nbsp;<a href=\"https:\/\/www.francebleu.fr\/infos\/environnement\/on-nous-met-tout-sur-le-dos-la-colere-des-maires-des-communes-ou-l-eau-est-contaminee-aux-pfas-dans-les-ardennes-8111808\" target=\"_blank\" rel=\"noreferrer noopener\">rapporte jeudi ICI Champagne-Ardenne (ex-France Bleu)(Nouvelle fen\u00eatre)<\/a>. \u00c0 Villy (Ardennes), village d\u2019environ 200 habitants, la facture approche les 9 000 euros. La commune d\u00e9tient par ailleurs le record national de contamination, avec 2 729 ng\/l de PFAS mesur\u00e9s dans l&rsquo;eau du robinet en f\u00e9vrier dernier, rel\u00e8ve France 3 et Disclose dans leur enqu\u00eate. La limite l\u00e9gale est fix\u00e9e \u00e0 100 nanogrammes par litre (ng\/l).<\/p>\n\n\n\n<p class=\"\">Les communes doivent \u00e9galement engager tous les moyens possibles pour rendre l\u2019eau \u00e0 nouveau conforme aux normes sanitaires.<em>&nbsp;\u00ab\u00a0Cela va repr\u00e9senter forc\u00e9ment plusieurs centaines de milliers d&rsquo;euros\u00a0\u00bb<\/em>, souligne sur ICI Champagne-Ardenne, Fr\u00e9d\u00e9ric Latour, maire de Haraucourt et pr\u00e9sident de la communaut\u00e9 de communes des portes du Luxembourg, o\u00f9 deux sources d&rsquo;eau et quatre communes sont touch\u00e9es.&nbsp;<em>\u00ab\u00a0Il existe plusieurs solutions : l&rsquo;interconnexion sur une autre commune, la filtration par charbon actif, ou encore la dilution. Il faut que l&rsquo;on trouve la solution la plus efficace et la plus p\u00e9renne\u00a0\u00bb,&nbsp;<\/em>explique l&rsquo;\u00e9lu. Selon lui, il faut compter six mois pour la r\u00e9alisation des \u00e9tudes uniquement.<\/p>\n\n\n\n<h2 class=\"wp-block-heading\">\u00ab\u00a0C&rsquo;est plus qu&rsquo;une crise sanitaire, c&rsquo;est un scandale sanitaire\u00a0\u00bb<\/h2>\n\n\n\n<p class=\"\"><em>\u00ab\u00a0C&rsquo;est plus qu&rsquo;une crise sanitaire, c&rsquo;est un scandale sanitaire\u00a0\u00bb,<\/em>&nbsp;s&rsquo;insurge le maire de Villy, Richard Philbiche. Selon les pr\u00e9fectures des Ardennes et de la Meuse,<em>&nbsp;\u00ab\u00a0la pollution pourrait \u00eatre li\u00e9e \u00e0 l&rsquo;\u00e9pandage, sur des parcelles agricoles situ\u00e9es \u00e0 proximit\u00e9 des captages d&rsquo;eau potable, de boues papeti\u00e8res susceptibles de contenir des PFAS\u00a0\u00bb<\/em>&nbsp;bien que&nbsp;<em>\u00ab\u00a0cette origine reste \u00e0 confirmer\u00a0\u00bb<\/em>. La papeterie de Stenay (Meuse) ferm\u00e9e en 2024, est point\u00e9e du doigt.<em>&nbsp;\u00ab\u00a0Il y a eu des manquements dans l&rsquo;\u00e9pandage et les contr\u00f4les. Le cahier des charges n&rsquo;a pas \u00e9t\u00e9 respect\u00e9, il y a eu de l&rsquo;enfouissement et \u00e7a, c&rsquo;est une fraude\u00a0\u00bb<\/em>, pointe Richard Philbiche.<\/p>\n\n\n\n<p class=\"\">Les maires des communes touch\u00e9es demandent \u00e0 l&rsquo;Etat de les aider \u00e0 financer ces mesures sanitaires.&nbsp;<em>\u00ab\u00a0Nous, les petites communes, on n&rsquo;est pas responsable. Tout repose sur les petites communes rurales qui n&rsquo;ont pas des budgets faramineux. L&rsquo;\u00c9tat nous met tout sur le dos\u00a0\u00bb,<\/em>&nbsp;d\u00e9plore Annick Dufils, la maire de Malandry.<\/p>\n\n\n\n<h2 class=\"wp-block-heading\">Un comit\u00e9 de suivi sur les PFAS organis\u00e9 \u00e0 la rentr\u00e9e<\/h2>\n\n\n\n<p class=\"\">Contact\u00e9e par ICI Champagne-Ardenne, la pr\u00e9fecture des Ardennes, rappelle que la distribution de l&rsquo;eau rel\u00e8ve de la comp\u00e9tence des communes et que l&rsquo;\u00c9tat ne subventionne pas cette mesure. La pr\u00e9fecture assure n\u00e9anmoins que l&rsquo;\u00c9tat accompagne les collectivit\u00e9s dans la gestion de cette situation, le pr\u00e9fet organisera un comit\u00e9 de suivi sur les PFAS \u00e0 la rentr\u00e9e.<\/p>\n\n\n\n<p class=\"\">Les 12 communes concern\u00e9es dans les Ardennes sont les suivantes : Villy, Malandry, Blagny, Linay, Haraucourt, Bayonville, Beffu-et-Le-Morthomme, Landres-et-Saint-Georges, Th\u00e9norgues, Im\u00e9court, Verpel et le Hameau de Sivry (Buzancy). Les 4 communes concern\u00e9es dans la Meuse : Juvigny-sur-Loison, Louppy-sur-Loison, Han-l\u00e8s-Juvigny et Remoiville.<\/p>\n","protected":false},"excerpt":{"rendered":"<p>L&rsquo;arr\u00eat\u00e9 pr\u00e9fectoral visant \u00e0 interdire la consommation d&rsquo;eau du robinet entre en vigueur, jeudi 10 juillet, dans 12 communes des Ardennes. La m\u00eame mesure s&rsquo;applique \u00e9galement depuis samedi dernier pour quatre communes de la Meuse. Ces restrictions \u2013 pour une dur\u00e9e ind\u00e9termin\u00e9e \u2013 ont \u00e9t\u00e9 prises apr\u00e8s la\u00a0publication d&rsquo;analyses r\u00e9v\u00e9lant des taux anormalement \u00e9lev\u00e9s de [&hellip;]<\/p>\n","protected":false},"author":2,"featured_media":36417,"comment_status":"open","ping_status":"open","sticky":false,"template":"","format":"standard","meta":{"_jetpack_memberships_contains_paid_content":false,"footnotes":"","jetpack_publicize_message":"","jetpack_publicize_feature_enabled":true,"jetpack_social_post_already_shared":true,"jetpack_social_options":{"image_generator_settings":{"template":"highway","default_image_id":0,"enabled":true,"token":"eyJpbWciOiJodHRwczpcL1wvd3d3LmljZWFnZXR2LmNvbVwvcmFkaW9zaXRlXC93cC1jb250ZW50XC91cGxvYWRzXC8yMDI1XC8wN1wvbGVhdS1kdS1yb2JpbmV0LWludGVyZGl0ZS1hLWxhLWNvbnNvbW1hdGlvbi1kYW5zLTEyLWNvbW11bmVzLWRlcy1BcmRlbm5lcy5qcGciLCJ0eHQiOiJQRkFTIDogbCYjODIxNztlYXUgZHUgcm9iaW5ldCBpbnRlcmRpdGUgXHUwMGUwIGxhIGNvbnNvbW1hdGlvbiBkYW5zIDEyIGNvbW11bmVzIGRlcyBBcmRlbm5lcyIsInRlbXBsYXRlIjoiaGlnaHdheSIsImJsb2dfaWQiOjExMTAxNjQ2MX0.jW-59bNfBAQzcDhgQej-k3lP9VzWPeSYuRUQQbqjvJUMQ"},"version":2},"_wpas_customize_per_network":false},"categories":[405],"tags":[],"class_list":["post-36415","post","type-post","status-publish","format-standard","has-post-thumbnail","hentry","category-actu-france-monde"],"jetpack_publicize_connections":[],"jetpack_featured_media_url":"https:\/\/i0.wp.com\/www.iceagetv.com\/radiosite\/wp-content\/uploads\/2025\/07\/leau-du-robinet-interdite-a-la-consommation-dans-12-communes-des-Ardennes.jpg?fit=806%2C463&ssl=1","jetpack_sharing_enabled":true,"_links":{"self":[{"href":"https:\/\/www.iceagetv.com\/radiosite\/wp-json\/wp\/v2\/posts\/36415","targetHints":{"allow":["GET"]}}],"collection":[{"href":"https:\/\/www.iceagetv.com\/radiosite\/wp-json\/wp\/v2\/posts"}],"about":[{"href":"https:\/\/www.iceagetv.com\/radiosite\/wp-json\/wp\/v2\/types\/post"}],"author":[{"embeddable":true,"href":"https:\/\/www.iceagetv.com\/radiosite\/wp-json\/wp\/v2\/users\/2"}],"replies":[{"embeddable":true,"href":"https:\/\/www.iceagetv.com\/radiosite\/wp-json\/wp\/v2\/comments?post=36415"}],"version-history":[{"count":1,"href":"https:\/\/www.iceagetv.com\/radiosite\/wp-json\/wp\/v2\/posts\/36415\/revisions"}],"predecessor-version":[{"id":36418,"href":"https:\/\/www.iceagetv.com\/radiosite\/wp-json\/wp\/v2\/posts\/36415\/revisions\/36418"}],"wp:featuredmedia":[{"embeddable":true,"href":"https:\/\/www.iceagetv.com\/radiosite\/wp-json\/wp\/v2\/media\/36417"}],"wp:attachment":[{"href":"https:\/\/www.iceagetv.com\/radiosite\/wp-json\/wp\/v2\/media?parent=36415"}],"wp:term":[{"taxonomy":"category","embeddable":true,"href":"https:\/\/www.iceagetv.com\/radiosite\/wp-json\/wp\/v2\/categories?post=36415"},{"taxonomy":"post_tag","embeddable":true,"href":"https:\/\/www.iceagetv.com\/radiosite\/wp-json\/wp\/v2\/tags?post=36415"}],"curies":[{"name":"wp","href":"https:\/\/api.w.org\/{rel}","templated":true}]}}