{"id":36437,"date":"2025-07-10T15:16:10","date_gmt":"2025-07-10T13:16:10","guid":{"rendered":"https:\/\/www.iceagetv.com\/radiosite\/?p=36437"},"modified":"2025-07-10T15:16:14","modified_gmt":"2025-07-10T13:16:14","slug":"defaut-de-securite-deux-hommes-ont-saute-en-parachute-du-haut-de-la-tour-eiffel-a-laube-sans-avoir-ete-reperes-par-les-services-de-surveillance","status":"publish","type":"post","link":"https:\/\/www.iceagetv.com\/radiosite\/defaut-de-securite-deux-hommes-ont-saute-en-parachute-du-haut-de-la-tour-eiffel-a-laube-sans-avoir-ete-reperes-par-les-services-de-surveillance\/","title":{"rendered":"D\u00e9faut de s\u00e9curit\u00e9: Deux hommes ont saut\u00e9 en parachute du haut de la Tour Eiffel \u00e0 l&rsquo;aube sans avoir \u00e9t\u00e9 rep\u00e9r\u00e9s par les services de surveillance"},"content":{"rendered":"\n<p class=\"\">Deux hommes ont \u00e9t\u00e9 interpell\u00e9s et plac\u00e9s en garde \u00e0 vue ce matin apr\u00e8s avoir saut\u00e9 en parachute du haut des 330 m\u00e8tres de la tour Eiffel, \u00e0 Paris, a appris l\u2019Agence France-Presse (AFP) de source polici\u00e8re.<\/p>\n\n\n\n<p class=\"\">Aux alentours de 4 h 30, des agents de s\u00e9curit\u00e9 ont vu deux personnes escalader le c\u00e9l\u00e8bre monument, portant parachutes et cagoules. Ils ont alors contact\u00e9 les forces de l\u2019ordre, ainsi que les pompiers.<\/p>\n\n\n\n<p class=\"\">Les policiers et les secours ont voulu prendre contact avec les deux grimpeurs, qui leur ont r\u00e9pondu vouloir sauter, ce qu\u2019ils ont fait vers 6 h du matin, d\u00e9taille la source polici\u00e8re.<\/p>\n\n\n\n<p class=\"\">Une fois les pieds sur terre, les deux parachutistes ont \u00e9t\u00e9 interpell\u00e9s, l\u2019un vers le pont d\u2019I\u00e9na, l\u2019autre sur le Champs-de-Mars en face de la tour Eiffel.<\/p>\n\n\n\n<p class=\"\">Les policiers ont \u00e9galement interpell\u00e9 un troisi\u00e8me homme qui n\u2019\u00e9tait pas mont\u00e9 dans le monument mais avait \u00e9t\u00e9 rep\u00e9r\u00e9 \u00e0 ses abords par les agents de s\u00e9curit\u00e9. Le directeur d\u2019exploitation du monument va porter plainte, pr\u00e9cise la source polici\u00e8re \u00e0 l\u2019AFP.<\/p>\n","protected":false},"excerpt":{"rendered":"<p>Deux hommes ont \u00e9t\u00e9 interpell\u00e9s et plac\u00e9s en garde \u00e0 vue ce matin apr\u00e8s avoir saut\u00e9 en parachute du haut des 330 m\u00e8tres de la tour Eiffel, \u00e0 Paris, a appris l\u2019Agence France-Presse (AFP) de source polici\u00e8re. Aux alentours de 4 h 30, des agents de s\u00e9curit\u00e9 ont vu deux personnes escalader le c\u00e9l\u00e8bre monument, [&hellip;]<\/p>\n","protected":false},"author":2,"featured_media":36438,"comment_status":"open","ping_status":"open","sticky":false,"template":"","format":"standard","meta":{"_jetpack_memberships_contains_paid_content":false,"footnotes":"","jetpack_publicize_message":"","jetpack_publicize_feature_enabled":true,"jetpack_social_post_already_shared":true,"jetpack_social_options":{"image_generator_settings":{"template":"highway","default_image_id":0,"enabled":true,"token":"eyJpbWciOiJodHRwczpcL1wvd3d3LmljZWFnZXR2LmNvbVwvcmFkaW9zaXRlXC93cC1jb250ZW50XC91cGxvYWRzXC8yMDI1XC8wN1wvRUJpT0I5bU4uanBnIiwidHh0IjoiRFx1MDBlOWZhdXQgZGUgc1x1MDBlOWN1cml0XHUwMGU5OiBEZXV4IGhvbW1lcyBvbnQgc2F1dFx1MDBlOSBlbiBwYXJhY2h1dGUgZHUgaGF1dCBkZSBsYSBUb3VyIEVpZmZlbCBcdTAwZTAgbCYjODIxNzthdWJlIHNhbnMgYXZvaXIgXHUwMGU5dFx1MDBlOSByZXBcdTAwZTlyXHUwMGU5cyBwYXIgbGVzIHNlcnZpY2VzIGRlIHN1cnZlaWxsYW5jZSIsInRlbXBsYXRlIjoiaGlnaHdheSIsImJsb2dfaWQiOjExMTAxNjQ2MX0.kvlRzd8zLaghhPVIR8r7eM43ZUn92ON-MKbLfwD9jKIMQ"},"version":2},"_wpas_customize_per_network":false},"categories":[405],"tags":[],"class_list":["post-36437","post","type-post","status-publish","format-standard","has-post-thumbnail","hentry","category-actu-france-monde"],"jetpack_publicize_connections":[],"jetpack_featured_media_url":"https:\/\/i0.wp.com\/www.iceagetv.com\/radiosite\/wp-content\/uploads\/2025\/07\/EBiOB9mN.jpg?fit=679%2C293&ssl=1","jetpack_sharing_enabled":true,"_links":{"self":[{"href":"https:\/\/www.iceagetv.com\/radiosite\/wp-json\/wp\/v2\/posts\/36437","targetHints":{"allow":["GET"]}}],"collection":[{"href":"https:\/\/www.iceagetv.com\/radiosite\/wp-json\/wp\/v2\/posts"}],"about":[{"href":"https:\/\/www.iceagetv.com\/radiosite\/wp-json\/wp\/v2\/types\/post"}],"author":[{"embeddable":true,"href":"https:\/\/www.iceagetv.com\/radiosite\/wp-json\/wp\/v2\/users\/2"}],"replies":[{"embeddable":true,"href":"https:\/\/www.iceagetv.com\/radiosite\/wp-json\/wp\/v2\/comments?post=36437"}],"version-history":[{"count":1,"href":"https:\/\/www.iceagetv.com\/radiosite\/wp-json\/wp\/v2\/posts\/36437\/revisions"}],"predecessor-version":[{"id":36439,"href":"https:\/\/www.iceagetv.com\/radiosite\/wp-json\/wp\/v2\/posts\/36437\/revisions\/36439"}],"wp:featuredmedia":[{"embeddable":true,"href":"https:\/\/www.iceagetv.com\/radiosite\/wp-json\/wp\/v2\/media\/36438"}],"wp:attachment":[{"href":"https:\/\/www.iceagetv.com\/radiosite\/wp-json\/wp\/v2\/media?parent=36437"}],"wp:term":[{"taxonomy":"category","embeddable":true,"href":"https:\/\/www.iceagetv.com\/radiosite\/wp-json\/wp\/v2\/categories?post=36437"},{"taxonomy":"post_tag","embeddable":true,"href":"https:\/\/www.iceagetv.com\/radiosite\/wp-json\/wp\/v2\/tags?post=36437"}],"curies":[{"name":"wp","href":"https:\/\/api.w.org\/{rel}","templated":true}]}}