{"id":36441,"date":"2025-07-10T20:48:54","date_gmt":"2025-07-10T18:48:54","guid":{"rendered":"https:\/\/www.iceagetv.com\/radiosite\/?p=36441"},"modified":"2025-07-10T20:48:59","modified_gmt":"2025-07-10T18:48:59","slug":"iran-teheran-confirme-linterpellation-de-lennart-monterlos-le-jeune-cycliste-franco-allemand-disparu-depuis-le-16-juin-il-a-ete-arrete-pour-avoir-commis-un-delit","status":"publish","type":"post","link":"https:\/\/www.iceagetv.com\/radiosite\/iran-teheran-confirme-linterpellation-de-lennart-monterlos-le-jeune-cycliste-franco-allemand-disparu-depuis-le-16-juin-il-a-ete-arrete-pour-avoir-commis-un-delit\/","title":{"rendered":"\u00a0Iran : T\u00e9h\u00e9ran confirme l&rsquo;interpellation de Lennart Monterlos, le jeune cycliste franco-allemand, disparu depuis le 16 juin: \u00ab\u00a0Il a \u00e9t\u00e9 arr\u00eat\u00e9 pour avoir commis un d\u00e9lit\u00a0\u00bb"},"content":{"rendered":"\n<p class=\"\">T\u00e9h\u00e9ran reconna\u00eet avoir arr\u00eat\u00e9 Lennart Monterlos, jeune cycliste franco-allemand.<\/p>\n\n\n\n<p class=\"\">Dans un entretien au&nbsp;<a href=\"https:\/\/www.lemonde.fr\/international\/article\/2025\/07\/10\/abbas-araghtchi-ministre-iranien-des-affaires-etrangeres-il-faut-garantir-qu-a-l-avenir-en-pleine-negociation-les-etats-unis-ne-meneront-pas-d-attaque-militaire_6620528_3210.html\" target=\"_blank\" rel=\"noreferrer noopener\">Monde<\/a>, Abbas Araghtchi, ministre des affaires \u00e9trang\u00e8res iranien, reconna\u00eet l\u2019arrestation par le r\u00e9gime du jeune cycliste franco-allemand Lennart Monterlos, disparu depuis le 16 juin.<\/p>\n\n\n\n<p class=\"\">\u00ab\u00a0Il a \u00e9t\u00e9 arr\u00eat\u00e9 pour avoir commis un d\u00e9lit, et une notification officielle concernant sa situation a \u00e9t\u00e9 transmise \u00e0 l\u2019ambassade de France\u00a0\u00bb, explique-t-il .<\/p>\n\n\n\n<p class=\"\">\u00ab\u00a0Nous sommes en contact avec les autorit\u00e9s iraniennes au sujet de la situation de notre ressortissant\u00a0\u00bb, a r\u00e9agi le Quai d\u2019Orsay dans la foul\u00e9e.&nbsp;<\/p>\n\n\n\n<p class=\"\">\u00ab\u00a0Nous sommes \u00e9galement en lien avec la famille. Nous ne faisons pas d\u2019autres commentaires s\u2019agissant d\u2019une affaire qui met en jeu la s\u00e9curit\u00e9 d\u2019un de nos ressortissants. Nous r\u00e9it\u00e9rons notre appel \u00e0 tous les ressortissants fran\u00e7ais \u00e0 ne pas se rendre en Iran.\u00a0\u00bb<\/p>\n\n\n\n<p class=\"\">Rappelons que Lennart Monterlos, un jeune Bisontin de 18 ans, est port\u00e9 disparu en Iran depuis le 16 juin alors qu\u2019il traversait le pays \u00e0 v\u00e9lo. Une disparition qui avait \u00e9t\u00e9 jug\u00e9e \u00ab inqui\u00e9tante \u00bb par le Quai d\u2019Orsay.<\/p>\n\n\n\n<p class=\"\">Lennart Monterlos, qui se d\u00e9crit comme un \u00ab v\u00e9lo r\u00eaveur \u00bb, avait obtenu son bac franco-allemand \u00e0 Besan\u00e7on. Il \u00e9tait ensuite parti pour une ann\u00e9e de c\u00e9sure, avant d\u2019entamer ses \u00e9tudes sup\u00e9rieures. Ce passionn\u00e9 de voyage et de sport s\u2019\u00e9tait fix\u00e9 de rallier Tokyo \u00e0 v\u00e9lo. \u00ab 400 jours, 35.000 km \u00bb \u00e0 travers 35 pays. Il avait effectu\u00e9 entre juin et d\u00e9cembre, la premi\u00e8re partie de son escapade \u00e0 travers l\u2019Europe jusqu\u2019en Iran avant de d\u00e9cider de faire une pause et rentrer chez lui pour f\u00eater No\u00ebl.<\/p>\n\n\n\n<p class=\"\">Apr\u00e8s plusieurs mois en France, il reprend son voyage le 24 mai \u00e0 Varzaneh, au centre de l\u2019Iran. Dans les vid\u00e9os post\u00e9es jusqu\u2019\u00e0 sa disparition, il relatait de belles rencontres, bien loin du climat g\u00e9opolitique particuli\u00e8rement instable.<\/p>\n\n\n\n<p class=\"\">Dans une publication le 12 juin, Lennart Monterlos se trouvait en Iran, o\u00f9 il vivait \u00ab une tr\u00e8s belle exp\u00e9rience jusque-l\u00e0 \u00bb.<\/p>\n\n\n\n<p class=\"\">\u00ab L\u2019Iran, un des pays les plus importants au Moyen-Orient, est sur mon trajet France Japon \u00e0 v\u00e9lo. C\u2019est \u00e9galement un pays tr\u00e8s controvers\u00e9 et qui a fait l\u2019objet de vis d\u00e9bats avec mon entourage avant le d\u00e9part comme un pays dangereux \u00bb, \u00e9crit-il.<\/p>\n\n\n\n<p class=\"\">\u00ab On me disait que le risque \u00e9tait trop grand. Je vous laisse juger par vous-m\u00eame. Tout en gardant en t\u00eate que ce n\u2019est pas la C\u00f4te d\u2019Azur et qu\u2019il faut prendre certaines pr\u00e9cautions \u00e9videmment, mais pour moi cela a \u00e9t\u00e9 une tr\u00e8s belle exp\u00e9rience jusque-l\u00e0 \u00bb, poursuit-il, avant d\u2019\u00e9voquer l\u2019architecture, l\u2019histoire mill\u00e9naire du pays et ses paysages. \u00ab Surtout, \u00e9coute les m\u00e9dias et ne commets pas l\u2019erreur d\u2019aller en Iran \u00bb, ironise-t-il.<\/p>\n\n\n\n<p class=\"\">Dans sa derni\u00e8re publication, le 15 juin, la veille de sa disparition, Lennart Monterlos se trouve devant un paysage d\u00e9sertique. \u00ab Aventure et m\u00e9saventure dans le d\u00e9sert en Iran. Surtout pensez a bien vous hydrater ! \u00bb, \u00e9crit-il en l\u00e9gende.<\/p>\n\n\n\n<p class=\"\">\u00ab Aujourd\u2019hui je quitte le confort pour une aventure folle dans le d\u00e9sert et la chaleur pour d\u00e9couvrir les dunes pr\u00e8s de&nbsp;Varzaneh, ville que j\u2019ai quitt\u00e9e ce matin avec des litres et des litres d\u2019eau pour m\u2019aventurer dans le sable, \u00e0 travers les serpents et les dromadaires \u00bb, raconte-t-il dans cette vid\u00e9o.<\/p>\n\n\n\n<p class=\"\">Le village&nbsp; se trouve au milieu de l\u2019Iran, \u00e0 85 km de la ville d\u2019Ispahan o\u00f9 se trouvent des installations nucl\u00e9aires iraniennes. L\u2019arm\u00e9e isra\u00e9lienne avait indiqu\u00e9 le vendredi 13 juin avoir bombard\u00e9 ces sites strat\u00e9giques, soup\u00e7onn\u00e9s d\u2019abriter les r\u00e9serves d\u2019uranium enrichi. De nouvelles frappes avaient \u00e9t\u00e9 men\u00e9es les 20 et 21 juin dans la r\u00e9gion puis encore le 22 juin, cette fois par l\u2019aviation am\u00e9ricaine.<\/p>\n","protected":false},"excerpt":{"rendered":"<p>T\u00e9h\u00e9ran reconna\u00eet avoir arr\u00eat\u00e9 Lennart Monterlos, jeune cycliste franco-allemand. Dans un entretien au&nbsp;Monde, Abbas Araghtchi, ministre des affaires \u00e9trang\u00e8res iranien, reconna\u00eet l\u2019arrestation par le r\u00e9gime du jeune cycliste franco-allemand Lennart Monterlos, disparu depuis le 16 juin. \u00ab\u00a0Il a \u00e9t\u00e9 arr\u00eat\u00e9 pour avoir commis un d\u00e9lit, et une notification officielle concernant sa situation a \u00e9t\u00e9 transmise [&hellip;]<\/p>\n","protected":false},"author":2,"featured_media":36443,"comment_status":"open","ping_status":"open","sticky":false,"template":"","format":"standard","meta":{"_jetpack_memberships_contains_paid_content":false,"footnotes":"","jetpack_publicize_message":"","jetpack_publicize_feature_enabled":true,"jetpack_social_post_already_shared":true,"jetpack_social_options":{"image_generator_settings":{"template":"highway","default_image_id":0,"enabled":true,"token":"eyJpbWciOiJodHRwczpcL1wvd3d3LmljZWFnZXR2LmNvbVwvcmFkaW9zaXRlXC93cC1jb250ZW50XC91cGxvYWRzXC8yMDI1XC8wN1wvVXVnQkRzdG4uanBnIiwidHh0IjoiXHUwMGEwSXJhbiA6IFRcdTAwZTloXHUwMGU5cmFuIGNvbmZpcm1lIGwmIzgyMTc7aW50ZXJwZWxsYXRpb24gZGUgTGVubmFydCBNb250ZXJsb3MsIGxlIGpldW5lIGN5Y2xpc3RlIGZyYW5jby1hbGxlbWFuZCwgZGlzcGFydSBkZXB1aXMgbGUgMTYganVpbjogJiM4MjIwO0lsIGEgXHUwMGU5dFx1MDBlOSBhcnJcdTAwZWF0XHUwMGU5IHBvdXIgYXZvaXIgY29tbWlzIHVuIGRcdTAwZTlsaXQmIzgyMjE7IiwidGVtcGxhdGUiOiJoaWdod2F5IiwiYmxvZ19pZCI6MTExMDE2NDYxfQ.03OyJRpclNV2O0UeU3a_9Qj1UpSCX2yyPmTeoOFd8a4MQ"},"version":2},"_wpas_customize_per_network":false},"categories":[405],"tags":[],"class_list":["post-36441","post","type-post","status-publish","format-standard","has-post-thumbnail","hentry","category-actu-france-monde"],"jetpack_publicize_connections":[],"jetpack_featured_media_url":"https:\/\/i0.wp.com\/www.iceagetv.com\/radiosite\/wp-content\/uploads\/2025\/07\/UugBDstn.jpg?fit=679%2C293&ssl=1","jetpack_sharing_enabled":true,"_links":{"self":[{"href":"https:\/\/www.iceagetv.com\/radiosite\/wp-json\/wp\/v2\/posts\/36441","targetHints":{"allow":["GET"]}}],"collection":[{"href":"https:\/\/www.iceagetv.com\/radiosite\/wp-json\/wp\/v2\/posts"}],"about":[{"href":"https:\/\/www.iceagetv.com\/radiosite\/wp-json\/wp\/v2\/types\/post"}],"author":[{"embeddable":true,"href":"https:\/\/www.iceagetv.com\/radiosite\/wp-json\/wp\/v2\/users\/2"}],"replies":[{"embeddable":true,"href":"https:\/\/www.iceagetv.com\/radiosite\/wp-json\/wp\/v2\/comments?post=36441"}],"version-history":[{"count":1,"href":"https:\/\/www.iceagetv.com\/radiosite\/wp-json\/wp\/v2\/posts\/36441\/revisions"}],"predecessor-version":[{"id":36444,"href":"https:\/\/www.iceagetv.com\/radiosite\/wp-json\/wp\/v2\/posts\/36441\/revisions\/36444"}],"wp:featuredmedia":[{"embeddable":true,"href":"https:\/\/www.iceagetv.com\/radiosite\/wp-json\/wp\/v2\/media\/36443"}],"wp:attachment":[{"href":"https:\/\/www.iceagetv.com\/radiosite\/wp-json\/wp\/v2\/media?parent=36441"}],"wp:term":[{"taxonomy":"category","embeddable":true,"href":"https:\/\/www.iceagetv.com\/radiosite\/wp-json\/wp\/v2\/categories?post=36441"},{"taxonomy":"post_tag","embeddable":true,"href":"https:\/\/www.iceagetv.com\/radiosite\/wp-json\/wp\/v2\/tags?post=36441"}],"curies":[{"name":"wp","href":"https:\/\/api.w.org\/{rel}","templated":true}]}}