{"id":36461,"date":"2025-07-11T17:11:59","date_gmt":"2025-07-11T15:11:59","guid":{"rendered":"https:\/\/www.iceagetv.com\/radiosite\/?p=36461"},"modified":"2025-07-11T17:12:03","modified_gmt":"2025-07-11T15:12:03","slug":"clermont-ferrand-deux-militaires-du-92e-regiment-dinfanterie-ont-ete-grievement-blesses-au-couteau-lun-dentre-eux-est-entre-la-vie-et-la-mort","status":"publish","type":"post","link":"https:\/\/www.iceagetv.com\/radiosite\/clermont-ferrand-deux-militaires-du-92e-regiment-dinfanterie-ont-ete-grievement-blesses-au-couteau-lun-dentre-eux-est-entre-la-vie-et-la-mort\/","title":{"rendered":"Clermont-Ferrand: Deux militaires du 92\u00e8 R\u00e9giment d&rsquo;Infanterie ont \u00e9t\u00e9 gri\u00e8vement bless\u00e9s au couteau &#8211; L&rsquo;un d&rsquo;entre eux est entre la vie et la mort"},"content":{"rendered":"\n<p class=\"\">Deux militaires du 92\u00e8 R\u00e9giment d&rsquo;Infanterie ont \u00e9t\u00e9 bless\u00e9s, dont un gri\u00e8vement avec un pronostic vital engag\u00e9, lors d&rsquo;une agression au couteau.&nbsp;L&rsquo;un est bless\u00e9 dans le dos, le second est touch\u00e9 au ventre.&nbsp;Selon&nbsp;<a href=\"https:\/\/france3-regions.franceinfo.fr\/auvergne-rhone-alpes\/puy-de-dome\/clermont-ferrand\/deux-militaires-blesses-dont-un-grievement-apres-une-agression-au-couteau-a-clermont-ferrand-3186636.html\" target=\"_blank\" rel=\"noreferrer noopener\">France 3,<\/a>&nbsp;les faits se sont produits la nuit derni\u00e8re&nbsp; dans le centre-ville de Clermont-Ferrand.<\/p>\n\n\n\n<p class=\"\">Un suspect a \u00e9t\u00e9 interpell\u00e9 et plac\u00e9 en garde \u00e0 vue.<\/p>\n\n\n\n<p class=\"\">Le parquet de Clermont-Ferrand confirme l&rsquo;agression aupr\u00e8s de nos confr\u00e8res : \u201cIl y a bien eu des violences avec un couteau cette nuit dans le centre-ville de Clermont-Ferrand.\u00a0\u00bb<\/p>\n\n\n\n<p class=\"\">Et de pr\u00e9ciser: \u00ab\u00a0On d\u00e9plore deux victimes. Il s\u2019agit de deux militaires du 92e R\u00e9giment d\u2019Infanterie. L&rsquo;un des deux pr\u00e9sente des blessures graves\u201d.<\/p>\n\n\n\n<p class=\"\">Avant d&rsquo;indiquer:&nbsp;\u201cOn a actuellement une personne en garde \u00e0 vue\u201d.<\/p>\n\n\n\n<p class=\"\">De son c\u00f4t\u00e9,&nbsp;<a href=\"https:\/\/www.cnews.fr\/france\/2025-07-11\/clermont-ferrand-deux-militaires-blesses-dont-un-grievement-lors-dune-agression\" target=\"_blank\" rel=\"noreferrer noopener\">CNews<\/a>&nbsp;pr\u00e9cise que l&rsquo;incident s&rsquo;est produit \u00e0 la sortie d&rsquo;une bo\u00eete de nuit, impliquant deux militaires, qui \u00e9taient en tenue de civile. Ils ont \u00e9t\u00e9 agress\u00e9s par trois autres individus.&nbsp;<\/p>\n\n\n\n<p class=\"\">Une enqu\u00eate a \u00e9t\u00e9 ouverte et des investigations sont en cours.&nbsp;<\/p>\n\n\n\n<p class=\"\">Sur les r\u00e9seaux sociaux, le maire PS de la ville Olivier Bianchi a r\u00e9agi : \u00ab\u00a0J\u2019adresse mes souhaits de r\u00e9tablissement aux victimes et mon soutien \u00e0 leurs proches. Je remercie les forces de l\u2019ordre intervenues qui ont permis l\u2019arrestation de deux suspects\u201d.&nbsp;<\/p>\n\n\n\n<p class=\"\">Le commissariat de Clermont-Ferrand est en charge de l\u2019enqu\u00eate.&nbsp;&nbsp;<\/p>\n","protected":false},"excerpt":{"rendered":"<p>Deux militaires du 92\u00e8 R\u00e9giment d&rsquo;Infanterie ont \u00e9t\u00e9 bless\u00e9s, dont un gri\u00e8vement avec un pronostic vital engag\u00e9, lors d&rsquo;une agression au couteau.&nbsp;L&rsquo;un est bless\u00e9 dans le dos, le second est touch\u00e9 au ventre.&nbsp;Selon&nbsp;France 3,&nbsp;les faits se sont produits la nuit derni\u00e8re&nbsp; dans le centre-ville de Clermont-Ferrand. Un suspect a \u00e9t\u00e9 interpell\u00e9 et plac\u00e9 en garde [&hellip;]<\/p>\n","protected":false},"author":2,"featured_media":36463,"comment_status":"open","ping_status":"open","sticky":false,"template":"","format":"standard","meta":{"_jetpack_memberships_contains_paid_content":false,"footnotes":"","jetpack_publicize_message":"","jetpack_publicize_feature_enabled":true,"jetpack_social_post_already_shared":true,"jetpack_social_options":{"image_generator_settings":{"template":"highway","default_image_id":0,"enabled":true,"token":"eyJpbWciOiJodHRwczpcL1wvd3d3LmljZWFnZXR2LmNvbVwvcmFkaW9zaXRlXC93cC1jb250ZW50XC91cGxvYWRzXC8yMDI1XC8wN1wvbXI1b3RiemwuanBnIiwidHh0IjoiQ2xlcm1vbnQtRmVycmFuZDogRGV1eCBtaWxpdGFpcmVzIGR1IDkyXHUwMGU4IFJcdTAwZTlnaW1lbnQgZCYjODIxNztJbmZhbnRlcmllIG9udCBcdTAwZTl0XHUwMGU5IGdyaVx1MDBlOHZlbWVudCBibGVzc1x1MDBlOXMgYXUgY291dGVhdSAmIzgyMTE7IEwmIzgyMTc7dW4gZCYjODIxNztlbnRyZSBldXggZXN0IGVudHJlIGxhIHZpZSBldCBsYSBtb3J0IiwidGVtcGxhdGUiOiJoaWdod2F5IiwiYmxvZ19pZCI6MTExMDE2NDYxfQ.HwJ-m49IJNQSTgdaJtBNcjpltGKdhDNSBkpvbQnxx-wMQ"},"version":2},"_wpas_customize_per_network":false},"categories":[405],"tags":[],"class_list":["post-36461","post","type-post","status-publish","format-standard","has-post-thumbnail","hentry","category-actu-france-monde"],"jetpack_publicize_connections":[],"jetpack_featured_media_url":"https:\/\/i0.wp.com\/www.iceagetv.com\/radiosite\/wp-content\/uploads\/2025\/07\/mr5otbzl.jpg?fit=679%2C293&ssl=1","jetpack_sharing_enabled":true,"_links":{"self":[{"href":"https:\/\/www.iceagetv.com\/radiosite\/wp-json\/wp\/v2\/posts\/36461","targetHints":{"allow":["GET"]}}],"collection":[{"href":"https:\/\/www.iceagetv.com\/radiosite\/wp-json\/wp\/v2\/posts"}],"about":[{"href":"https:\/\/www.iceagetv.com\/radiosite\/wp-json\/wp\/v2\/types\/post"}],"author":[{"embeddable":true,"href":"https:\/\/www.iceagetv.com\/radiosite\/wp-json\/wp\/v2\/users\/2"}],"replies":[{"embeddable":true,"href":"https:\/\/www.iceagetv.com\/radiosite\/wp-json\/wp\/v2\/comments?post=36461"}],"version-history":[{"count":1,"href":"https:\/\/www.iceagetv.com\/radiosite\/wp-json\/wp\/v2\/posts\/36461\/revisions"}],"predecessor-version":[{"id":36464,"href":"https:\/\/www.iceagetv.com\/radiosite\/wp-json\/wp\/v2\/posts\/36461\/revisions\/36464"}],"wp:featuredmedia":[{"embeddable":true,"href":"https:\/\/www.iceagetv.com\/radiosite\/wp-json\/wp\/v2\/media\/36463"}],"wp:attachment":[{"href":"https:\/\/www.iceagetv.com\/radiosite\/wp-json\/wp\/v2\/media?parent=36461"}],"wp:term":[{"taxonomy":"category","embeddable":true,"href":"https:\/\/www.iceagetv.com\/radiosite\/wp-json\/wp\/v2\/categories?post=36461"},{"taxonomy":"post_tag","embeddable":true,"href":"https:\/\/www.iceagetv.com\/radiosite\/wp-json\/wp\/v2\/tags?post=36461"}],"curies":[{"name":"wp","href":"https:\/\/api.w.org\/{rel}","templated":true}]}}