{"id":36482,"date":"2025-07-14T10:12:24","date_gmt":"2025-07-14T08:12:24","guid":{"rendered":"https:\/\/www.iceagetv.com\/radiosite\/?p=36482"},"modified":"2025-07-14T10:12:28","modified_gmt":"2025-07-14T08:12:28","slug":"thierry-ardisson-76-ans-qui-a-marque-lhistoire-de-la-tele-par-ses-idees-et-ses-interviews-choc-est-decede-famille-audrey-crespo-mara-thierry-est-parti-comme-il-a-vecu-en-homme-courageux","status":"publish","type":"post","link":"https:\/\/www.iceagetv.com\/radiosite\/thierry-ardisson-76-ans-qui-a-marque-lhistoire-de-la-tele-par-ses-idees-et-ses-interviews-choc-est-decede-famille-audrey-crespo-mara-thierry-est-parti-comme-il-a-vecu-en-homme-courageux\/","title":{"rendered":"Thierry Ardisson, 76 ans, qui a marqu\u00e9 l&rsquo;histoire de la t\u00e9l\u00e9 par ses id\u00e9es et ses interviews choc, est d\u00e9c\u00e9d\u00e9 (Famille) &#8211; Audrey Crespo-Mara : \u00ab\u00a0Thierry est parti comme il a v\u00e9cu. En homme courageux et libre\u00a0\u00bb"},"content":{"rendered":"\n<p class=\"\">L&rsquo;animateur et producteur Thierry Ardisson, star du PAF surnomm\u00e9e \u00ab\u00a0L&rsquo;homme en noir\u00a0\u00bb, est d\u00e9c\u00e9d\u00e9 lundi \u00e0 76 ans \u00e0 Paris des suites d&rsquo;un cancer du foie, ont annonc\u00e9 son \u00e9pouse et ses enfants dans un communiqu\u00e9 \u00e0 l&rsquo;AFP. \u00ab\u00a0Thierry est parti comme il a v\u00e9cu. En homme courageux et libre. Avec ses enfants et les miens, nous \u00e9tions unis autour de lui. Jusqu&rsquo;\u00e0 son dernier souffle\u00a0\u00bb, a \u00e9crit sa femme, la journaliste de TF1 Audrey Crespo-Mara.N\u00e9 le 6 janvier 1949 \u00e0 Bourganeuf (Creuse), Thierry Ardisson a fait ses armes dans la publicit\u00e9 avec des slogans pass\u00e9s \u00e0 la post\u00e9rit\u00e9, avant de passer sur le petit \u00e9cran. Il a bouscul\u00e9 le paysage cathodique \u00e0 partir des ann\u00e9es 1980, jusqu&rsquo;\u00e0 s&rsquo;imposer comme l&rsquo;une de ses figures les plus impertinentes, avec ses talk-shows \u00e0 succ\u00e8s en soir\u00e9e.Le Tout-Paris politique et culturel s&rsquo;est rendu \u00e0 ses \u00e9missions, parmi lesquelles \u00ab\u00a0Bains de minuit\u00a0\u00bb, pr\u00e9sent\u00e9e depuis la bo\u00eete de nuit des Bains Douches \u00e0 Paris, \u00ab\u00a0Lunettes noires pour nuits blanches\u00a0\u00bb au mythique Palace et \u00ab\u00a0Rive droite \/ Rive gauche\u00a0\u00bb, premier magazine culturel TV quotidien en France.Il a \u00e9galement anim\u00e9 \u00ab\u00a0Tout le monde en parle\u00a0\u00bb, une hebdomadaire sur France 2 (1998-2006) aux c\u00f4t\u00e9s de son acolyte Laurent Baffie, puis \u00ab\u00a0Salut les Terriens\u00a0\u00bb (2006-2018) sur Canal+ puis C8. Tout de noir v\u00eatu et arm\u00e9 d&rsquo;un \u00e9ternel sourire, l&rsquo;animateur, qui aimait transgresser et d\u00e9sar\u00e7onner ses invit\u00e9s, avait le sens de la formule.Certains rituels, comme ses \u00ab\u00a0Bonsoirs\u00a0\u00bb ou \u00ab\u00a0Magn\u00e9to, Serge!\u00a0\u00bb, restent indissociables de son personnage.En 2020, c&rsquo;est la cons\u00e9cration avec \u00ab\u00a0Arditube\u00a0\u00bb, cha\u00eene YouTube lanc\u00e9e par l&rsquo;Institut national de l&rsquo;audiovisuel (INA) et d\u00e9di\u00e9e \u00e0 l&rsquo;impressionnant patrimoine t\u00e9l\u00e9visuel &#8211; 35 \u00e9missions &#8211; d&rsquo;un animateur aux convictions ouvertement royalistes, peu connu pour sa modestie, mais aussi bosseur acharn\u00e9. L&rsquo;homme de t\u00e9l\u00e9 fut aussi patron de presse, a fait de la radio, produit des s\u00e9ries et des films, et \u00e9crit plusieurs livres dont \u00ab\u00a0L&rsquo;homme en noir\u00a0\u00bb, paru en mai. Emmanuel Macron lui avait remis la L\u00e9gion d&rsquo;honneur d\u00e9but 2024. Mari\u00e9 \u00e0 trois reprises, Thierry Ardisson a eu trois enfants avec la musicienne B\u00e9atrice Loustalan.Il partageait la vie de la journaliste et pr\u00e9sentatrice de TF1 Audrey Crespo-Mara, qu&rsquo;il avait \u00e9pous\u00e9e en 2014..<\/p>\n","protected":false},"excerpt":{"rendered":"<p>L&rsquo;animateur et producteur Thierry Ardisson, star du PAF surnomm\u00e9e \u00ab\u00a0L&rsquo;homme en noir\u00a0\u00bb, est d\u00e9c\u00e9d\u00e9 lundi \u00e0 76 ans \u00e0 Paris des suites d&rsquo;un cancer du foie, ont annonc\u00e9 son \u00e9pouse et ses enfants dans un communiqu\u00e9 \u00e0 l&rsquo;AFP. \u00ab\u00a0Thierry est parti comme il a v\u00e9cu. En homme courageux et libre. Avec ses enfants et les [&hellip;]<\/p>\n","protected":false},"author":2,"featured_media":36483,"comment_status":"open","ping_status":"open","sticky":false,"template":"","format":"standard","meta":{"_jetpack_memberships_contains_paid_content":false,"footnotes":"","jetpack_publicize_message":"","jetpack_publicize_feature_enabled":true,"jetpack_social_post_already_shared":true,"jetpack_social_options":{"image_generator_settings":{"template":"highway","default_image_id":0,"enabled":true,"token":"eyJpbWciOiJodHRwczpcL1wvd3d3LmljZWFnZXR2LmNvbVwvcmFkaW9zaXRlXC93cC1jb250ZW50XC91cGxvYWRzXC8yMDI1XC8wN1wvU2NyZWVuc2hvdF8yMDI1MDcxNF8xMDEwMjYuanBnIiwidHh0IjoiVGhpZXJyeSBBcmRpc3NvbiwgNzYgYW5zLCBxdWkgYSBtYXJxdVx1MDBlOSBsJiM4MjE3O2hpc3RvaXJlIGRlIGxhIHRcdTAwZTlsXHUwMGU5IHBhciBzZXMgaWRcdTAwZTllcyBldCBzZXMgaW50ZXJ2aWV3cyBjaG9jLCBlc3QgZFx1MDBlOWNcdTAwZTlkXHUwMGU5IChGYW1pbGxlKSAmIzgyMTE7IEF1ZHJleSBDcmVzcG8tTWFyYSA6ICYjODIyMDtUaGllcnJ5IGVzdCBwYXJ0aSBjb21tZSBpbCBhIHZcdTAwZTljdS4gRW4gaG9tbWUgY291cmFnZXV4IGV0IGxpYnJlJiM4MjIxOyIsInRlbXBsYXRlIjoiaGlnaHdheSIsImJsb2dfaWQiOjExMTAxNjQ2MX0._QpV9dSKLod4ssHV0MKmuuvhbIUy9Ga_m0cOBBNyxXgMQ"},"version":2},"_wpas_customize_per_network":false},"categories":[405],"tags":[],"class_list":["post-36482","post","type-post","status-publish","format-standard","has-post-thumbnail","hentry","category-actu-france-monde"],"jetpack_publicize_connections":[],"jetpack_featured_media_url":"https:\/\/i0.wp.com\/www.iceagetv.com\/radiosite\/wp-content\/uploads\/2025\/07\/Screenshot_20250714_101026.jpg?fit=856%2C356&ssl=1","jetpack_sharing_enabled":true,"_links":{"self":[{"href":"https:\/\/www.iceagetv.com\/radiosite\/wp-json\/wp\/v2\/posts\/36482","targetHints":{"allow":["GET"]}}],"collection":[{"href":"https:\/\/www.iceagetv.com\/radiosite\/wp-json\/wp\/v2\/posts"}],"about":[{"href":"https:\/\/www.iceagetv.com\/radiosite\/wp-json\/wp\/v2\/types\/post"}],"author":[{"embeddable":true,"href":"https:\/\/www.iceagetv.com\/radiosite\/wp-json\/wp\/v2\/users\/2"}],"replies":[{"embeddable":true,"href":"https:\/\/www.iceagetv.com\/radiosite\/wp-json\/wp\/v2\/comments?post=36482"}],"version-history":[{"count":1,"href":"https:\/\/www.iceagetv.com\/radiosite\/wp-json\/wp\/v2\/posts\/36482\/revisions"}],"predecessor-version":[{"id":36484,"href":"https:\/\/www.iceagetv.com\/radiosite\/wp-json\/wp\/v2\/posts\/36482\/revisions\/36484"}],"wp:featuredmedia":[{"embeddable":true,"href":"https:\/\/www.iceagetv.com\/radiosite\/wp-json\/wp\/v2\/media\/36483"}],"wp:attachment":[{"href":"https:\/\/www.iceagetv.com\/radiosite\/wp-json\/wp\/v2\/media?parent=36482"}],"wp:term":[{"taxonomy":"category","embeddable":true,"href":"https:\/\/www.iceagetv.com\/radiosite\/wp-json\/wp\/v2\/categories?post=36482"},{"taxonomy":"post_tag","embeddable":true,"href":"https:\/\/www.iceagetv.com\/radiosite\/wp-json\/wp\/v2\/tags?post=36482"}],"curies":[{"name":"wp","href":"https:\/\/api.w.org\/{rel}","templated":true}]}}