{"id":36485,"date":"2025-07-19T12:12:25","date_gmt":"2025-07-19T10:12:25","guid":{"rendered":"https:\/\/www.iceagetv.com\/radiosite\/?p=36485"},"modified":"2025-07-19T12:12:29","modified_gmt":"2025-07-19T10:12:29","slug":"bebe-premature-mort-a-lhopital-5-jours-apres-sa-naissance-la-cause-du-deces-confirmee-un-petit-garcon-de-6-ans-fautif","status":"publish","type":"post","link":"https:\/\/www.iceagetv.com\/radiosite\/bebe-premature-mort-a-lhopital-5-jours-apres-sa-naissance-la-cause-du-deces-confirmee-un-petit-garcon-de-6-ans-fautif\/","title":{"rendered":"B\u00e9b\u00e9 pr\u00e9matur\u00e9 mort \u00e0 l\u2019h\u00f4pital 5 jours apr\u00e8s sa naissance\u00a0: la cause du d\u00e9c\u00e8s confirm\u00e9e, un petit gar\u00e7on de 6 ans fautif\u00a0?"},"content":{"rendered":"\n<p class=\"\">Le nourrisson retrouv\u00e9 bless\u00e9 par terre dans un service de n\u00e9onatalogie du CHU de Lille est mort d\u2019un traumatisme \u00ab\u00a0compatible avec une chute au sol\u00a0\u00bb, a indiqu\u00e9 ce vendredi le parquet de Lille, confirmant qu\u2019un enfant a \u00e9t\u00e9 vu pr\u00e8s du berceau au moment des faits. Selon les premiers \u00e9l\u00e9ments de l\u2019enqu\u00eate, \u00ab\u00a0le nourrisson est d\u00e9c\u00e9d\u00e9 d\u2019un traumatisme cranio-enc\u00e9phalique tr\u00e8s s\u00e9v\u00e8re, compatible avec une chute au sol\u00a0\u00bb, selon la procureure de la R\u00e9publique Carole Etienne.Les faits se sont d\u00e9roul\u00e9s le 11 juillet en fin de matin\u00e9e au sein du service n\u00e9onatologie de l\u2019h\u00f4pital Jeanne de Flandre, l\u2019une des principales maternit\u00e9s de la r\u00e9gion : une petite fille de cinq jours, n\u00e9e pr\u00e9matur\u00e9e, a \u00e9t\u00e9 retrouv\u00e9e inerte au sol dans une chambre de soin. Elle est d\u00e9c\u00e9d\u00e9e ce mardi.Confirmant les d\u00e9clarations de la famille du nourrisson, qui a point\u00e9 le comportement perturbateur du fr\u00e8re d\u2019un autre b\u00e9b\u00e9 hospitalis\u00e9 dans le service, la procureure confirme qu\u2019un \u00ab\u00a0enfant de six ans, membre d\u2019une autre famille, a effectivement \u00e9t\u00e9 vu \u00e0 proximit\u00e9 du berceau et de l\u2019enfant au sol\u00a0\u00bb.\u00a0\u00bbMa poup\u00e9e\u00a0\u00bb<\/p>\n\n\n\n<p class=\"\">L\u2019enqu\u00eate ouverte pour<em>&nbsp;\u00ab\u00a0recherche des causes de la mort\u00a0\u00bb \u00ab\u00a0se poursuit par de nombreuses diligences et auditions\u00a0\u00bb<\/em>, indique le parquet.&nbsp;Le centre hospitalier, \u00e9voquant dans un communiqu\u00e9 de presse mercred<em>i \u00ab\u00a0un \u00e9v\u00e9nement exceptionnel particuli\u00e8rement grave et bouleversant, non li\u00e9 aux soins\u00a0\u00bb<\/em>, a pris<em>&nbsp;\u00ab\u00a0des mesures de stricte limitation des visites au sein des unit\u00e9s de n\u00e9onatologie\u00a0\u00bb<\/em>&nbsp;et mis en place un soutien psychologique<\/p>\n","protected":false},"excerpt":{"rendered":"<p>Le nourrisson retrouv\u00e9 bless\u00e9 par terre dans un service de n\u00e9onatalogie du CHU de Lille est mort d\u2019un traumatisme \u00ab\u00a0compatible avec une chute au sol\u00a0\u00bb, a indiqu\u00e9 ce vendredi le parquet de Lille, confirmant qu\u2019un enfant a \u00e9t\u00e9 vu pr\u00e8s du berceau au moment des faits. Selon les premiers \u00e9l\u00e9ments de l\u2019enqu\u00eate, \u00ab\u00a0le nourrisson est [&hellip;]<\/p>\n","protected":false},"author":2,"featured_media":36486,"comment_status":"open","ping_status":"open","sticky":false,"template":"","format":"standard","meta":{"_jetpack_memberships_contains_paid_content":false,"footnotes":"","jetpack_publicize_message":"","jetpack_publicize_feature_enabled":true,"jetpack_social_post_already_shared":true,"jetpack_social_options":{"image_generator_settings":{"template":"highway","default_image_id":0,"enabled":true,"token":"eyJpbWciOiJodHRwczpcL1wvd3d3LmljZWFnZXR2LmNvbVwvcmFkaW9zaXRlXC93cC1jb250ZW50XC91cGxvYWRzXC8yMDI1XC8wN1wvU2NyZWVuc2hvdF8yMDI1MDcxOV8xMjEwNTAtMTAyNHg2MDguanBnIiwidHh0IjoiQlx1MDBlOWJcdTAwZTkgcHJcdTAwZTltYXR1clx1MDBlOSBtb3J0IFx1MDBlMCBsXHUyMDE5aFx1MDBmNHBpdGFsIDUgam91cnMgYXByXHUwMGU4cyBzYSBuYWlzc2FuY2VcdTAwYTA6IGxhIGNhdXNlIGR1IGRcdTAwZTljXHUwMGU4cyBjb25maXJtXHUwMGU5ZSwgdW4gcGV0aXQgZ2FyXHUwMGU3b24gZGUgNiBhbnMgZmF1dGlmXHUwMGEwPyIsInRlbXBsYXRlIjoiaGlnaHdheSIsImJsb2dfaWQiOjExMTAxNjQ2MX0.VZCO3OTrnJC4fvRG6rlzVhzJrQsN7WRrZu0wI6_4NUEMQ"},"version":2},"_wpas_customize_per_network":false},"categories":[405],"tags":[],"class_list":["post-36485","post","type-post","status-publish","format-standard","has-post-thumbnail","hentry","category-actu-france-monde"],"jetpack_publicize_connections":[],"jetpack_featured_media_url":"https:\/\/i0.wp.com\/www.iceagetv.com\/radiosite\/wp-content\/uploads\/2025\/07\/Screenshot_20250719_121050.jpg?fit=1058%2C628&ssl=1","jetpack_sharing_enabled":true,"_links":{"self":[{"href":"https:\/\/www.iceagetv.com\/radiosite\/wp-json\/wp\/v2\/posts\/36485","targetHints":{"allow":["GET"]}}],"collection":[{"href":"https:\/\/www.iceagetv.com\/radiosite\/wp-json\/wp\/v2\/posts"}],"about":[{"href":"https:\/\/www.iceagetv.com\/radiosite\/wp-json\/wp\/v2\/types\/post"}],"author":[{"embeddable":true,"href":"https:\/\/www.iceagetv.com\/radiosite\/wp-json\/wp\/v2\/users\/2"}],"replies":[{"embeddable":true,"href":"https:\/\/www.iceagetv.com\/radiosite\/wp-json\/wp\/v2\/comments?post=36485"}],"version-history":[{"count":1,"href":"https:\/\/www.iceagetv.com\/radiosite\/wp-json\/wp\/v2\/posts\/36485\/revisions"}],"predecessor-version":[{"id":36487,"href":"https:\/\/www.iceagetv.com\/radiosite\/wp-json\/wp\/v2\/posts\/36485\/revisions\/36487"}],"wp:featuredmedia":[{"embeddable":true,"href":"https:\/\/www.iceagetv.com\/radiosite\/wp-json\/wp\/v2\/media\/36486"}],"wp:attachment":[{"href":"https:\/\/www.iceagetv.com\/radiosite\/wp-json\/wp\/v2\/media?parent=36485"}],"wp:term":[{"taxonomy":"category","embeddable":true,"href":"https:\/\/www.iceagetv.com\/radiosite\/wp-json\/wp\/v2\/categories?post=36485"},{"taxonomy":"post_tag","embeddable":true,"href":"https:\/\/www.iceagetv.com\/radiosite\/wp-json\/wp\/v2\/tags?post=36485"}],"curies":[{"name":"wp","href":"https:\/\/api.w.org\/{rel}","templated":true}]}}