{"id":36495,"date":"2025-07-19T16:54:07","date_gmt":"2025-07-19T14:54:07","guid":{"rendered":"https:\/\/www.iceagetv.com\/radiosite\/?p=36495"},"modified":"2025-07-19T16:54:10","modified_gmt":"2025-07-19T14:54:10","slug":"une-guerilla-urbaine-policiers-blesses-guet-apens-emeute-que-sest-il-passe-a-limoges","status":"publish","type":"post","link":"https:\/\/www.iceagetv.com\/radiosite\/une-guerilla-urbaine-policiers-blesses-guet-apens-emeute-que-sest-il-passe-a-limoges\/","title":{"rendered":"Une gu\u00e9rilla urbaine\u00a0\u00bb : policiers bless\u00e9s, guet-apens, \u00e9meute&#8230; que s&rsquo;est-il pass\u00e9 \u00e0 Limoges"},"content":{"rendered":"\n<p class=\"\">Cette nuit d&rsquo;\u00e9chauffour\u00e9es fait suite \u00e0 d&rsquo;autres heurts survenus dans la m\u00eame zone le soir du 14 juillet 2025.Une centaine d\u2019individus cagoul\u00e9s et arm\u00e9s ont attaqu\u00e9 des v\u00e9hicules en circulation dans la nuit de vendredi 18 \u00e0 samedi 19 juillet 2025 \u00e0 Limoges lors d\u2019affrontements avec les forces de l\u2019ordre.<\/p>\n\n\n\n<p class=\"\">Dix bless\u00e9s parmi les policiers sont \u00e0 d\u00e9plorer, a-t-on appris aupr\u00e8s de la pr\u00e9fecture et du parquet.Une centaine de personnes bloquent la RN141<\/p>\n\n\n\n<p class=\"\">Les faits se sont produits vers 01h00 du matin \u00e0 proximit\u00e9 du quartier populaire du Val de l\u2019Aurence, o\u00f9 \u00ab&nbsp;une centaine de personnes&nbsp;\u00bb ont bloqu\u00e9 la RN141 menant \u00e0 Angoul\u00eame et s\u2019en sont pris aux v\u00e9hicules, \u00ab&nbsp;principalement par des tirs de mortiers&nbsp;\u00bb, selon la pr\u00e9fecture.<\/p>\n\n\n\n<p class=\"\">\u00ab&nbsp;Il y a eu entre 100 et 150 individus cagoul\u00e9s, arm\u00e9s de cocktails Molotov, mortiers, cailloux, ainsi que des barres de fer et des battes de baseball&nbsp;\u00bb, a d\u00e9taill\u00e9 aupr\u00e8s de l\u2019AFP Laurent Nadeau, secr\u00e9taire d\u00e9partemental du syndical de police Alliance.<\/p>\n\n\n\n<p class=\"\">Les forces de l\u2019ordre ont fait usage de lanceurs de balle de d\u00e9fense (LBD) et de lacrymog\u00e8nes et les \u00e9chauffour\u00e9es ont cess\u00e9 vers 4 h du matin.\u2019est une gu\u00e9rilla urbaine&nbsp;\u00bb, a d\u00e9nonc\u00e9 aupr\u00e8s de l\u2019AFP \u00c9mile Roger Lombertie, maire (LR) de Limoges. \u00ab&nbsp;Ils sont organis\u00e9s, structur\u00e9s, c\u2019est programm\u00e9, il y a un plan, un armement, un guet-apens donn\u00e9 aux policiers et aux usagers de la route&nbsp;\u00bb, a-t-il d\u00e9plor\u00e9.<\/p>\n\n\n\n<blockquote class=\"wp-block-quote is-layout-flow wp-block-quote-is-layout-flow\">\n<p class=\"\">Ce n&rsquo;est pas une manifestation spontan\u00e9e pour r\u00e2ler contre quelque chose. Il n&rsquo;y a pas de pr\u00e9texte. Rien. Il y a l&rsquo;envie de d\u00e9truire et de montrer que le territoire vous appartient.<strong>\u00c9mile Roger Lombertie<\/strong>Maire (LR) de Limoges<\/p>\n<\/blockquote>\n\n\n\n<p class=\"\">Neuf des dix policiers bless\u00e9s souffrent d\u2019acouph\u00e8nes et le dixi\u00e8me d\u2019une blessure \u00e0 une main, selon le parquet de Limoges.Une enqu\u00eate ouverte&nbsp;<\/p>\n\n\n\n<p class=\"\">Une enqu\u00eate a \u00e9t\u00e9 ouverte pour participation \u00e0 un attroupement arm\u00e9 et violences sur les policiers, a d\u00e9clar\u00e9 \u00e0 l\u2019AFP \u00c9milie Abrantes, procureure de la R\u00e9publique \u00e0 Limoges, dans l\u2019attente d\u2019\u00e9ventuelles plaintes d\u2019automobilistes cibl\u00e9s pendant la nuit.<\/p>\n\n\n\n<p class=\"\">\u00ab&nbsp;Des v\u00e9hicules ont \u00e9t\u00e9 vis\u00e9s mais nous n\u2019avons pas connaissance de bless\u00e9s&nbsp;\u00bb \u00e0 ce stade, a soulign\u00e9 la magistrate. Cette nuit d\u2019\u00e9chauffour\u00e9es fait suite \u00e0 d\u2019autres heurts survenus dans la m\u00eame zone le soir du 14 juillet.<\/p>\n\n\n\n<h2 class=\"wp-block-heading\">\u00ab&nbsp;Pour moi, il y a danger&nbsp;\u00bb<\/h2>\n\n\n\n<p class=\"\">\u00ab&nbsp;\u00c7a fait 4-5 ans que \u00e7a explose dans ce quartier. Pour moi, il y a danger&nbsp;\u00bb, a soulign\u00e9 \u00c9mile Roger Lombertie, d\u00e9crivant un \u00ab&nbsp;quartier de grande pauvret\u00e9 avec des jeunes issus d\u2019immigration&nbsp;\u00bb devenu selon lui \u00ab&nbsp;une zone de non-droit&nbsp;\u00bb.<\/p>\n\n\n\n<p class=\"\">Le minist\u00e8re de l\u2019Int\u00e9rieur a annonc\u00e9 le d\u00e9ploiement \u00e0 Limoges de la compagnie de CRS 82, bas\u00e9e \u00e0 Saint-Herblain (Loire-Atlantique) et sp\u00e9cialis\u00e9e dans le maintien de l\u2019ordre.<\/p>\n","protected":false},"excerpt":{"rendered":"<p>Cette nuit d&rsquo;\u00e9chauffour\u00e9es fait suite \u00e0 d&rsquo;autres heurts survenus dans la m\u00eame zone le soir du 14 juillet 2025.Une centaine d\u2019individus cagoul\u00e9s et arm\u00e9s ont attaqu\u00e9 des v\u00e9hicules en circulation dans la nuit de vendredi 18 \u00e0 samedi 19 juillet 2025 \u00e0 Limoges lors d\u2019affrontements avec les forces de l\u2019ordre. Dix bless\u00e9s parmi les policiers [&hellip;]<\/p>\n","protected":false},"author":2,"featured_media":36383,"comment_status":"open","ping_status":"open","sticky":false,"template":"","format":"standard","meta":{"_jetpack_memberships_contains_paid_content":false,"footnotes":"","jetpack_publicize_message":"","jetpack_publicize_feature_enabled":true,"jetpack_social_post_already_shared":false,"jetpack_social_options":{"image_generator_settings":{"template":"highway","default_image_id":0,"enabled":true,"token":"eyJpbWciOiJodHRwczpcL1wvd3d3LmljZWFnZXR2LmNvbVwvcmFkaW9zaXRlXC93cC1jb250ZW50XC91cGxvYWRzXC8yMDI1XC8wN1wvUzByUUFIUHMuanBnIiwidHh0IjoiVW5lIGd1XHUwMGU5cmlsbGEgdXJiYWluZSYjODIyMTsgOiBwb2xpY2llcnMgYmxlc3NcdTAwZTlzLCBndWV0LWFwZW5zLCBcdTAwZTltZXV0ZSYjODIzMDsgcXVlIHMmIzgyMTc7ZXN0LWlsIHBhc3NcdTAwZTkgXHUwMGUwIExpbW9nZXMiLCJ0ZW1wbGF0ZSI6ImhpZ2h3YXkiLCJibG9nX2lkIjoxMTEwMTY0NjF9.V3X3CMTjDwdT_RNXRVWUzNqyo08sFs-FRgEJquKtNvoMQ"},"version":2},"_wpas_customize_per_network":false},"categories":[405],"tags":[],"class_list":["post-36495","post","type-post","status-publish","format-standard","has-post-thumbnail","hentry","category-actu-france-monde"],"jetpack_publicize_connections":[],"jetpack_featured_media_url":"https:\/\/i0.wp.com\/www.iceagetv.com\/radiosite\/wp-content\/uploads\/2025\/07\/S0rQAHPs.jpg?fit=679%2C293&ssl=1","jetpack_sharing_enabled":true,"_links":{"self":[{"href":"https:\/\/www.iceagetv.com\/radiosite\/wp-json\/wp\/v2\/posts\/36495","targetHints":{"allow":["GET"]}}],"collection":[{"href":"https:\/\/www.iceagetv.com\/radiosite\/wp-json\/wp\/v2\/posts"}],"about":[{"href":"https:\/\/www.iceagetv.com\/radiosite\/wp-json\/wp\/v2\/types\/post"}],"author":[{"embeddable":true,"href":"https:\/\/www.iceagetv.com\/radiosite\/wp-json\/wp\/v2\/users\/2"}],"replies":[{"embeddable":true,"href":"https:\/\/www.iceagetv.com\/radiosite\/wp-json\/wp\/v2\/comments?post=36495"}],"version-history":[{"count":1,"href":"https:\/\/www.iceagetv.com\/radiosite\/wp-json\/wp\/v2\/posts\/36495\/revisions"}],"predecessor-version":[{"id":36498,"href":"https:\/\/www.iceagetv.com\/radiosite\/wp-json\/wp\/v2\/posts\/36495\/revisions\/36498"}],"wp:featuredmedia":[{"embeddable":true,"href":"https:\/\/www.iceagetv.com\/radiosite\/wp-json\/wp\/v2\/media\/36383"}],"wp:attachment":[{"href":"https:\/\/www.iceagetv.com\/radiosite\/wp-json\/wp\/v2\/media?parent=36495"}],"wp:term":[{"taxonomy":"category","embeddable":true,"href":"https:\/\/www.iceagetv.com\/radiosite\/wp-json\/wp\/v2\/categories?post=36495"},{"taxonomy":"post_tag","embeddable":true,"href":"https:\/\/www.iceagetv.com\/radiosite\/wp-json\/wp\/v2\/tags?post=36495"}],"curies":[{"name":"wp","href":"https:\/\/api.w.org\/{rel}","templated":true}]}}