{"id":36545,"date":"2025-07-21T10:34:00","date_gmt":"2025-07-21T08:34:00","guid":{"rendered":"https:\/\/www.iceagetv.com\/radiosite\/?p=36545"},"modified":"2025-07-21T10:34:03","modified_gmt":"2025-07-21T08:34:03","slug":"un-surveillant-de-prison-agresse-a-coups-de-poing-ses-collegues-bloquent-tous-les-acces-du-centre-de-detention-de-tarascon","status":"publish","type":"post","link":"https:\/\/www.iceagetv.com\/radiosite\/un-surveillant-de-prison-agresse-a-coups-de-poing-ses-collegues-bloquent-tous-les-acces-du-centre-de-detention-de-tarascon\/","title":{"rendered":"Un surveillant de prison agress\u00e9 \u00e0 coups de poing, ses coll\u00e8gues bloquent tous les acc\u00e8s du centre de d\u00e9tention de Tarascon"},"content":{"rendered":"\n<p class=\"\"><strong>Les gardiens du centre de d\u00e9tention de Tarascon bloquent les entr\u00e9es et sorties de la prison depuis 6 heures ce lundi, ils demandent le transfert imm\u00e9diat d&rsquo;un d\u00e9tenu qui a violemment agress\u00e9 un de leur coll\u00e8gue samedi matin.<\/strong>Personne ne rentre, personne ne sort. Depuis 6 heures ce lundi 21 juillet, une quarantaine de surveillants bloque les acc\u00e8s du centre p\u00e9nitentiaire de Tarascon (Bouches-du-Rh\u00f4ne) suite \u00e0 l&rsquo;agression de leur coll\u00e8gue par un d\u00e9tenu samedi matin. Les agents qui ont termin\u00e9 leur service ne peuvent pas sortir, et les autres ne peuvent pas faire leur prise de service. Pas de parloir non plus pour les familles.\u00a0Samedi vers 9h15, un surveillant en poste au rez-de-chauss\u00e9e du b\u00e2timent B a re\u00e7u plusieurs coups de poing d&rsquo;un d\u00e9tenu lors de son accompagnement \u00e0 l&rsquo;unit\u00e9 sanitaire en milieu p\u00e9nitentiaire (USMP), avec une ITT de cinq jours.<\/p>\n\n\n\n<h2 class=\"wp-block-heading\">FO demande le transfert du d\u00e9tenu violent et des moyens<\/h2>\n\n\n\n<p class=\"\">Le syndicat FO demande le transfert imm\u00e9diat de l&rsquo;auteur de l&rsquo;agression, qui aurait expliqu\u00e9 avoir justement commis cet acte de violence dans le but d&rsquo;obtenir son transfert.Le syndicat FO demande aussi \u00ab\u00a0<em>des&nbsp;<\/em><em>sanctions disciplinaires et p\u00e9nales s\u00e9v\u00e8res \u00e0 l\u2019encontre du d\u00e9tenu\u00a0\u00bb<\/em>.<\/p>\n\n\n\n<p class=\"\">Les surveillants mettent en avant les manques d&rsquo;effectifs. Sur 140 gardiens en poste,<a href=\"https:\/\/france3-regions.franceinfo.fr\/provence-alpes-cote-d-azur\/bouches-du-rhone\/un-detenu-s-est-suicide-par-pendaison-dans-la-prison-de-tarascon-3107875.html\" target=\"_blank\" rel=\"noreferrer noopener\">&nbsp;le centre p\u00e9nitentiaire de Tarascon&nbsp;<\/a>compte 110 \u00e0 115 surveillants effectivement pr\u00e9sents, pour 640 d\u00e9tenus. Le site de Tarascon fait partie des 17 retenus par le ministre de la Justice G\u00e9rald Darmanin pour accueillir une des premi\u00e8res unit\u00e9s modulaires fran\u00e7aises, d&rsquo;ici 2027. Ces \u00e9tablissements en pr\u00e9fabriqu\u00e9s livrables en 18 ans sont destin\u00e9s \u00e0 h\u00e9berger des d\u00e9tenus en semi-libert\u00e9 ou condamn\u00e9s \u00e0 de courtes peines, afin de d\u00e9sengorger les prisons surpeupl\u00e9es.<\/p>\n\n\n\n<p class=\"\">Le blocage de la prison doit se poursuivre toute la matin\u00e9e.&nbsp;<\/p>\n","protected":false},"excerpt":{"rendered":"<p>Les gardiens du centre de d\u00e9tention de Tarascon bloquent les entr\u00e9es et sorties de la prison depuis 6 heures ce lundi, ils demandent le transfert imm\u00e9diat d&rsquo;un d\u00e9tenu qui a violemment agress\u00e9 un de leur coll\u00e8gue samedi matin.Personne ne rentre, personne ne sort. Depuis 6 heures ce lundi 21 juillet, une quarantaine de surveillants bloque [&hellip;]<\/p>\n","protected":false},"author":2,"featured_media":36546,"comment_status":"open","ping_status":"open","sticky":false,"template":"","format":"standard","meta":{"_jetpack_memberships_contains_paid_content":false,"footnotes":"","jetpack_publicize_message":"","jetpack_publicize_feature_enabled":true,"jetpack_social_post_already_shared":true,"jetpack_social_options":{"image_generator_settings":{"template":"highway","default_image_id":0,"enabled":true,"token":"eyJpbWciOiJodHRwczpcL1wvd3d3LmljZWFnZXR2LmNvbVwvcmFkaW9zaXRlXC93cC1jb250ZW50XC91cGxvYWRzXC8yMDI1XC8wN1wvY2FwdHVyZS02ODdkZWMzYzVhMjM0MDM3MDQzNzEwLTEwMjR4NzUxLnBuZyIsInR4dCI6IlVuIHN1cnZlaWxsYW50IGRlIHByaXNvbiBhZ3Jlc3NcdTAwZTkgXHUwMGUwIGNvdXBzIGRlIHBvaW5nLCBzZXMgY29sbFx1MDBlOGd1ZXMgYmxvcXVlbnQgdG91cyBsZXMgYWNjXHUwMGU4cyBkdSBjZW50cmUgZGUgZFx1MDBlOXRlbnRpb24gZGUgVGFyYXNjb24iLCJ0ZW1wbGF0ZSI6ImhpZ2h3YXkiLCJibG9nX2lkIjoxMTEwMTY0NjF9.lNof_-_b7BZwc87VoZ_0-4GIKWJU6YZYqnpXbdkBxXUMQ"},"version":2},"_wpas_customize_per_network":false},"categories":[405],"tags":[],"class_list":["post-36545","post","type-post","status-publish","format-standard","has-post-thumbnail","hentry","category-actu-france-monde"],"jetpack_publicize_connections":[],"jetpack_featured_media_url":"https:\/\/i0.wp.com\/www.iceagetv.com\/radiosite\/wp-content\/uploads\/2025\/07\/capture-687dec3c5a234037043710.png?fit=1104%2C810&ssl=1","jetpack_sharing_enabled":true,"_links":{"self":[{"href":"https:\/\/www.iceagetv.com\/radiosite\/wp-json\/wp\/v2\/posts\/36545","targetHints":{"allow":["GET"]}}],"collection":[{"href":"https:\/\/www.iceagetv.com\/radiosite\/wp-json\/wp\/v2\/posts"}],"about":[{"href":"https:\/\/www.iceagetv.com\/radiosite\/wp-json\/wp\/v2\/types\/post"}],"author":[{"embeddable":true,"href":"https:\/\/www.iceagetv.com\/radiosite\/wp-json\/wp\/v2\/users\/2"}],"replies":[{"embeddable":true,"href":"https:\/\/www.iceagetv.com\/radiosite\/wp-json\/wp\/v2\/comments?post=36545"}],"version-history":[{"count":1,"href":"https:\/\/www.iceagetv.com\/radiosite\/wp-json\/wp\/v2\/posts\/36545\/revisions"}],"predecessor-version":[{"id":36547,"href":"https:\/\/www.iceagetv.com\/radiosite\/wp-json\/wp\/v2\/posts\/36545\/revisions\/36547"}],"wp:featuredmedia":[{"embeddable":true,"href":"https:\/\/www.iceagetv.com\/radiosite\/wp-json\/wp\/v2\/media\/36546"}],"wp:attachment":[{"href":"https:\/\/www.iceagetv.com\/radiosite\/wp-json\/wp\/v2\/media?parent=36545"}],"wp:term":[{"taxonomy":"category","embeddable":true,"href":"https:\/\/www.iceagetv.com\/radiosite\/wp-json\/wp\/v2\/categories?post=36545"},{"taxonomy":"post_tag","embeddable":true,"href":"https:\/\/www.iceagetv.com\/radiosite\/wp-json\/wp\/v2\/tags?post=36545"}],"curies":[{"name":"wp","href":"https:\/\/api.w.org\/{rel}","templated":true}]}}