{"id":36549,"date":"2025-07-21T11:37:35","date_gmt":"2025-07-21T09:37:35","guid":{"rendered":"https:\/\/www.iceagetv.com\/radiosite\/?p=36549"},"modified":"2025-07-21T11:37:40","modified_gmt":"2025-07-21T09:37:40","slug":"emmaus-la-croix-rouge-le-relais-que-deviennent-les-vetements-que-vous-donnez","status":"publish","type":"post","link":"https:\/\/www.iceagetv.com\/radiosite\/emmaus-la-croix-rouge-le-relais-que-deviennent-les-vetements-que-vous-donnez\/","title":{"rendered":"Emma\u00fcs, la Croix-Rouge, Le Relais&#8230; Que deviennent les v\u00eatements que vous donnez?"},"content":{"rendered":"\n<p class=\"\">Chaque ann\u00e9e, plus de 260.000 tonnes de v\u00eatements sont collect\u00e9es par plusieurs organismes. La revalorisation de ces textiles passe par le r\u00e9emploi en France ou \u00e0 l&rsquo;\u00e9tranger, le recyclage et l&rsquo;incin\u00e9ration. Ce secteur traverse n\u00e9anmoins une profonde crise qui contraint un acteur comme Le Relais \u00e0 arr\u00eater de collecter des habits us\u00e9s.<\/p>\n\n\n\n<p class=\"\">Depuis ce mardi 15 juillet et dans toute la France, l&rsquo;entreprise de collecte et de r\u00e9emploi de v\u00eatements Le Relais d\u00e9verse devant des magasins des tonnes de textile. Devant un&nbsp;<a href=\"https:\/\/www.ouest-france.fr\/bretagne\/rennes-35000\/le-relais-arrete-ses-collectes-dans-la-metropole-de-rennes-la-filiere-du-tri-textile-en-danger-85620dee-619b-11f0-8f64-6b27a5d8d9ae\" target=\"_blank\" rel=\"noreferrer noopener\">Decathlon \u00e0 Rennes<\/a>, un&nbsp;<a href=\"https:\/\/www.lavoixdunord.fr\/1606586\/article\/2025-07-15\/pourquoi-le-relais-deverse-des-tonnes-de-vetements-devant-kiabi-arras\" target=\"_blank\" rel=\"noreferrer noopener\">Kiabi \u00e0 Arras<\/a>&nbsp;ou encore des Oka\u00efdi.<\/p>\n\n\n\n<p class=\"\">Des images impressionnantes, qui peuvent faire s&rsquo;interroger d&rsquo;abord sur le sort r\u00e9serv\u00e9 \u00e0 nos v\u00eatements usag\u00e9s. Et surtout,&nbsp;<a href=\"https:\/\/rmc.bfmtv.com\/actualites\/societe\/seconde-main-ou-et-comment-donner-ses-vetements-alors-que-la-filiere-sature_AV-202412300284.html\">s&rsquo;il ne faudrait pas les jeter aux ordures m\u00e9nag\u00e8res plut\u00f4t que de les donner<\/a>?<\/p>\n\n\n\n<p class=\"\">Lorsqu&rsquo;on en d\u00e9pose dans une benne de collecte, on les imagine plus se retrouver dans une friperie que d\u00e9vers\u00e9s sur le parking d&rsquo;un magasin o\u00f9 ils ont potentiellement \u00e9t\u00e9 achet\u00e9s&#8230; Mais la fili\u00e8re de collecte et de tri des textiles est bien loin d&rsquo;\u00eatre aussi simple: d&rsquo;apr\u00e8s Zero Waste France, seuls 7% des v\u00eatements collect\u00e9s en 2024 ont \u00e9t\u00e9 r\u00e9employ\u00e9s en France.<\/p>\n\n\n\n<h2 class=\"wp-block-heading\" id=\"f2air\">35% des v\u00eatements donn\u00e9s revendus \u00e0 l&rsquo;\u00e9tranger<\/h2>\n\n\n\n<p class=\"\">Mais o\u00f9 vont donc les 93% restants? Pour comprendre, il faut d&rsquo;abord avoir \u00e0 l&rsquo;esprit que ces 7% qui sont r\u00e9utilis\u00e9s sont les textiles d&rsquo;une qualit\u00e9 optimale. Ceux qui sont revendables facilement sur le march\u00e9 de la friperie et qu&rsquo;on appelle dans le jargon la \u00ab\u00a0cr\u00e8me\u00a0\u00bb.<\/p>\n\n\n\n<p class=\"\">La plus grosse partie des v\u00eatements donn\u00e9s est en r\u00e9alit\u00e9 vendue \u00e0 des entreprises qui vont les exporter dans d&rsquo;autres pays, g\u00e9n\u00e9ralement d&rsquo;Afrique ou d&rsquo;Europe de l&rsquo;Est. L\u00e0-bas, ils seront revendus et r\u00e9employ\u00e9s.<\/p>\n\n\n\n<p class=\"\">Ce circuit repr\u00e9sente 35% des dons. Et comme l&rsquo;explique Pauline Debrabandere, responsable plaidoyer et campagnes pour Zero Waste France, \u00ab\u00a0ces v\u00eatements sont encore portables, mais pas avec une assez grosse valeur pour le march\u00e9 de la seconde main\u00a0\u00bb.<\/p>\n\n\n\n<p class=\"\">Cet itin\u00e9raire de v\u00eatements donn\u00e9s peut surprendre. R\u00e9cemment la vid\u00e9o d&rsquo;un influenceur allemand qui avait plac\u00e9 un traceur GPS dans une paire de chaussures donn\u00e9e \u00e0 la Croix-Rouge a fait r\u00e9agir, rel\u00e8ve&nbsp;<a href=\"https:\/\/www.20minutes.fr\/societe\/4162613-20250714-internaute-revele-arnaque-dons-vetements-croix-rouge-explique?at_medium=RSS%20feed&amp;at_campaign=ynews&amp;utm_source=yahoo&amp;utm_medium=rss&amp;utm_campaign=news_feed&amp;utm_content=read_more_link%22\" target=\"_blank\" rel=\"noreferrer noopener\">20 Minutes dans un article<\/a>. Ces baskets se sont effectivement retrouv\u00e9es&#8230; dans un magasin de seconde main en Bosnie-Herz\u00e9govine. D&rsquo;aucuns y ont vu une \u00ab\u00a0escroquerie caritative\u00a0\u00bb.<\/p>\n\n\n\n<h2 class=\"wp-block-heading\" id=\"as5cf\">Un d\u00e9sastre environnemental au Ghana<\/h2>\n\n\n\n<p class=\"\">Ce fonctionnement est pourtant assum\u00e9 et justifi\u00e9 par les autres associations de collecte de v\u00eatements. Dans&nbsp;<a href=\"https:\/\/www.croix-rouge.fr\/actualite\/quelques-precisions-sur-l-activite-textile-de-la-croix-rouge-francaise-2611\" target=\"_blank\" rel=\"noreferrer noopener\">un communiqu\u00e9 datant de 2021<\/a>, la Croix-Rouge fran\u00e7aise expliquait ne pas pouvoir trier l&rsquo;int\u00e9gralit\u00e9 des dons qu&rsquo;elle re\u00e7oit. Ainsi, \u00ab\u00a0une partie est mise de c\u00f4t\u00e9 et r\u00e9cup\u00e9r\u00e9e par des recycleurs trieurs agr\u00e9\u00e9s Refashion, \u00e0 un prix allant de 40 \u00e0 130 euros la tonne\u00a0\u00bb, explique-t-elle.<\/p>\n\n\n\n<p class=\"\">Gr\u00e2ce \u00e0 cet argent r\u00e9cup\u00e9r\u00e9 les associations de collecte, qui fonctionnent toutes ainsi, peuvent financer leurs actions localement. Un cercle en apparence vertueux donc. Mais qui peut poser certains probl\u00e8mes.<\/p>\n\n\n\n<blockquote class=\"wp-block-quote is-layout-flow wp-block-quote-is-layout-flow\">\n<p class=\"\">\u00ab\u00a0Dans les faits, on a un peu de mal \u00e0 avoir un suivi de ces tonnes de v\u00eatements. Une partie peut \u00eatre mal g\u00e9r\u00e9e et avoir un impact environnemental ou social n\u00e9faste dans les pays o\u00f9 ils se retrouvent\u00a0\u00bb, remarque Pauline Debrabandere de Zero Waste.<\/p>\n<\/blockquote>\n\n\n\n<p class=\"\">Elle fait ainsi r\u00e9f\u00e9rence aux images que l&rsquo;on voit parfois de d\u00e9charges remplies de textiles dans des pays pauvres. Voire de plages o\u00f9 sont \u00e9chou\u00e9es des tonnes de v\u00eatements jet\u00e9s en Europe. C&rsquo;est notamment le cas au Ghana, pays submerg\u00e9 par&nbsp;<a href=\"https:\/\/www.bfmtv.com\/international\/afrique\/un-enorme-incendie-ravage-le-principal-marche-aux-fripes-du-ghana_VN-202501030325.html\">le d\u00e9barquement massif de textiles usag\u00e9s dont une partie est revendue en fripes<\/a>. Mais le reste souvent jet\u00e9. \u00ab\u00a0Il faut un meilleur accompagnement pour am\u00e9liorer cet export et \u00e9viter ces d\u00e9sastres\u00a0\u00bb, plaide Pauline Debrabandere.<\/p>\n\n\n\n<h2 class=\"wp-block-heading\" id=\"bm0p3\">Un quart de v\u00eatements recycl\u00e9s, et beaucoup br\u00fbl\u00e9s<\/h2>\n\n\n\n<p class=\"\">Nos v\u00eatements mis dans des bennes ou donn\u00e9s directement connaissent deux autres points de chute s&rsquo;ils ne sont pas r\u00e9utilis\u00e9s. D&rsquo;abord, ils peuvent \u00eatre recycl\u00e9s. Cela concerne environ 25% de ce qui est r\u00e9cup\u00e9r\u00e9: des textiles trop ab\u00eem\u00e9s pour \u00eatre port\u00e9s, mais encore d&rsquo;assez bonne qualit\u00e9 pour qu&rsquo;ils soient transform\u00e9s en fibres pour la fabrication de nouvelles choses.<\/p>\n\n\n\n<blockquote class=\"wp-block-quote is-layout-flow wp-block-quote-is-layout-flow\">\n<p class=\"\">\u00ab\u00a0Une petite partie est recycl\u00e9e en boucle ferm\u00e9e, c&rsquo;est-\u00e0-dire qu&rsquo;on produira un produit similaire. Par exemple un nouveau pull \u00e0 partir de laine effiloch\u00e9e. Mais g\u00e9n\u00e9ralement on est plut\u00f4t sur du recyclage en boucle ouverte: les fibres recycl\u00e9es servent \u00e0 faire d&rsquo;autres objets ou mat\u00e9riaux\u00a0\u00bb, d\u00e9taille Pauline Debrabandere.<\/p>\n<\/blockquote>\n\n\n\n<p class=\"\">Des v\u00eatements peuvent ainsi \u00eatre transform\u00e9s en chiffons d&rsquo;essuyage pour l&rsquo;industrie, ou&nbsp;<a href=\"https:\/\/www.izi-by-edf-renov.fr\/blog\/isolation-textile-recycle\" target=\"_blank\" rel=\"noreferrer noopener\">en mati\u00e8re isolante pour des b\u00e2timents et v\u00e9hicules<\/a>.<\/p>\n\n\n\n<p class=\"\">Mais finalement, une grosse part des v\u00eatements donn\u00e9s est transform\u00e9e en \u00ab\u00a0CSR\u00a0\u00bb, combustibles solides de r\u00e9cup\u00e9ration, qui seront utilis\u00e9s par des cimenteries ou des usines dans des chaudi\u00e8res et fours industriels. Quelques v\u00eatements sont encore directement incin\u00e9r\u00e9s avec r\u00e9cup\u00e9ration de chaleur, et d&rsquo;autres \u00e9limin\u00e9s sans aucune valorisation \u00e9nerg\u00e9tique (par exemple enfouis).<\/p>\n\n\n\n<p class=\"\">Globalement donc, vos v\u00eatements usag\u00e9s auront toujours un meilleur avenir en \u00e9tant plac\u00e9s dans une benne pour le don plut\u00f4t que dans les ordures m\u00e9nag\u00e8res. Il faut donc continuer de le faire.<\/p>\n\n\n\n<h2 class=\"wp-block-heading\" id=\"enu5p\">La fili\u00e8re traverse une crise profonde<\/h2>\n\n\n\n<p class=\"\">N\u00e9anmoins, la fili\u00e8re de collecte et revalorisation des v\u00eatements subit actuellement une crise profonde. Justement car les textiles de faible qualit\u00e9 repr\u00e9sentent une part croissante. Ce qui s&rsquo;explique d&rsquo;abord par le fait qu&rsquo;avec&nbsp;<a href=\"https:\/\/www.bfmtv.com\/tech\/dans-sa-derniere-campagne-publicitaire-emmaus-se-paye-vinted_AD-202303160453.html\">l&rsquo;essor d&rsquo;une plateforme comme Vinted, les gens pr\u00e9f\u00e8rent revendre plut\u00f4t que donner<\/a>&nbsp;leurs v\u00eatements r\u00e9utilisables. Et d&rsquo;autre part, avec le succ\u00e8s de l&rsquo;ultra fast-fashion, les quelques textiles r\u00e9cup\u00e9r\u00e9s sont de mauvaise qualit\u00e9.<\/p>\n\n\n\n<blockquote class=\"wp-block-quote is-layout-flow wp-block-quote-is-layout-flow\">\n<p class=\"\">\u00ab\u00a070% des v\u00eatements produits dans le monde sont aujourd&rsquo;hui en polyester. Or, on ne peut pas faire grand chose de ce mat\u00e9riau\u00a0\u00bb, regratte Pauline Debrabandere de Zero Waste.<\/p>\n<\/blockquote>\n\n\n\n<p class=\"\">Le Relais, Emma\u00fcs, le Secours Populaire&#8230; Tous se retrouvent avec&nbsp;<a href=\"https:\/\/www.bfmtv.com\/economie\/entreprises\/une-industrie-parmi-les-plus-polluantes-au-monde-l-affichage-du-cout-environnemental-des-vetements-attendu-a-l-ete_AD-202505160713.html\">des tonnes de v\u00eatements de qualit\u00e9 m\u00e9diocre dont ils ne savent que faire<\/a>. La part de v\u00eatements revendus en friperies sociales et solidaires pour \u00eatre r\u00e9employ\u00e9s a d&rsquo;ailleurs diminu\u00e9 ces derni\u00e8res ann\u00e9es.<\/p>\n\n\n\n<p class=\"\">Les associations et organismes de collecte doivent donc de plus en plus d\u00e9l\u00e9guer ces textiles \u00e0 d&rsquo;autres entreprises pour qu&rsquo;elles les recyclent ou br\u00fblent. Or cela leur co\u00fbte de l&rsquo;argent. Normalement cela est justement financ\u00e9 par les revenus tir\u00e9s des ventes pour r\u00e9emploi. Mais si ces revenus baissent, c&rsquo;est le serpent qui se mord la queue.<\/p>\n\n\n\n<blockquote class=\"wp-block-quote is-layout-flow wp-block-quote-is-layout-flow\">\n<p class=\"\">\u00ab\u00a0Ce n&rsquo;est pas avec les petits 7% destin\u00e9s au r\u00e9emploi national qu&rsquo;on peut financer le recyclage et l&rsquo;incin\u00e9ration\u00a0\u00bb, synth\u00e9tise la responsable d&rsquo;ONG.<\/p>\n<\/blockquote>\n\n\n\n<h2 class=\"wp-block-heading\" id=\"e4i2c\">Une \u00e9co-contribution trop faible<\/h2>\n\n\n\n<p class=\"\">La fili\u00e8re est dans l&rsquo;impasse. C&rsquo;est exactement pour cela que Le Relais a men\u00e9 son action choc de d\u00e9verser des tonnes de v\u00eatements partout en France. La soci\u00e9t\u00e9 de collecte s&rsquo;en prend notamment \u00e0 Refashion, l&rsquo;\u00e9co-organisme du secteur de la mode. Cette soci\u00e9t\u00e9 repr\u00e9sentant les marques textiles est en charge de la gestion et la pr\u00e9vention de leurs d\u00e9chets.<\/p>\n\n\n\n<p class=\"\">Dans ce cadre, elle est charg\u00e9e de fixer une \u00ab\u00a0\u00e9co-contribution\u00a0\u00bb pour l&rsquo;achat de tout v\u00eatement. Cette sorte de taxe&nbsp;<a href=\"https:\/\/www.bfmtv.com\/economie\/il-y-a-urgence-a-agir-le-gouvernement-veut-une-filiere-francaise-pour-gerer-les-dechets-de-la-fast-fashion_AD-202505190218.html\">doit financer la fin de vie du v\u00eatement<\/a>. Elle est ainsi redistribu\u00e9e aux associations et entreprises de collecte, tri et recyclage de textiles. Mais aux yeux du Relais, elle est trop faible. Actuellement de 156 euros la tonne de v\u00eatements tri\u00e9s, il souhaiterait qu&rsquo;elle passe \u00e0 304 euros.<\/p>\n","protected":false},"excerpt":{"rendered":"<p>Chaque ann\u00e9e, plus de 260.000 tonnes de v\u00eatements sont collect\u00e9es par plusieurs organismes. La revalorisation de ces textiles passe par le r\u00e9emploi en France ou \u00e0 l&rsquo;\u00e9tranger, le recyclage et l&rsquo;incin\u00e9ration. Ce secteur traverse n\u00e9anmoins une profonde crise qui contraint un acteur comme Le Relais \u00e0 arr\u00eater de collecter des habits us\u00e9s. Depuis ce mardi [&hellip;]<\/p>\n","protected":false},"author":2,"featured_media":36551,"comment_status":"open","ping_status":"open","sticky":false,"template":"","format":"standard","meta":{"_jetpack_memberships_contains_paid_content":false,"footnotes":"","jetpack_publicize_message":"","jetpack_publicize_feature_enabled":true,"jetpack_social_post_already_shared":true,"jetpack_social_options":{"image_generator_settings":{"template":"highway","default_image_id":0,"enabled":true,"token":"eyJpbWciOiJodHRwczpcL1wvd3d3LmljZWFnZXR2LmNvbVwvcmFkaW9zaXRlXC93cC1jb250ZW50XC91cGxvYWRzXC8yMDI1XC8wN1wvR3dYd1AyRFdnQUF4UzViLmpwZyIsInR4dCI6IkVtbWFcdTAwZmNzLCBsYSBDcm9peC1Sb3VnZSwgTGUgUmVsYWlzJiM4MjMwOyBRdWUgZGV2aWVubmVudCBsZXMgdlx1MDBlYXRlbWVudHMgcXVlIHZvdXMgZG9ubmV6PyIsInRlbXBsYXRlIjoiaGlnaHdheSIsImJsb2dfaWQiOjExMTAxNjQ2MX0.TXeBRZV7YXi0yxekBNAGrKZ2w2Jk396d9YcedqbRnD4MQ"},"version":2},"_wpas_customize_per_network":false},"categories":[405],"tags":[],"class_list":["post-36549","post","type-post","status-publish","format-standard","has-post-thumbnail","hentry","category-actu-france-monde"],"jetpack_publicize_connections":[],"jetpack_featured_media_url":"https:\/\/i0.wp.com\/www.iceagetv.com\/radiosite\/wp-content\/uploads\/2025\/07\/GwXwP2DWgAAxS5b.jpg?fit=680%2C383&ssl=1","jetpack_sharing_enabled":true,"_links":{"self":[{"href":"https:\/\/www.iceagetv.com\/radiosite\/wp-json\/wp\/v2\/posts\/36549","targetHints":{"allow":["GET"]}}],"collection":[{"href":"https:\/\/www.iceagetv.com\/radiosite\/wp-json\/wp\/v2\/posts"}],"about":[{"href":"https:\/\/www.iceagetv.com\/radiosite\/wp-json\/wp\/v2\/types\/post"}],"author":[{"embeddable":true,"href":"https:\/\/www.iceagetv.com\/radiosite\/wp-json\/wp\/v2\/users\/2"}],"replies":[{"embeddable":true,"href":"https:\/\/www.iceagetv.com\/radiosite\/wp-json\/wp\/v2\/comments?post=36549"}],"version-history":[{"count":1,"href":"https:\/\/www.iceagetv.com\/radiosite\/wp-json\/wp\/v2\/posts\/36549\/revisions"}],"predecessor-version":[{"id":36552,"href":"https:\/\/www.iceagetv.com\/radiosite\/wp-json\/wp\/v2\/posts\/36549\/revisions\/36552"}],"wp:featuredmedia":[{"embeddable":true,"href":"https:\/\/www.iceagetv.com\/radiosite\/wp-json\/wp\/v2\/media\/36551"}],"wp:attachment":[{"href":"https:\/\/www.iceagetv.com\/radiosite\/wp-json\/wp\/v2\/media?parent=36549"}],"wp:term":[{"taxonomy":"category","embeddable":true,"href":"https:\/\/www.iceagetv.com\/radiosite\/wp-json\/wp\/v2\/categories?post=36549"},{"taxonomy":"post_tag","embeddable":true,"href":"https:\/\/www.iceagetv.com\/radiosite\/wp-json\/wp\/v2\/tags?post=36549"}],"curies":[{"name":"wp","href":"https:\/\/api.w.org\/{rel}","templated":true}]}}