{"id":36561,"date":"2025-07-21T16:45:40","date_gmt":"2025-07-21T14:45:40","guid":{"rendered":"https:\/\/www.iceagetv.com\/radiosite\/?p=36561"},"modified":"2025-07-21T16:45:44","modified_gmt":"2025-07-21T14:45:44","slug":"la-justice-ordonne-lallegement-des-conditions-de-detention-du-criminel-redoine-faid-car-contraires-a-la-dignite-humaine-et-denonce-le-placement-en-isolement-renouvele","status":"publish","type":"post","link":"https:\/\/www.iceagetv.com\/radiosite\/la-justice-ordonne-lallegement-des-conditions-de-detention-du-criminel-redoine-faid-car-contraires-a-la-dignite-humaine-et-denonce-le-placement-en-isolement-renouvele\/","title":{"rendered":"\u00a0La justice ordonne l&rsquo;all\u00e9gement des conditions de d\u00e9tention du criminel R\u00e9doine Fa\u00efd car \u00ab\u00a0contraires \u00e0 la dignit\u00e9 humaine\u00a0\u00bb et d\u00e9nonce \u00ab\u00a0le placement en isolement renouvel\u00e9"},"content":{"rendered":"\n<p class=\"\">La Cour d&rsquo;appel de Douai, dans une ordonnance dat\u00e9e du 21 juillet et consult\u00e9e par RTL, confirme que les conditions de d\u00e9tention de R\u00e9doine Fa\u00efd sont contraires \u00e0 la dignit\u00e9 humaine et donne un mois \u00e0 l&rsquo;administration p\u00e9nitentiaire pour all\u00e9ger ses conditions de d\u00e9tention \u00e0 l&rsquo;isolement.<\/p>\n\n\n\n<p class=\"\">Le 17 juin dernier, le braqueur multir\u00e9cidiviste avait formul\u00e9 un recours contre ses conditions actuelles tr\u00e8s strictes de d\u00e9tention. Si une juge d&rsquo;application lui avait donn\u00e9 raison le 7 juillet dernier, le parquet de B\u00e9thune avait fait appel dans la foul\u00e9e.<\/p>\n\n\n\n<p class=\"\">La justice pointe notamment du doigt les placements \u00e0 l&rsquo;isolement du braqueur \u00ab\u00a0r\u00e9guli\u00e8rement renouvel\u00e9es depuis au moins 11 ann\u00e9es\u00a0\u00bb, tout comme les privations d&rsquo;acc\u00e8s aux parloirs et aux Unit\u00e9s de vie familiales (UVF), des espaces am\u00e9nag\u00e9s au sein des prisons qui permettent aux d\u00e9tenus de recevoir leur famille comme dans un appartement.<\/p>\n\n\n\n<p class=\"\">Plus alarmant encore, explique la cour d&rsquo;appel, l&rsquo;\u00e9tat de sant\u00e9 de R\u00e9doine Fa\u00efd se d\u00e9grade, \u00e0 la fois au vu de son \u00e2ge et de son r\u00e9gime de d\u00e9tention, l&rsquo;homme \u00e9tant incarc\u00e9r\u00e9 dans une cellule avec tr\u00e8s peu de lumi\u00e8re naturelle, sans possibilit\u00e9 r\u00e9elle de faire de l&rsquo;exercice, ni d&rsquo;\u00e9changer avec d&rsquo;autres personnes.<\/p>\n\n\n\n<p class=\"\">Un constat qu&rsquo;elle avait d\u00e9j\u00e0 dress\u00e9 en novembre 2024, et \u00e0 partir duquel la direction de Vendin-le-Vieil s&rsquo;\u00e9tait engag\u00e9e \u00e0 r\u00e9fl\u00e9chir \u00e0 des conditions de d\u00e9tention plus adapt\u00e9es.<\/p>\n\n\n\n<p class=\"\">Pourtant, en 2025, pointe encore la cour d&rsquo;appel de Douai, \u00ab\u00a0la plupart des pistes d\u2019am\u00e9lioration envisag\u00e9es (&#8230;) n\u2019avaient pas \u00e9t\u00e9 mises en place\u00a0\u00bb.<\/p>\n\n\n\n<p class=\"\">Plus encore, le d\u00e9ficit de lumi\u00e8re naturelle qui avait d\u00e9j\u00e0 \u00e9t\u00e9 soulign\u00e9 l&rsquo;an dernier s&rsquo;est aggrav\u00e9 depuis le mois de mai avec l&rsquo;installation d&rsquo;un second grillage \u00e0 la fen\u00eatre de la cellule de R\u00e9doine Fa\u00efd.<\/p>\n","protected":false},"excerpt":{"rendered":"<p>La Cour d&rsquo;appel de Douai, dans une ordonnance dat\u00e9e du 21 juillet et consult\u00e9e par RTL, confirme que les conditions de d\u00e9tention de R\u00e9doine Fa\u00efd sont contraires \u00e0 la dignit\u00e9 humaine et donne un mois \u00e0 l&rsquo;administration p\u00e9nitentiaire pour all\u00e9ger ses conditions de d\u00e9tention \u00e0 l&rsquo;isolement. Le 17 juin dernier, le braqueur multir\u00e9cidiviste avait formul\u00e9 [&hellip;]<\/p>\n","protected":false},"author":2,"featured_media":36563,"comment_status":"open","ping_status":"open","sticky":false,"template":"","format":"standard","meta":{"_jetpack_memberships_contains_paid_content":false,"footnotes":"","jetpack_publicize_message":"","jetpack_publicize_feature_enabled":true,"jetpack_social_post_already_shared":true,"jetpack_social_options":{"image_generator_settings":{"template":"highway","default_image_id":0,"enabled":true,"token":"eyJpbWciOiJodHRwczpcL1wvd3d3LmljZWFnZXR2LmNvbVwvcmFkaW9zaXRlXC93cC1jb250ZW50XC91cGxvYWRzXC8yMDI1XC8wN1wvNEZsdFByWlEuanBnIiwidHh0IjoiXHUwMGEwTGEganVzdGljZSBvcmRvbm5lIGwmIzgyMTc7YWxsXHUwMGU5Z2VtZW50IGRlcyBjb25kaXRpb25zIGRlIGRcdTAwZTl0ZW50aW9uIGR1IGNyaW1pbmVsIFJcdTAwZTlkb2luZSBGYVx1MDBlZmQgY2FyICYjODIyMDtjb250cmFpcmVzIFx1MDBlMCBsYSBkaWduaXRcdTAwZTkgaHVtYWluZSYjODIyMTsgZXQgZFx1MDBlOW5vbmNlICYjODIyMDtsZSBwbGFjZW1lbnQgZW4gaXNvbGVtZW50IHJlbm91dmVsXHUwMGU5IiwidGVtcGxhdGUiOiJoaWdod2F5IiwiYmxvZ19pZCI6MTExMDE2NDYxfQ.OGQ4glxzdgcU3GH88ooHeeBguegSBuYeEx6YrblNn5QMQ"},"version":2},"_wpas_customize_per_network":false},"categories":[405],"tags":[],"class_list":["post-36561","post","type-post","status-publish","format-standard","has-post-thumbnail","hentry","category-actu-france-monde"],"jetpack_publicize_connections":[],"jetpack_featured_media_url":"https:\/\/i0.wp.com\/www.iceagetv.com\/radiosite\/wp-content\/uploads\/2025\/07\/4FltPrZQ.jpg?fit=679%2C293&ssl=1","jetpack_sharing_enabled":true,"_links":{"self":[{"href":"https:\/\/www.iceagetv.com\/radiosite\/wp-json\/wp\/v2\/posts\/36561","targetHints":{"allow":["GET"]}}],"collection":[{"href":"https:\/\/www.iceagetv.com\/radiosite\/wp-json\/wp\/v2\/posts"}],"about":[{"href":"https:\/\/www.iceagetv.com\/radiosite\/wp-json\/wp\/v2\/types\/post"}],"author":[{"embeddable":true,"href":"https:\/\/www.iceagetv.com\/radiosite\/wp-json\/wp\/v2\/users\/2"}],"replies":[{"embeddable":true,"href":"https:\/\/www.iceagetv.com\/radiosite\/wp-json\/wp\/v2\/comments?post=36561"}],"version-history":[{"count":1,"href":"https:\/\/www.iceagetv.com\/radiosite\/wp-json\/wp\/v2\/posts\/36561\/revisions"}],"predecessor-version":[{"id":36564,"href":"https:\/\/www.iceagetv.com\/radiosite\/wp-json\/wp\/v2\/posts\/36561\/revisions\/36564"}],"wp:featuredmedia":[{"embeddable":true,"href":"https:\/\/www.iceagetv.com\/radiosite\/wp-json\/wp\/v2\/media\/36563"}],"wp:attachment":[{"href":"https:\/\/www.iceagetv.com\/radiosite\/wp-json\/wp\/v2\/media?parent=36561"}],"wp:term":[{"taxonomy":"category","embeddable":true,"href":"https:\/\/www.iceagetv.com\/radiosite\/wp-json\/wp\/v2\/categories?post=36561"},{"taxonomy":"post_tag","embeddable":true,"href":"https:\/\/www.iceagetv.com\/radiosite\/wp-json\/wp\/v2\/tags?post=36561"}],"curies":[{"name":"wp","href":"https:\/\/api.w.org\/{rel}","templated":true}]}}