{"id":36586,"date":"2025-07-22T13:02:07","date_gmt":"2025-07-22T11:02:07","guid":{"rendered":"https:\/\/www.iceagetv.com\/radiosite\/?p=36586"},"modified":"2025-07-22T13:02:12","modified_gmt":"2025-07-22T11:02:12","slug":"dix-sept-premiers-narcotrafiquants-ont-ete-transferes-a-la-prison-de-haute-securite-de-vendin-le-vieil-annonce-gerald-darmanin","status":"publish","type":"post","link":"https:\/\/www.iceagetv.com\/radiosite\/dix-sept-premiers-narcotrafiquants-ont-ete-transferes-a-la-prison-de-haute-securite-de-vendin-le-vieil-annonce-gerald-darmanin\/","title":{"rendered":"Dix-sept premiers narcotrafiquants\u00a0\u00bb ont \u00e9t\u00e9 transf\u00e9r\u00e9s \u00e0 la prison de haute s\u00e9curit\u00e9 de Vendin-le-Vieil, annonce G\u00e9rald Darmanin"},"content":{"rendered":"\n<p class=\"\">Les premiers d\u00e9tenus sont arriv\u00e9s.\u00a0<em>\u00ab\u00a0Les\u00a017 premiers narcotrafiquants, parmi les plus dangereux de notre pays\u00a0\u00bb<\/em>, ont \u00e9t\u00e9 transf\u00e9r\u00e9s \u00e0 la prison de haute s\u00e9curit\u00e9 de Vendin-le-Vieil (Pas-de-Calais), annonce le ministre de la Justice G\u00e9rald Darmanin sur\u00a0<a href=\"https:\/\/x.com\/gdarmanin\/status\/1947591178494398606?s=46&amp;t=Qo4fve4-jZGOyZB-51VS_A\" target=\"_blank\" rel=\"noreferrer noopener\">X(Nouvelle fen\u00eatre)<\/a>\u00a0le 22\u00a0juillet. Cette nouvelle prison doit accueillir\u00a0<a href=\"https:\/\/www.franceinfo.fr\/societe\/prisons\/prisons-de-haute-securite-les-premiers-detenus-ont-ete-informes-de-leur-transfert-pour-la-prison-de-vendin-le-vieil-dans-le-pas-de-calais_7380301.html\">100\u00a0d\u00e9tenus particuli\u00e8rement dangereux d&rsquo;ici \u00e0 la fin du mois de juillet<\/a>. Qu&rsquo;ils soient en d\u00e9tention provisoire ou condamn\u00e9s, la loi pr\u00e9voit qu&rsquo;ils y soient affect\u00e9s sur d\u00e9cision du garde des Sceaux, sous certaines conditions.Les 17&nbsp;prisonniers en question ont \u00e9t\u00e9 transf\u00e9r\u00e9s depuis la maison d&rsquo;arr\u00eat de Fleury-M\u00e9rogis (Essonne), le centre p\u00e9nitentiaire de Fresnes (Val-de-Marne), le centre p\u00e9nitentiaire de Paris-La Sant\u00e9 et depuis le centre p\u00e9nitentiaire de Beauvais (Oise), a appris franceinfo d&rsquo;une source proche du dossier. Parmi les 100&nbsp;d\u00e9tenus concern\u00e9s se trouve notamment&nbsp;<a href=\"https:\/\/www.franceinfo.fr\/societe\/prisons\/prisons-de-haute-securite-mohamed-amra-et-d-autres-detenus-parmi-les-plus-dangereux-de-france-informes-de-leur-transfert-dans-le-pas-de-calais_7382425.html\">le narcotrafiquant Mohamed Amra<\/a>.<\/p>\n\n\n\n<p class=\"\">Dans son message, le ministre salue&nbsp;<em>\u00ab\u00a0un travail acharn\u00e9 de tout le minist\u00e8re de la Justice, des valeureux agents p\u00e9nitentiaires, des magistrats et des forces de l&rsquo;ordre\u00a0\u00bb<\/em>&nbsp;et affirme que le transfert s&rsquo;est d\u00e9roul\u00e9&nbsp;<em>\u00ab\u00a0dans des conditions de s\u00e9curit\u00e9 hors normes\u00a0\u00bb<\/em>. L&rsquo;avocat d&rsquo;un des d\u00e9tenus concern\u00e9s par le transfert&nbsp;<a href=\"https:\/\/www.franceinfo.fr\/societe\/prisons\/prisons-de-haute-securite-l-avocat-d-un-detenu-bientot-transfere-a-vendin-le-vieil-denonce-des-moyens-de-recours-fictifs_7382176.html\">d\u00e9non\u00e7ait sur franceinfo des moyens de recours&nbsp;<em>\u00ab\u00a0fictifs\u00a0\u00bb<\/em><\/a>&nbsp;:<em>&nbsp;\u00ab\u00a0Nous avons un ministre de la Justice qui n&rsquo;a pas le droit d&rsquo;intervenir dans les affaires internes et qui, tel un empereur, va avec un grand stylo signer des ordres de transfert\u00a0\u00bb<\/em>, proteste l&rsquo;avocat.&nbsp;Un second quartier de haute s\u00e9curit\u00e9 doit entrer en fonctions \u00e0 la mi-octobre \u00e0 la prison de Cond\u00e9-sur-Sarthe (Orne).<\/p>\n","protected":false},"excerpt":{"rendered":"<p>Les premiers d\u00e9tenus sont arriv\u00e9s.\u00a0\u00ab\u00a0Les\u00a017 premiers narcotrafiquants, parmi les plus dangereux de notre pays\u00a0\u00bb, ont \u00e9t\u00e9 transf\u00e9r\u00e9s \u00e0 la prison de haute s\u00e9curit\u00e9 de Vendin-le-Vieil (Pas-de-Calais), annonce le ministre de la Justice G\u00e9rald Darmanin sur\u00a0X(Nouvelle fen\u00eatre)\u00a0le 22\u00a0juillet. Cette nouvelle prison doit accueillir\u00a0100\u00a0d\u00e9tenus particuli\u00e8rement dangereux d&rsquo;ici \u00e0 la fin du mois de juillet. Qu&rsquo;ils soient en [&hellip;]<\/p>\n","protected":false},"author":2,"featured_media":36587,"comment_status":"open","ping_status":"open","sticky":false,"template":"","format":"standard","meta":{"_jetpack_memberships_contains_paid_content":false,"footnotes":"","jetpack_publicize_message":"","jetpack_publicize_feature_enabled":true,"jetpack_social_post_already_shared":true,"jetpack_social_options":{"image_generator_settings":{"template":"highway","default_image_id":0,"enabled":true,"token":"eyJpbWciOiJodHRwczpcL1wvd3d3LmljZWFnZXR2LmNvbVwvcmFkaW9zaXRlXC93cC1jb250ZW50XC91cGxvYWRzXC8yMDI1XC8wN1wvaTJ0NEVJb2suanBnIiwidHh0IjoiRGl4LXNlcHQgcHJlbWllcnMgbmFyY290cmFmaXF1YW50cyYjODIyMTsgb250IFx1MDBlOXRcdTAwZTkgdHJhbnNmXHUwMGU5clx1MDBlOXMgXHUwMGUwIGxhIHByaXNvbiBkZSBoYXV0ZSBzXHUwMGU5Y3VyaXRcdTAwZTkgZGUgVmVuZGluLWxlLVZpZWlsLCBhbm5vbmNlIEdcdTAwZTlyYWxkIERhcm1hbmluIiwidGVtcGxhdGUiOiJoaWdod2F5IiwiYmxvZ19pZCI6MTExMDE2NDYxfQ.0b7Gl_9SxRySrPqnSmQJz1r8czgOQf9mrmxwKuYI9KYMQ"},"version":2},"_wpas_customize_per_network":false},"categories":[405],"tags":[],"class_list":["post-36586","post","type-post","status-publish","format-standard","has-post-thumbnail","hentry","category-actu-france-monde"],"jetpack_publicize_connections":[],"jetpack_featured_media_url":"https:\/\/i0.wp.com\/www.iceagetv.com\/radiosite\/wp-content\/uploads\/2025\/07\/i2t4EIok.jpg?fit=679%2C293&ssl=1","jetpack_sharing_enabled":true,"_links":{"self":[{"href":"https:\/\/www.iceagetv.com\/radiosite\/wp-json\/wp\/v2\/posts\/36586","targetHints":{"allow":["GET"]}}],"collection":[{"href":"https:\/\/www.iceagetv.com\/radiosite\/wp-json\/wp\/v2\/posts"}],"about":[{"href":"https:\/\/www.iceagetv.com\/radiosite\/wp-json\/wp\/v2\/types\/post"}],"author":[{"embeddable":true,"href":"https:\/\/www.iceagetv.com\/radiosite\/wp-json\/wp\/v2\/users\/2"}],"replies":[{"embeddable":true,"href":"https:\/\/www.iceagetv.com\/radiosite\/wp-json\/wp\/v2\/comments?post=36586"}],"version-history":[{"count":1,"href":"https:\/\/www.iceagetv.com\/radiosite\/wp-json\/wp\/v2\/posts\/36586\/revisions"}],"predecessor-version":[{"id":36588,"href":"https:\/\/www.iceagetv.com\/radiosite\/wp-json\/wp\/v2\/posts\/36586\/revisions\/36588"}],"wp:featuredmedia":[{"embeddable":true,"href":"https:\/\/www.iceagetv.com\/radiosite\/wp-json\/wp\/v2\/media\/36587"}],"wp:attachment":[{"href":"https:\/\/www.iceagetv.com\/radiosite\/wp-json\/wp\/v2\/media?parent=36586"}],"wp:term":[{"taxonomy":"category","embeddable":true,"href":"https:\/\/www.iceagetv.com\/radiosite\/wp-json\/wp\/v2\/categories?post=36586"},{"taxonomy":"post_tag","embeddable":true,"href":"https:\/\/www.iceagetv.com\/radiosite\/wp-json\/wp\/v2\/tags?post=36586"}],"curies":[{"name":"wp","href":"https:\/\/api.w.org\/{rel}","templated":true}]}}