{"id":36599,"date":"2025-07-23T07:15:03","date_gmt":"2025-07-23T05:15:03","guid":{"rendered":"https:\/\/www.iceagetv.com\/radiosite\/?p=36599"},"modified":"2025-07-23T07:15:07","modified_gmt":"2025-07-23T05:15:07","slug":"proces-annonce-pour-rachida-dati-la-contre-attaque-musclee-de-la-ministre-hier-soir-sur-lci-elle-ne-demissionnera-pas-et-denonce-une-justice-qui-sest-parfois-mal-comportee","status":"publish","type":"post","link":"https:\/\/www.iceagetv.com\/radiosite\/proces-annonce-pour-rachida-dati-la-contre-attaque-musclee-de-la-ministre-hier-soir-sur-lci-elle-ne-demissionnera-pas-et-denonce-une-justice-qui-sest-parfois-mal-comportee\/","title":{"rendered":"Proc\u00e8s annonc\u00e9 pour Rachida Dati : La contre attaque muscl\u00e9e de la Ministre hier soir sur LCI : Elle ne d\u00e9missionnera pas et d\u00e9nonce \u00ab\u00a0une justice qui s&rsquo;est parfois mal comport\u00e9e"},"content":{"rendered":"\n<p class=\"\">C&rsquo;est ce que l&rsquo;on appelle une contre attaque forte et \u00e9nergique. Quelques heures apr\u00e8s avoir \u00e9t\u00e9 renvoy\u00e9e en correctionnelle pour corruption, Rachida Dati \u00e9tait hier soir sur le plateau de LCI. Dans la journ\u00e9e, on a appris que la ministre, \u00e2g\u00e9e de 59 ans, sera jug\u00e9e pour recel d&rsquo;abus de pouvoir et d&rsquo;abus de confiance, corruption et trafic d&rsquo;influence passifs par personne investie d&rsquo;un mandat \u00e9lectif public au sein d&rsquo;une organisation internationale, le Parlement europ\u00e9en.Rachida Dati est soup\u00e7onn\u00e9e d&rsquo;avoir per\u00e7u 900.000 euros entre 2010 et 2012 pour des prestations de conseil act\u00e9es dans une convention d&rsquo;honoraires sign\u00e9e le 28 octobre 2009 avec RNBV, filiale de l&rsquo;alliance Renault-Nissan, mais sans avoir r\u00e9ellement travaill\u00e9, alors qu&rsquo;elle \u00e9tait avocate et d\u00e9put\u00e9e europ\u00e9enne (2009-2019).Hier soir, elle \u00e9tait donc sur le plateau de LCI et la ministre de la Culture rejette tout pacte de corruption avec l&rsquo;ancien patron de Renault-Nissan, Carlos Ghosn, et s&rsquo;att\u00e8le \u00e0 d\u00e9montrer l&rsquo;existence et la pertinence des prestations de conseil pour lesquelles elle est accus\u00e9e d&rsquo;avoir per\u00e7u 900.000 euros entre 2010 et 2012.Mais surtout, elle d\u00e9nonce \u00ab\u00a0une justice qui s&rsquo;est parfois mal comport\u00e9e envers certains de ses proches\u00a0\u00bb et le comportement de certains magistrats qui refuseraient, selon elle, \u00ab\u00a0de faire leur travail selon le code de proc\u00e9dure\u00a0\u00bb.Rachida Dati assure que \u00ab\u00a0toute la proc\u00e9dure\u00a0\u00bb qui a abouti \u00e0 son renvoi en correctionnelle \u00ab\u00a0a \u00e9t\u00e9 \u00e9maill\u00e9e d&rsquo;incidents\u00a0\u00bb. \u00ab\u00a0Je suis mise en examen sur un rapport incomplet\u00a0\u00bb, d\u00e9nonce-t-elle, \u00e9voquant \u00e9galement \u00ab\u00a0des perquisitions ill\u00e9gales\u00a0\u00bb et des documents importants \u00ab\u00a0introuvables\u00a0\u00bb.\u00a0\u00bbJe pensais que quand il y avait des demandes d&rsquo;actes et qu&rsquo;elles \u00e9taient rejet\u00e9es, elles \u00e9taient motiv\u00e9es. Et ce n&rsquo;est pas le cas\u00a0\u00bb. Je demande des actes, des confrontations, on me les refuseIl y des atteintes graves au droit de la d\u00e9fenseet certains magistrats marchent dessus\u00a0\u00bb.Au cours de cet entretien, la ministre de la Culture a \u00e9galement exclu toute d\u00e9mission du gouvernement, indiquant qu&rsquo;elle n&rsquo;est \u00ab\u00a0pas condamn\u00e9e\u00a0\u00bb.Quant aux prochaines municipales, Rachida Dati affirme, sans pour autant officialiser sa candidature, que \u00ab\u00a0tous sont d\u00e9termin\u00e9s \u00e0 ce que Paris connaisse une alternance, que Paris redevienne le plus bel \u00e9cran\u00a0\u00bb. \u00ab\u00a0Ce sont les Parisiennes et les Parisiens qui d\u00e9cideront\u00a0\u00bb du nouveau maire, a-t-elle conclu.<\/p>\n","protected":false},"excerpt":{"rendered":"<p>C&rsquo;est ce que l&rsquo;on appelle une contre attaque forte et \u00e9nergique. Quelques heures apr\u00e8s avoir \u00e9t\u00e9 renvoy\u00e9e en correctionnelle pour corruption, Rachida Dati \u00e9tait hier soir sur le plateau de LCI. Dans la journ\u00e9e, on a appris que la ministre, \u00e2g\u00e9e de 59 ans, sera jug\u00e9e pour recel d&rsquo;abus de pouvoir et d&rsquo;abus de confiance, [&hellip;]<\/p>\n","protected":false},"author":2,"featured_media":36600,"comment_status":"open","ping_status":"open","sticky":false,"template":"","format":"standard","meta":{"_jetpack_memberships_contains_paid_content":false,"footnotes":"","jetpack_publicize_message":"","jetpack_publicize_feature_enabled":true,"jetpack_social_post_already_shared":false,"jetpack_social_options":{"image_generator_settings":{"template":"highway","default_image_id":0,"enabled":true,"token":"eyJpbWciOiJodHRwczpcL1wvd3d3LmljZWFnZXR2LmNvbVwvcmFkaW9zaXRlXC93cC1jb250ZW50XC91cGxvYWRzXC8yMDI1XC8wN1wvZGF0aV9sY2lfMC5qcGciLCJ0eHQiOiJQcm9jXHUwMGU4cyBhbm5vbmNcdTAwZTkgcG91ciBSYWNoaWRhIERhdGkgOiBMYSBjb250cmUgYXR0YXF1ZSBtdXNjbFx1MDBlOWUgZGUgbGEgTWluaXN0cmUgaGllciBzb2lyIHN1ciBMQ0kgOiBFbGxlIG5lIGRcdTAwZTltaXNzaW9ubmVyYSBwYXMgZXQgZFx1MDBlOW5vbmNlICYjODIyMDt1bmUganVzdGljZSBxdWkgcyYjODIxNztlc3QgcGFyZm9pcyBtYWwgY29tcG9ydFx1MDBlOWUiLCJ0ZW1wbGF0ZSI6ImhpZ2h3YXkiLCJibG9nX2lkIjoxMTEwMTY0NjF9.ZU1mvovXv3GFESK83qF2KG6KMSHpa1HprfU523o8u50MQ"},"version":2},"_wpas_customize_per_network":false},"categories":[405],"tags":[],"class_list":["post-36599","post","type-post","status-publish","format-standard","has-post-thumbnail","hentry","category-actu-france-monde"],"jetpack_publicize_connections":[],"jetpack_featured_media_url":"https:\/\/i0.wp.com\/www.iceagetv.com\/radiosite\/wp-content\/uploads\/2025\/07\/dati_lci_0.jpg?fit=920%2C397&ssl=1","jetpack_sharing_enabled":true,"_links":{"self":[{"href":"https:\/\/www.iceagetv.com\/radiosite\/wp-json\/wp\/v2\/posts\/36599","targetHints":{"allow":["GET"]}}],"collection":[{"href":"https:\/\/www.iceagetv.com\/radiosite\/wp-json\/wp\/v2\/posts"}],"about":[{"href":"https:\/\/www.iceagetv.com\/radiosite\/wp-json\/wp\/v2\/types\/post"}],"author":[{"embeddable":true,"href":"https:\/\/www.iceagetv.com\/radiosite\/wp-json\/wp\/v2\/users\/2"}],"replies":[{"embeddable":true,"href":"https:\/\/www.iceagetv.com\/radiosite\/wp-json\/wp\/v2\/comments?post=36599"}],"version-history":[{"count":1,"href":"https:\/\/www.iceagetv.com\/radiosite\/wp-json\/wp\/v2\/posts\/36599\/revisions"}],"predecessor-version":[{"id":36601,"href":"https:\/\/www.iceagetv.com\/radiosite\/wp-json\/wp\/v2\/posts\/36599\/revisions\/36601"}],"wp:featuredmedia":[{"embeddable":true,"href":"https:\/\/www.iceagetv.com\/radiosite\/wp-json\/wp\/v2\/media\/36600"}],"wp:attachment":[{"href":"https:\/\/www.iceagetv.com\/radiosite\/wp-json\/wp\/v2\/media?parent=36599"}],"wp:term":[{"taxonomy":"category","embeddable":true,"href":"https:\/\/www.iceagetv.com\/radiosite\/wp-json\/wp\/v2\/categories?post=36599"},{"taxonomy":"post_tag","embeddable":true,"href":"https:\/\/www.iceagetv.com\/radiosite\/wp-json\/wp\/v2\/tags?post=36599"}],"curies":[{"name":"wp","href":"https:\/\/api.w.org\/{rel}","templated":true}]}}