{"id":36608,"date":"2025-07-23T12:06:07","date_gmt":"2025-07-23T10:06:07","guid":{"rendered":"https:\/\/www.iceagetv.com\/radiosite\/?p=36608"},"modified":"2025-07-23T12:06:11","modified_gmt":"2025-07-23T10:06:11","slug":"le-parquet-de-paris-confirme-ses-requisitions-de-proces-pour-viols-et-agressions-sexuelles-contre-gerard-depardieu-sur-la-comedienne-charlotte-arnould","status":"publish","type":"post","link":"https:\/\/www.iceagetv.com\/radiosite\/le-parquet-de-paris-confirme-ses-requisitions-de-proces-pour-viols-et-agressions-sexuelles-contre-gerard-depardieu-sur-la-comedienne-charlotte-arnould\/","title":{"rendered":"Le parquet de Paris confirme ses r\u00e9quisitions de proc\u00e8s pour viols et agressions sexuelles contre G\u00e9rard Depardieu sur la com\u00e9dienne Charlotte Arnould"},"content":{"rendered":"\n<p class=\"\">Le parquet de Paris a de nouveau requis contre l&rsquo;acteur G\u00e9rard Depardieu un proc\u00e8s pour viols et agressions sexuelles sur la com\u00e9dienne Charlotte Arnould, apr\u00e8s de premi\u00e8res r\u00e9quisitions en ce sens en ao\u00fbt 2024 qui n&rsquo;\u00e9taient plus valides pour raisons proc\u00e9durales, a appris l&rsquo;AFP de source proche du dossier mercredi.<\/p>\n\n\n\n<p class=\"\">Sollicit\u00e9 par l&rsquo;AFP, le minist\u00e8re public a confirm\u00e9 avoir \u00ab\u00a0requis\u00a0\u00bb mardi \u00ab\u00a0le renvoi de G\u00e9rard Depardieu devant la cour criminelle d\u00e9partementale de Paris, pour \u00eatre jug\u00e9 des infractions de viols et agressions sexuelles au pr\u00e9judice de Charlotte Arnould les 7 et 13 ao\u00fbt 2018.\u00a0\u00bb<\/p>\n\n\n\n<p class=\"\">Le parquet de Paris avait d\u00e9j\u00e0 pris de telles r\u00e9quisitions le 14 ao\u00fbt 2024, mais depuis, l&rsquo;enqu\u00eate avait \u00e9t\u00e9 rouverte apr\u00e8s une demande d&rsquo;expertise de l&rsquo;acteur sur des propos sexuels et sexistes qu&rsquo;il avait tenus lors d&rsquo;un tournage en Cor\u00e9e du Nord, r\u00e9v\u00e9l\u00e9s par Compl\u00e9ment d&rsquo;enqu\u00eate (France 2) en d\u00e9cembre 2023 et qui avaient fait scandale. On pouvait y voir G\u00e9rard Depardieu multiplier les commentaires misogynes et insultants dans un haras, notamment \u00e0 un moment o\u00f9 \u00e0 l&rsquo;\u00e9cran, une fillette faisait du cheval.<\/p>\n\n\n\n<p class=\"\">L&rsquo;acteur affirmait que ses propos visaient une autre femme, adulte, et pr\u00e9tendait aussi qu&rsquo;il s&rsquo;agissait d&rsquo;une sc\u00e8ne de fiction. Dans l&rsquo;expertise rendue mi-mai dont l&rsquo;AFP a eu connaissance, un expert informatique a tranch\u00e9, estimant que les \u00ab\u00a0propos \u00e0 connotation sexuelle ont \u00e9t\u00e9 adress\u00e9s \u00e0 l&rsquo;\u00e9gard d&rsquo;une fillette \u00e9voluant sur un poney\u00a0\u00bb.<\/p>\n\n\n\n<p class=\"\">La question de savoir si les images ont \u00e9t\u00e9 manipul\u00e9es fera l&rsquo;objet d&rsquo;une audience correctionnelle le 2 octobre prochain. Dans le cadre de cette proc\u00e9dure distincte, une autre expertise, civile cette fois, est en attente. L&rsquo;\u00e9mission avait pr\u00e9cipit\u00e9 la chute de l&rsquo;acteur, mis en cause par plusieurs femmes pour des viols et des violences sexuelles, et condamn\u00e9 mi-mai \u00e0 18 mois de prison avec sursis \u00e0 Paris pour avoir agress\u00e9 deux femmes sur le tournage des \u00ab\u00a0Volets verts\u00a0\u00bb en 2021 &#8211; une d\u00e9cision dont il a fait appel.<\/p>\n\n\n\n<p class=\"\">Sollicit\u00e9s mercredi par l&rsquo;AFP, ni l&rsquo;avocat de G\u00e9rard Depardieu, J\u00e9r\u00e9mie Assous, ni celle de Charlotte Arnould, Carine Durrieu-Diebolt, n&rsquo;ont r\u00e9pondu.<\/p>\n\n\n\n<p class=\"\">La d\u00e9cision finale sur la tenue d&rsquo;un proc\u00e8s appartient d\u00e9sormais \u00e0 la magistrate instructrice. Selon la source proche du dossier, des recours de M. Depardieu sur cette expertise doivent encore \u00eatre \u00e9tudi\u00e9s par la cour d&rsquo;appel de Paris.<\/p>\n","protected":false},"excerpt":{"rendered":"<p>Le parquet de Paris a de nouveau requis contre l&rsquo;acteur G\u00e9rard Depardieu un proc\u00e8s pour viols et agressions sexuelles sur la com\u00e9dienne Charlotte Arnould, apr\u00e8s de premi\u00e8res r\u00e9quisitions en ce sens en ao\u00fbt 2024 qui n&rsquo;\u00e9taient plus valides pour raisons proc\u00e9durales, a appris l&rsquo;AFP de source proche du dossier mercredi. Sollicit\u00e9 par l&rsquo;AFP, le minist\u00e8re [&hellip;]<\/p>\n","protected":false},"author":2,"featured_media":36610,"comment_status":"open","ping_status":"open","sticky":false,"template":"","format":"standard","meta":{"_jetpack_memberships_contains_paid_content":false,"footnotes":"","jetpack_publicize_message":"","jetpack_publicize_feature_enabled":true,"jetpack_social_post_already_shared":true,"jetpack_social_options":{"image_generator_settings":{"template":"highway","default_image_id":0,"enabled":true,"token":"eyJpbWciOiJodHRwczpcL1wvd3d3LmljZWFnZXR2LmNvbVwvcmFkaW9zaXRlXC93cC1jb250ZW50XC91cGxvYWRzXC8yMDI1XC8wN1wvOEE3S3AyV3IuanBnIiwidHh0IjoiTGUgcGFycXVldCBkZSBQYXJpcyBjb25maXJtZSBzZXMgclx1MDBlOXF1aXNpdGlvbnMgZGUgcHJvY1x1MDBlOHMgcG91ciB2aW9scyBldCBhZ3Jlc3Npb25zIHNleHVlbGxlcyBjb250cmUgR1x1MDBlOXJhcmQgRGVwYXJkaWV1IHN1ciBsYSBjb21cdTAwZTlkaWVubmUgQ2hhcmxvdHRlIEFybm91bGQiLCJ0ZW1wbGF0ZSI6ImhpZ2h3YXkiLCJibG9nX2lkIjoxMTEwMTY0NjF9.cxr576STczrAXPSrnHosFRNaivnYI-Hd2iMPcMjiFwsMQ"},"version":2},"_wpas_customize_per_network":false},"categories":[405],"tags":[],"class_list":["post-36608","post","type-post","status-publish","format-standard","has-post-thumbnail","hentry","category-actu-france-monde"],"jetpack_publicize_connections":[],"jetpack_featured_media_url":"https:\/\/i0.wp.com\/www.iceagetv.com\/radiosite\/wp-content\/uploads\/2025\/07\/8A7Kp2Wr.jpg?fit=679%2C293&ssl=1","jetpack_sharing_enabled":true,"_links":{"self":[{"href":"https:\/\/www.iceagetv.com\/radiosite\/wp-json\/wp\/v2\/posts\/36608","targetHints":{"allow":["GET"]}}],"collection":[{"href":"https:\/\/www.iceagetv.com\/radiosite\/wp-json\/wp\/v2\/posts"}],"about":[{"href":"https:\/\/www.iceagetv.com\/radiosite\/wp-json\/wp\/v2\/types\/post"}],"author":[{"embeddable":true,"href":"https:\/\/www.iceagetv.com\/radiosite\/wp-json\/wp\/v2\/users\/2"}],"replies":[{"embeddable":true,"href":"https:\/\/www.iceagetv.com\/radiosite\/wp-json\/wp\/v2\/comments?post=36608"}],"version-history":[{"count":1,"href":"https:\/\/www.iceagetv.com\/radiosite\/wp-json\/wp\/v2\/posts\/36608\/revisions"}],"predecessor-version":[{"id":36611,"href":"https:\/\/www.iceagetv.com\/radiosite\/wp-json\/wp\/v2\/posts\/36608\/revisions\/36611"}],"wp:featuredmedia":[{"embeddable":true,"href":"https:\/\/www.iceagetv.com\/radiosite\/wp-json\/wp\/v2\/media\/36610"}],"wp:attachment":[{"href":"https:\/\/www.iceagetv.com\/radiosite\/wp-json\/wp\/v2\/media?parent=36608"}],"wp:term":[{"taxonomy":"category","embeddable":true,"href":"https:\/\/www.iceagetv.com\/radiosite\/wp-json\/wp\/v2\/categories?post=36608"},{"taxonomy":"post_tag","embeddable":true,"href":"https:\/\/www.iceagetv.com\/radiosite\/wp-json\/wp\/v2\/tags?post=36608"}],"curies":[{"name":"wp","href":"https:\/\/api.w.org\/{rel}","templated":true}]}}