{"id":36619,"date":"2025-07-23T15:22:57","date_gmt":"2025-07-23T13:22:57","guid":{"rendered":"https:\/\/www.iceagetv.com\/radiosite\/?p=36619"},"modified":"2025-07-23T15:23:04","modified_gmt":"2025-07-23T13:23:04","slug":"cest-une-attaque-sur-un-lieu-sacre-la-desolation-de-la-communaute-catholique-apres-une-frappe-sur-une-eglise-a-gaza","status":"publish","type":"post","link":"https:\/\/www.iceagetv.com\/radiosite\/cest-une-attaque-sur-un-lieu-sacre-la-desolation-de-la-communaute-catholique-apres-une-frappe-sur-une-eglise-a-gaza\/","title":{"rendered":"\u00ab\u00a0C&rsquo;est une attaque sur un lieu sacr\u00e9\u00a0\u00bb : la d\u00e9solation de la communaut\u00e9 catholique apr\u00e8s une frappe sur une \u00e9glise \u00e0 Gaza"},"content":{"rendered":"\n<p class=\"\">Une frappe a vis\u00e9, jeudi 17 juillet, l&rsquo;\u00e9glise du monast\u00e8re latin, seule paroisse catholique de la bande de Gaza. Le Patriarcat latin de J\u00e9rusalem \u00e9voque deux morts et plusieurs bless\u00e9s, alors qu&rsquo;Isra\u00ebl d\u00e9ment en \u00eatre \u00e0 l&rsquo;origine.L\u2019\u00c9glise catholique de Gaza a-t-elle \u00e9t\u00e9 cibl\u00e9e, jeudi 17 juillet, par l&rsquo;arm\u00e9e isra\u00e9lienne ? Un projectile a touch\u00e9 la seule \u00e9glise catholique du territoire palestinien, refuge depuis le d\u00e9but de la guerre pour cette petite communaut\u00e9. Deux personnes ont \u00e9t\u00e9 tu\u00e9es et d&rsquo;autres ont \u00e9t\u00e9 bless\u00e9es, selon la D\u00e9fense civile de Gaza et le patriarcat latin de J\u00e9rusalem. De son c\u00f4t\u00e9, Isra\u00ebl affirme ne \u00ab\u00a0jamais cibler\u00a0\u00bb de sites religieux dans la bande de Gaza et ajoute que les circonstances dans lesquelles l&rsquo;\u00e9glise a \u00e9t\u00e9 endommag\u00e9e \u00e9taient \u00ab\u00a0en cours d&rsquo;examen\u00a0\u00bb. Sur place, le toit de l&rsquo;\u00e9glise est touch\u00e9, la zone autour de l&rsquo;impact est carbonis\u00e9e, mais la croix au sommet de l&rsquo;\u00e9difice n&rsquo;a pas boug\u00e9. Farid Joubran, le porte-parole du patriarcat latin de J\u00e9rusalem, est en lien direct avec la paroisse de Gaza : \u00ab\u00a0Une attaque sur une \u00e9glise, c\u2019est une attaque sur un lieu sacr\u00e9, un lieu de pri\u00e8re.\u00a0\u00bb Parmi les bless\u00e9s, il y a le p\u00e8re de la paroisse, le p\u00e8re Gabriel Romanelli.L\u2019homme \u00e9tait revenu \u00e0 Gaza, il y a un peu plus d\u2019un an. Son \u00e9glise \u00e9tait devenue un abri pour plus de 500 personnes qui se pensaient, jusque-l\u00e0, prot\u00e9g\u00e9es.<\/p>\n","protected":false},"excerpt":{"rendered":"<p>Une frappe a vis\u00e9, jeudi 17 juillet, l&rsquo;\u00e9glise du monast\u00e8re latin, seule paroisse catholique de la bande de Gaza. Le Patriarcat latin de J\u00e9rusalem \u00e9voque deux morts et plusieurs bless\u00e9s, alors qu&rsquo;Isra\u00ebl d\u00e9ment en \u00eatre \u00e0 l&rsquo;origine.L\u2019\u00c9glise catholique de Gaza a-t-elle \u00e9t\u00e9 cibl\u00e9e, jeudi 17 juillet, par l&rsquo;arm\u00e9e isra\u00e9lienne ? Un projectile a touch\u00e9 la [&hellip;]<\/p>\n","protected":false},"author":2,"featured_media":36620,"comment_status":"open","ping_status":"open","sticky":false,"template":"","format":"standard","meta":{"_jetpack_memberships_contains_paid_content":false,"footnotes":"","jetpack_publicize_message":"","jetpack_publicize_feature_enabled":true,"jetpack_social_post_already_shared":true,"jetpack_social_options":{"image_generator_settings":{"template":"highway","default_image_id":0,"enabled":true,"token":"eyJpbWciOiJodHRwczpcL1wvd3d3LmljZWFnZXR2LmNvbVwvcmFkaW9zaXRlXC93cC1jb250ZW50XC91cGxvYWRzXC8yMDI1XC8wN1wvU2NyZWVuc2hvdF8yMDI1MDcyM18xNTIxNTQuanBnIiwidHh0IjoiJiM4MjIwO0MmIzgyMTc7ZXN0IHVuZSBhdHRhcXVlIHN1ciB1biBsaWV1IHNhY3JcdTAwZTkmIzgyMjE7IDogbGEgZFx1MDBlOXNvbGF0aW9uIGRlIGxhIGNvbW11bmF1dFx1MDBlOSBjYXRob2xpcXVlIGFwclx1MDBlOHMgdW5lIGZyYXBwZSBzdXIgdW5lIFx1MDBlOWdsaXNlIFx1MDBlMCBHYXphIiwidGVtcGxhdGUiOiJoaWdod2F5IiwiYmxvZ19pZCI6MTExMDE2NDYxfQ.7etaJDtJLyvPrO4yr16AiPB036aSEGBMr6_ep4Gr9lYMQ"},"version":2},"_wpas_customize_per_network":false},"categories":[405],"tags":[],"class_list":["post-36619","post","type-post","status-publish","format-standard","has-post-thumbnail","hentry","category-actu-france-monde"],"jetpack_publicize_connections":[],"jetpack_featured_media_url":"https:\/\/i0.wp.com\/www.iceagetv.com\/radiosite\/wp-content\/uploads\/2025\/07\/Screenshot_20250723_152154.jpg?fit=903%2C506&ssl=1","jetpack_sharing_enabled":true,"_links":{"self":[{"href":"https:\/\/www.iceagetv.com\/radiosite\/wp-json\/wp\/v2\/posts\/36619","targetHints":{"allow":["GET"]}}],"collection":[{"href":"https:\/\/www.iceagetv.com\/radiosite\/wp-json\/wp\/v2\/posts"}],"about":[{"href":"https:\/\/www.iceagetv.com\/radiosite\/wp-json\/wp\/v2\/types\/post"}],"author":[{"embeddable":true,"href":"https:\/\/www.iceagetv.com\/radiosite\/wp-json\/wp\/v2\/users\/2"}],"replies":[{"embeddable":true,"href":"https:\/\/www.iceagetv.com\/radiosite\/wp-json\/wp\/v2\/comments?post=36619"}],"version-history":[{"count":1,"href":"https:\/\/www.iceagetv.com\/radiosite\/wp-json\/wp\/v2\/posts\/36619\/revisions"}],"predecessor-version":[{"id":36621,"href":"https:\/\/www.iceagetv.com\/radiosite\/wp-json\/wp\/v2\/posts\/36619\/revisions\/36621"}],"wp:featuredmedia":[{"embeddable":true,"href":"https:\/\/www.iceagetv.com\/radiosite\/wp-json\/wp\/v2\/media\/36620"}],"wp:attachment":[{"href":"https:\/\/www.iceagetv.com\/radiosite\/wp-json\/wp\/v2\/media?parent=36619"}],"wp:term":[{"taxonomy":"category","embeddable":true,"href":"https:\/\/www.iceagetv.com\/radiosite\/wp-json\/wp\/v2\/categories?post=36619"},{"taxonomy":"post_tag","embeddable":true,"href":"https:\/\/www.iceagetv.com\/radiosite\/wp-json\/wp\/v2\/tags?post=36619"}],"curies":[{"name":"wp","href":"https:\/\/api.w.org\/{rel}","templated":true}]}}