{"id":36638,"date":"2025-07-25T08:13:34","date_gmt":"2025-07-25T06:13:34","guid":{"rendered":"https:\/\/www.iceagetv.com\/radiosite\/?p=36638"},"modified":"2025-07-25T08:13:38","modified_gmt":"2025-07-25T06:13:38","slug":"reconnaissance-de-letat-de-palestine-par-emmanuel-macron-nombreuses-reactions-a-travers-le-monde-et-colere-disrael-et-des-usa-la-decision-francaise-recompense-la-terreur-benjamin-netanyah","status":"publish","type":"post","link":"https:\/\/www.iceagetv.com\/radiosite\/reconnaissance-de-letat-de-palestine-par-emmanuel-macron-nombreuses-reactions-a-travers-le-monde-et-colere-disrael-et-des-usa-la-decision-francaise-recompense-la-terreur-benjamin-netanyah\/","title":{"rendered":"Reconnaissance de l&rsquo;\u00c9tat de Palestine par Emmanuel Macron &#8211; Nombreuses r\u00e9actions \u00e0 travers le monde et col\u00e8re d&rsquo;Isra\u00ebl et des USA : \u00ab\u00a0La d\u00e9cision fran\u00e7aise r\u00e9compense la terreur\u00a0\u00bb (Benjamin Netanyahu)"},"content":{"rendered":"\n<p class=\"\">Col\u00e8re et consternation pour certains, mais satisfaction pour d&rsquo;autres ! La publication, hier soir d&rsquo;un texte d&rsquo;Emmanuel Macron a sem\u00e9 la confusion&#8230; La France va en effet reconna\u00eetre l&rsquo;\u00c9tat de Palestine lors de l&rsquo;Assembl\u00e9e g\u00e9n\u00e9rale des Nations Unies en septembre \u00e0 New York, a annonc\u00e9, hier, le pr\u00e9sident Emmanuel Macron dans un message post\u00e9 sur ses r\u00e9seaux sociaux.<\/p>\n\n\n\n<p class=\"\">\u00ab\u00a0Fid\u00e8le \u00e0 son engagement historique pour une paix juste et durable au Proche-Orient, j&rsquo;ai d\u00e9cid\u00e9 que la France reconna\u00eetra l&rsquo;\u00c9tat de Palestine. J&rsquo;en ferai l&rsquo;annonce solennelle \u00e0 l&rsquo;Assembl\u00e9e g\u00e9n\u00e9rale des Nations unies [qui a lieu entre le 9 et le 23 septembre, NDLR], au mois de septembre prochain\u00a0\u00bb, \u00e9crit le chef de l&rsquo;\u00c9tat fran\u00e7ais sur ses comptes de r\u00e9seaux sociau.<\/p>\n\n\n\n<p class=\"\">La d\u00e9cision fran\u00e7aise \u00ab\u00a0r\u00e9compense la terreur\u00a0\u00bb, a aussit\u00f4t jug\u00e9 le Premier ministre Benjamin Netanyahu, en r\u00e9f\u00e9rence \u00e0 l&rsquo;attaque sans pr\u00e9c\u00e9dent du Hamas sur le sud d&rsquo;Isra\u00ebl le 7 octobre 2023.<\/p>\n\n\n\n<p class=\"\">Son vice-Premier ministre Yariv Levin a d\u00e9nonc\u00e9 une \u00ab\u00a0d\u00e9cision honteuse\u00a0\u00bb, une \u00ab\u00a0tache noire dans l&rsquo;histoire fran\u00e7aise\u00a0\u00bb, et jug\u00e9 qu&rsquo;il \u00e9tait d\u00e9sormais \u00ab\u00a0temps d&rsquo;appliquer la souverainet\u00e9 isra\u00e9lienne\u00a0\u00bb en Cisjordanie, territoire qu&rsquo;Isra\u00ebl occupe depuis 1967.<\/p>\n\n\n\n<p class=\"\">Les \u00c9tats-Unis ont \u00ab\u00a0fermement\u00a0\u00bb rejet\u00e9 cette d\u00e9cision.<\/p>\n\n\n\n<p class=\"\">\u00ab\u00a0Cette d\u00e9cision imprudente ne sert que la propagande du Hamas et fait reculer le processus de paix. C&rsquo;est un camouflet pour les victimes du 7 octobre\u00a0\u00bb, a d\u00e9clar\u00e9 le secr\u00e9taire d&rsquo;\u00c9tat am\u00e9ricain Marco Rubio sur le r\u00e9seau X.<\/p>\n\n\n\n<p class=\"\">En France, le pr\u00e9sident du RN, Jordan Bardella, a d\u00e9plor\u00e9 une \u00ab\u00a0d\u00e9cision pr\u00e9cipit\u00e9e\u00a0\u00bb, assurant qu&rsquo;elle accordera au Hamas \u00ab\u00a0une l\u00e9gitimit\u00e9 institutionnelle et internationale inesp\u00e9r\u00e9e\u00a0\u00bb. Le leader de La France insoumise Jean-Luc M\u00e9lenchon a lui salu\u00e9 une \u00ab\u00a0victoire morale\u00a0\u00bb.<\/p>\n\n\n\n<p class=\"\">Le vice-pr\u00e9sident de l&rsquo;Organisation de lib\u00e9ration de la Palestine (OLP), Hussein al-Cheikh, a de son c\u00f4t\u00e9 salu\u00e9 cette d\u00e9cision en faveur de \u00ab\u00a0l&rsquo;\u00e9tablissement de notre \u00c9tat ind\u00e9pendant\u00a0\u00bb.<\/p>\n\n\n\n<p class=\"\">\u00ab\u00a0Nous consid\u00e9rons cela comme une \u00e9tape positive dans la bonne direction pour rendre justice \u00e0 notre peuple palestinien opprim\u00e9 et soutenir son droit l\u00e9gitime \u00e0 l&rsquo;autod\u00e9termination\u00a0\u00bb, a de son c\u00f4t\u00e9 \u00e9crit le Hamas dans un communiqu\u00e9, appelant \u00ab\u00a0tous les pays du monde \u2014 surtout les nations europ\u00e9ennes et celles qui n&rsquo;ont pas encore reconnu l&rsquo;\u00c9tat de Palestine \u2014 \u00e0 suivre l&rsquo;exemple de la France\u00a0\u00bb.<\/p>\n\n\n\n<p class=\"\">L&rsquo;Arabie saoudite a salu\u00e9 la d\u00e9cision \u00ab\u00a0historique\u00a0\u00bb du pr\u00e9sident fran\u00e7ais et a appel\u00e9 les autres pays \u00e0 prendre \u00ab\u00a0des mesures positives similaires\u00a0\u00bb.<\/p>\n","protected":false},"excerpt":{"rendered":"<p>Col\u00e8re et consternation pour certains, mais satisfaction pour d&rsquo;autres ! La publication, hier soir d&rsquo;un texte d&rsquo;Emmanuel Macron a sem\u00e9 la confusion&#8230; La France va en effet reconna\u00eetre l&rsquo;\u00c9tat de Palestine lors de l&rsquo;Assembl\u00e9e g\u00e9n\u00e9rale des Nations Unies en septembre \u00e0 New York, a annonc\u00e9, hier, le pr\u00e9sident Emmanuel Macron dans un message post\u00e9 sur [&hellip;]<\/p>\n","protected":false},"author":2,"featured_media":36639,"comment_status":"open","ping_status":"open","sticky":false,"template":"","format":"standard","meta":{"_jetpack_memberships_contains_paid_content":false,"footnotes":"","jetpack_publicize_message":"","jetpack_publicize_feature_enabled":true,"jetpack_social_post_already_shared":true,"jetpack_social_options":{"image_generator_settings":{"template":"highway","default_image_id":0,"enabled":true,"token":"eyJpbWciOiJodHRwczpcL1wvd3d3LmljZWFnZXR2LmNvbVwvcmFkaW9zaXRlXC93cC1jb250ZW50XC91cGxvYWRzXC8yMDI1XC8wN1wvS1pFMHB2Z1kuanBnIiwidHh0IjoiUmVjb25uYWlzc2FuY2UgZGUgbCYjODIxNztcdTAwYzl0YXQgZGUgUGFsZXN0aW5lIHBhciBFbW1hbnVlbCBNYWNyb24gJiM4MjExOyBOb21icmV1c2VzIHJcdTAwZTlhY3Rpb25zIFx1MDBlMCB0cmF2ZXJzIGxlIG1vbmRlIGV0IGNvbFx1MDBlOHJlIGQmIzgyMTc7SXNyYVx1MDBlYmwgZXQgZGVzIFVTQSA6ICYjODIyMDtMYSBkXHUwMGU5Y2lzaW9uIGZyYW5cdTAwZTdhaXNlIHJcdTAwZTljb21wZW5zZSBsYSB0ZXJyZXVyJiM4MjIxOyAoQmVuamFtaW4gTmV0YW55YWh1KSIsInRlbXBsYXRlIjoiaGlnaHdheSIsImJsb2dfaWQiOjExMTAxNjQ2MX0.8H4jHjqFStb6P6w4yIrx9epxxBQp-I14ewBg8K5-TSYMQ"},"version":2},"_wpas_customize_per_network":false},"categories":[405],"tags":[],"class_list":["post-36638","post","type-post","status-publish","format-standard","has-post-thumbnail","hentry","category-actu-france-monde"],"jetpack_publicize_connections":[],"jetpack_featured_media_url":"https:\/\/i0.wp.com\/www.iceagetv.com\/radiosite\/wp-content\/uploads\/2025\/07\/KZE0pvgY.jpg?fit=679%2C293&ssl=1","jetpack_sharing_enabled":true,"_links":{"self":[{"href":"https:\/\/www.iceagetv.com\/radiosite\/wp-json\/wp\/v2\/posts\/36638","targetHints":{"allow":["GET"]}}],"collection":[{"href":"https:\/\/www.iceagetv.com\/radiosite\/wp-json\/wp\/v2\/posts"}],"about":[{"href":"https:\/\/www.iceagetv.com\/radiosite\/wp-json\/wp\/v2\/types\/post"}],"author":[{"embeddable":true,"href":"https:\/\/www.iceagetv.com\/radiosite\/wp-json\/wp\/v2\/users\/2"}],"replies":[{"embeddable":true,"href":"https:\/\/www.iceagetv.com\/radiosite\/wp-json\/wp\/v2\/comments?post=36638"}],"version-history":[{"count":1,"href":"https:\/\/www.iceagetv.com\/radiosite\/wp-json\/wp\/v2\/posts\/36638\/revisions"}],"predecessor-version":[{"id":36640,"href":"https:\/\/www.iceagetv.com\/radiosite\/wp-json\/wp\/v2\/posts\/36638\/revisions\/36640"}],"wp:featuredmedia":[{"embeddable":true,"href":"https:\/\/www.iceagetv.com\/radiosite\/wp-json\/wp\/v2\/media\/36639"}],"wp:attachment":[{"href":"https:\/\/www.iceagetv.com\/radiosite\/wp-json\/wp\/v2\/media?parent=36638"}],"wp:term":[{"taxonomy":"category","embeddable":true,"href":"https:\/\/www.iceagetv.com\/radiosite\/wp-json\/wp\/v2\/categories?post=36638"},{"taxonomy":"post_tag","embeddable":true,"href":"https:\/\/www.iceagetv.com\/radiosite\/wp-json\/wp\/v2\/tags?post=36638"}],"curies":[{"name":"wp","href":"https:\/\/api.w.org\/{rel}","templated":true}]}}