{"id":36643,"date":"2025-07-25T09:09:49","date_gmt":"2025-07-25T07:09:49","guid":{"rendered":"https:\/\/www.iceagetv.com\/radiosite\/?p=36643"},"modified":"2025-07-25T09:09:53","modified_gmt":"2025-07-25T07:09:53","slug":"que-la-france-prenne-des-sanctions-apres-lannonce-de-la-reconnaissance-de-letat-de-palestine-par-la-france-ces-associations-reclament-une-action-plus-ferme-de-lelysee","status":"publish","type":"post","link":"https:\/\/www.iceagetv.com\/radiosite\/que-la-france-prenne-des-sanctions-apres-lannonce-de-la-reconnaissance-de-letat-de-palestine-par-la-france-ces-associations-reclament-une-action-plus-ferme-de-lelysee\/","title":{"rendered":"Que la France prenne des sanctions\u00a0\u00bb : apr\u00e8s l&rsquo;annonce de la reconnaissance de l&rsquo;Etat de Palestine par la France, ces associations r\u00e9clament une action plus ferme de l&rsquo;\u00c9lys\u00e9e"},"content":{"rendered":"\n<p class=\"\">La France va reconna\u00eetre l&rsquo;Etat de Palestine lors de l&rsquo;Assembl\u00e9e g\u00e9n\u00e9rale des Nations unies en septembre \u00e0 New York, a annonc\u00e9 jeudi Emmanuel Macron sur ses r\u00e9seaux sociaux. Des associations fran\u00e7aises de soutien \u00e0 la Palestine demandent d\u00e9sormais des actes concrets.<em>Nous gagnerons la paix<\/em>\u00ab\u00a0. La France va reconna\u00eetre l&rsquo;Etat de Palestine en septembre \u00e0 l&rsquo;ONU, a annonc\u00e9 jeudi 24 juillet le pr\u00e9sident Emmanuel Macron, esp\u00e9rant cr\u00e9er une dynamique collective en ce sens, une d\u00e9cision aussit\u00f4t d\u00e9cri\u00e9e par Isra\u00ebl comme\u00a0<a href=\"https:\/\/www.franceinfo.fr\/monde\/proche-orient\/israel-palestine\/reconnaissance-francaise-de-l-etat-palestinien-une-telle-decision-recompense-la-terreur-fustige-benyamin-netanyahou_7397038.html\">une \u00ab\u00a0<em>r\u00e9compense de la terreur<\/em>\u00ab\u00a0<\/a>. Quelques instants seulement apr\u00e8s le message du chef de l&rsquo;Etat sur les r\u00e9seaux sociaux, de\u00a0<a href=\"https:\/\/www.franceinfo.fr\/monde\/palestine\/mieux-vaut-tard-que-jamais-decision-courageuse-les-reactions-politiques-apres-l-annonce-d-emmanuel-macron-de-reconnaitre-l-etat-de-palestine_7396984.html\">nombreuses voix se sont \u00e9lev\u00e9es<\/a>, et notamment des associations fran\u00e7aises de d\u00e9fense de la Palestine.Selon elles, il s&rsquo;agit bien d&rsquo;une premi\u00e8re \u00e9tape symbolique, elle n&rsquo;est pas suffisante pour c\u00e9l\u00e9brer. \u00ab\u00a0<em>Les Palestiniens ne seront \u00e0 la f\u00eate que quand il sera mis fin \u00e0 l&rsquo;occupation et \u00e0 la colonisation de leurs terres<\/em>\u00ab\u00a0, estime Anne Tuaillon, pr\u00e9sidente de l&rsquo;association France Palestine Solidarit\u00e9.<\/p>\n\n\n\n<h2 class=\"wp-block-heading\">\u00ab\u00a0Que la France prenne des sanctions\u00a0\u00bb<\/h2>\n\n\n\n<p class=\"\">Elle rappelle que l&rsquo;\u00c9tat fran\u00e7ais et plus de 120 autres nations se sont engag\u00e9es en 2024 \u00e0 mettre un terme au conflit \u00e0 Gaza. \u00ab\u00a0<em>Cette r\u00e9solution du 18 septembre 2024 exige la fin de l&rsquo;occupation et de la colonisation sous une ann\u00e9e. Il reste deux mois pour appliquer la r\u00e9solution qu&rsquo;ils ont vot\u00e9e<\/em>\u00ab\u00a0, souligne-t-elle.<\/p>\n\n\n\n<p class=\"\">Dans cet agenda serr\u00e9, ces associations demandent une action plus ferme de l&rsquo;\u00c9lys\u00e9e, comme \u00ab\u00a0<em>interdire le commerce des produits des colonies isra\u00e9liennes<\/em>\u00ab\u00a0, glisse&nbsp;Pierre Moutin, responsable de plaidoyer pour la plateforme des ONG fran\u00e7aises pour la Palestine. \u00ab\u00a0<em>On attend aussi que la France prenne des sanctions \u00e0 l&rsquo;encontre de responsables isra\u00e9liens de violation des droits humains. La France pourrait aussi exprimer clairement son soutien au mandat d&rsquo;arr\u00eat \u00e0 l&rsquo;encontre de Benyamin N\u00e9tanyahou<\/em>\u00ab\u00a0, poursuit-il.<\/p>\n\n\n\n<p class=\"\">Tous deux esp\u00e8rent que cette d\u00e9cision d&rsquo;Emmanuel Macron poussera d&rsquo;autres dirigeants \u00e0 lui embo\u00eeter le pas. La France \u00e9tant le premier pays membre du Conseil de s\u00e9curit\u00e9 de l&rsquo;ONU \u00e0 reconna\u00eetre la Palestine.<\/p>\n","protected":false},"excerpt":{"rendered":"<p>La France va reconna\u00eetre l&rsquo;Etat de Palestine lors de l&rsquo;Assembl\u00e9e g\u00e9n\u00e9rale des Nations unies en septembre \u00e0 New York, a annonc\u00e9 jeudi Emmanuel Macron sur ses r\u00e9seaux sociaux. Des associations fran\u00e7aises de soutien \u00e0 la Palestine demandent d\u00e9sormais des actes concrets.Nous gagnerons la paix\u00ab\u00a0. La France va reconna\u00eetre l&rsquo;Etat de Palestine en septembre \u00e0 l&rsquo;ONU, [&hellip;]<\/p>\n","protected":false},"author":2,"featured_media":36644,"comment_status":"open","ping_status":"open","sticky":false,"template":"","format":"standard","meta":{"_jetpack_memberships_contains_paid_content":false,"footnotes":"","jetpack_publicize_message":"","jetpack_publicize_feature_enabled":true,"jetpack_social_post_already_shared":true,"jetpack_social_options":{"image_generator_settings":{"template":"highway","default_image_id":0,"enabled":true,"token":"eyJpbWciOiJodHRwczpcL1wvd3d3LmljZWFnZXR2LmNvbVwvcmFkaW9zaXRlXC93cC1jb250ZW50XC91cGxvYWRzXC8yMDI1XC8wN1wvUXVlLWxhLUZyYW5jZS1wcmVubmUtZGVzLXNhbmN0aW9ucy5qcGciLCJ0eHQiOiJRdWUgbGEgRnJhbmNlIHByZW5uZSBkZXMgc2FuY3Rpb25zJiM4MjIxOyA6IGFwclx1MDBlOHMgbCYjODIxNzthbm5vbmNlIGRlIGxhIHJlY29ubmFpc3NhbmNlIGRlIGwmIzgyMTc7RXRhdCBkZSBQYWxlc3RpbmUgcGFyIGxhIEZyYW5jZSwgY2VzIGFzc29jaWF0aW9ucyByXHUwMGU5Y2xhbWVudCB1bmUgYWN0aW9uIHBsdXMgZmVybWUgZGUgbCYjODIxNztcdTAwYzlseXNcdTAwZTllIiwidGVtcGxhdGUiOiJoaWdod2F5IiwiYmxvZ19pZCI6MTExMDE2NDYxfQ.DIgabBW7B89qoCoUG0qvpoItt4_EHKpnvy6BbqpmnkIMQ"},"version":2},"_wpas_customize_per_network":false},"categories":[405],"tags":[],"class_list":["post-36643","post","type-post","status-publish","format-standard","has-post-thumbnail","hentry","category-actu-france-monde"],"jetpack_publicize_connections":[],"jetpack_featured_media_url":"https:\/\/i0.wp.com\/www.iceagetv.com\/radiosite\/wp-content\/uploads\/2025\/07\/Que-la-France-prenne-des-sanctions.jpg?fit=763%2C464&ssl=1","jetpack_sharing_enabled":true,"_links":{"self":[{"href":"https:\/\/www.iceagetv.com\/radiosite\/wp-json\/wp\/v2\/posts\/36643","targetHints":{"allow":["GET"]}}],"collection":[{"href":"https:\/\/www.iceagetv.com\/radiosite\/wp-json\/wp\/v2\/posts"}],"about":[{"href":"https:\/\/www.iceagetv.com\/radiosite\/wp-json\/wp\/v2\/types\/post"}],"author":[{"embeddable":true,"href":"https:\/\/www.iceagetv.com\/radiosite\/wp-json\/wp\/v2\/users\/2"}],"replies":[{"embeddable":true,"href":"https:\/\/www.iceagetv.com\/radiosite\/wp-json\/wp\/v2\/comments?post=36643"}],"version-history":[{"count":1,"href":"https:\/\/www.iceagetv.com\/radiosite\/wp-json\/wp\/v2\/posts\/36643\/revisions"}],"predecessor-version":[{"id":36645,"href":"https:\/\/www.iceagetv.com\/radiosite\/wp-json\/wp\/v2\/posts\/36643\/revisions\/36645"}],"wp:featuredmedia":[{"embeddable":true,"href":"https:\/\/www.iceagetv.com\/radiosite\/wp-json\/wp\/v2\/media\/36644"}],"wp:attachment":[{"href":"https:\/\/www.iceagetv.com\/radiosite\/wp-json\/wp\/v2\/media?parent=36643"}],"wp:term":[{"taxonomy":"category","embeddable":true,"href":"https:\/\/www.iceagetv.com\/radiosite\/wp-json\/wp\/v2\/categories?post=36643"},{"taxonomy":"post_tag","embeddable":true,"href":"https:\/\/www.iceagetv.com\/radiosite\/wp-json\/wp\/v2\/tags?post=36643"}],"curies":[{"name":"wp","href":"https:\/\/api.w.org\/{rel}","templated":true}]}}