{"id":36657,"date":"2025-07-25T15:11:54","date_gmt":"2025-07-25T13:11:54","guid":{"rendered":"https:\/\/www.iceagetv.com\/radiosite\/?p=36657"},"modified":"2025-07-25T15:11:57","modified_gmt":"2025-07-25T13:11:57","slug":"lallemagne-nenvisage-pas-de-reconnaitre-un-etat-palestinien-a-court-terme","status":"publish","type":"post","link":"https:\/\/www.iceagetv.com\/radiosite\/lallemagne-nenvisage-pas-de-reconnaitre-un-etat-palestinien-a-court-terme\/","title":{"rendered":"L\u2019Allemagne \u00abn&rsquo;envisage pas de reconna\u00eetre un \u00c9tat palestinien \u00e0 court terme\u00bb"},"content":{"rendered":"\n<p class=\"\"><strong>Au lendemain de l\u2019annonce par Emmanuel Macron de la reconnaissance par la France d\u2019un \u00c9tat palestinien en septembre prochain, le gouvernement allemand a rejet\u00e9 cette option tout en rappelant son soutien \u00e0 la solution des deux \u00c9tats.<\/strong>Le\u00a0<a href=\"http:\/\/www.lefigaro.fr\/international\/cette-fois-il-n-y-a-pas-d-euphorie-en-allemagne-le-pari-politique-du-gouvernement-merz-20250505\" target=\"_blank\" rel=\"noreferrer noopener\">gouvernement allemand<\/a>\u00a0<em>\u00abn&rsquo;envisage pas de reconna\u00eetre un \u00c9tat palestinien \u00e0 court terme\u00bb<\/em>, a-t-il indiqu\u00e9 ce vendredi 25 juillet, un jour apr\u00e8s l&rsquo;<a href=\"http:\/\/www.lefigaro.fr\/international\/la-france-va-reconnaitre-l-etat-de-palestine-20250724\" target=\"_blank\" rel=\"noreferrer noopener\">annonce<\/a>\u00a0du pr\u00e9sident fran\u00e7ais Emmanuel Macron de le faire en septembre \u00e0 l&rsquo;ONU. Berlin\u00a0<em>\u00abcontinue de consid\u00e9rer la reconnaissance d&rsquo;un \u00c9tat palestinien comme l&rsquo;une des derni\u00e8res \u00e9tapes vers la solution \u00e0 deux \u00c9tats\u00bb<\/em>, a pr\u00e9cis\u00e9 dans un communiqu\u00e9 le porte-parole du gouvernement allemand, Stefan Kornelius, rappelant que la s\u00e9curit\u00e9 d&rsquo;Isra\u00ebl\u00a0<em>\u00abrev\u00eat une importance primordiale\u00bb<\/em>\u00a0pour l&rsquo;Allemagne.En raison de son pass\u00e9 nazi, l&rsquo;Allemagne est, avec les \u00c9tats-Unis, l&rsquo;un des plus fervents soutiens d&rsquo;Isra\u00ebl, et a m\u00eame fait de la s\u00e9curit\u00e9 de ce pays\u00a0<em>\u00abune raison d&rsquo;\u00c9tat\u00bb<\/em>\u00a0depuis 2008. Dans son communiqu\u00e9, le gouvernement allemand appelle \u00e0 un cessez-le-feu \u00e0\u00a0<a href=\"http:\/\/www.lefigaro.fr\/musique\/drapeaux-palestiniens-deprogrammations-slogans-les-festivals-d-ete-rattrapes-par-la-guerre-a-gaza-20250724\" target=\"_blank\" rel=\"noreferrer noopener\">Gaza<\/a>, \u00e0 la lib\u00e9ration des otages isra\u00e9liens et au d\u00e9sarmement du Hamas. Il exhorte aussi Isra\u00ebl \u00e0\u00a0<em>\u00abam\u00e9liorer imm\u00e9diatement (&#8230;) la\u00a0<\/em><a href=\"http:\/\/www.lefigaro.fr\/international\/a-gaza-les-distributions-de-nourriture-virent-au-massacre-20250721\" target=\"_blank\" rel=\"noreferrer noopener\"><em>situation humanitaire catastrophique<\/em><\/a>\u00a0<em>\u00a0\u00e0 Gaza\u00bb<\/em>.Perspective politique viable pour Gaza\u00bb<\/p>\n\n\n\n<p class=\"\">Berlin insiste sur la n\u00e9cessit\u00e9&nbsp;<em>\u00abd&rsquo;une perspective politique viable pour Gaza afin qu&rsquo;un cessez-le-feu temporaire puisse d\u00e9boucher sur une paix durable\u00bb<\/em>. Et enfin, le gouvernement allemand pr\u00e9vient Isra\u00ebl qu&rsquo;<em>\u00abil ne doit y avoir aucune nouvelle mesure en vue d&rsquo;une annexion de la Cisjordanie\u00bb.&nbsp;<\/em>Soulignant \u00eatre en contact permanent avec le gouvernement isra\u00e9lien et les partenaires internationaux, il se dit pr\u00eat \u00e0&nbsp;<em>\u00abaugmenter la pression si aucun progr\u00e8s (sur les points pr\u00e9cit\u00e9s, NDLR) n&rsquo;est fait\u00bb<\/em>.<\/p>\n\n\n\n<p class=\"\">Le premier ministre britannique Keir Starmer a annonc\u00e9 jeudi&nbsp;<em>\u00abun entretien d&rsquo;urgence\u00bb<\/em>&nbsp;sur Gaza vendredi avec ses homologues fran\u00e7ais et allemand pour voir comment&nbsp;<em>\u00abarr\u00eater les massacres et fournir \u00e0 la population la nourriture dont elle a d\u00e9sesp\u00e9r\u00e9ment besoin\u00bb<\/em>.<\/p>\n\n\n\n<p class=\"\">Le gouvernement allemand n&rsquo;a pas sign\u00e9 l&rsquo;<a href=\"http:\/\/www.lefigaro.fr\/international\/25-pays-dont-la-france-et-le-royaume-uni-appellent-a-mettre-fin-immediatement-a-la-guerre-a-gaza-20250721\" target=\"_blank\" rel=\"noreferrer noopener\">appel de 28 pays<\/a>, dont le Royaume-Uni et la France, \u00e0 mettre fin&nbsp;<em>\u00abimm\u00e9diatement\u00bb<\/em>&nbsp;\u00e0 la guerre dans la bande de Gaza assi\u00e9g\u00e9e par Isra\u00ebl, ce qui a suscit\u00e9 de nombreuses critiques dans le pays, notamment de la part des sociaux-d\u00e9mocrates qui participent \u00e0 la coalition du chancelier conservateur Friedrich Merz.<\/p>\n","protected":false},"excerpt":{"rendered":"<p>Au lendemain de l\u2019annonce par Emmanuel Macron de la reconnaissance par la France d\u2019un \u00c9tat palestinien en septembre prochain, le gouvernement allemand a rejet\u00e9 cette option tout en rappelant son soutien \u00e0 la solution des deux \u00c9tats.Le\u00a0gouvernement allemand\u00a0\u00abn&rsquo;envisage pas de reconna\u00eetre un \u00c9tat palestinien \u00e0 court terme\u00bb, a-t-il indiqu\u00e9 ce vendredi 25 juillet, un jour [&hellip;]<\/p>\n","protected":false},"author":2,"featured_media":36658,"comment_status":"open","ping_status":"open","sticky":false,"template":"","format":"standard","meta":{"_jetpack_memberships_contains_paid_content":false,"footnotes":"","jetpack_publicize_message":"","jetpack_publicize_feature_enabled":true,"jetpack_social_post_already_shared":true,"jetpack_social_options":{"image_generator_settings":{"template":"highway","default_image_id":0,"enabled":true,"token":"eyJpbWciOiJodHRwczpcL1wvd3d3LmljZWFnZXR2LmNvbVwvcmFkaW9zaXRlXC93cC1jb250ZW50XC91cGxvYWRzXC8yMDI1XC8wN1wvemJpM3dyX0EuanBnIiwidHh0IjoiTFx1MjAxOUFsbGVtYWduZSBcdTAwYWJuJiM4MjE3O2VudmlzYWdlIHBhcyBkZSByZWNvbm5hXHUwMGVldHJlIHVuIFx1MDBjOXRhdCBwYWxlc3RpbmllbiBcdTAwZTAgY291cnQgdGVybWVcdTAwYmIiLCJ0ZW1wbGF0ZSI6ImhpZ2h3YXkiLCJibG9nX2lkIjoxMTEwMTY0NjF9.TtAjQ3II--FZJeIAU2ojglgIXd1U3SBdfaoyHMqooWwMQ"},"version":2},"_wpas_customize_per_network":false},"categories":[405],"tags":[],"class_list":["post-36657","post","type-post","status-publish","format-standard","has-post-thumbnail","hentry","category-actu-france-monde"],"jetpack_publicize_connections":[],"jetpack_featured_media_url":"https:\/\/i0.wp.com\/www.iceagetv.com\/radiosite\/wp-content\/uploads\/2025\/07\/zbi3wr_A.jpg?fit=680%2C357&ssl=1","jetpack_sharing_enabled":true,"_links":{"self":[{"href":"https:\/\/www.iceagetv.com\/radiosite\/wp-json\/wp\/v2\/posts\/36657","targetHints":{"allow":["GET"]}}],"collection":[{"href":"https:\/\/www.iceagetv.com\/radiosite\/wp-json\/wp\/v2\/posts"}],"about":[{"href":"https:\/\/www.iceagetv.com\/radiosite\/wp-json\/wp\/v2\/types\/post"}],"author":[{"embeddable":true,"href":"https:\/\/www.iceagetv.com\/radiosite\/wp-json\/wp\/v2\/users\/2"}],"replies":[{"embeddable":true,"href":"https:\/\/www.iceagetv.com\/radiosite\/wp-json\/wp\/v2\/comments?post=36657"}],"version-history":[{"count":1,"href":"https:\/\/www.iceagetv.com\/radiosite\/wp-json\/wp\/v2\/posts\/36657\/revisions"}],"predecessor-version":[{"id":36659,"href":"https:\/\/www.iceagetv.com\/radiosite\/wp-json\/wp\/v2\/posts\/36657\/revisions\/36659"}],"wp:featuredmedia":[{"embeddable":true,"href":"https:\/\/www.iceagetv.com\/radiosite\/wp-json\/wp\/v2\/media\/36658"}],"wp:attachment":[{"href":"https:\/\/www.iceagetv.com\/radiosite\/wp-json\/wp\/v2\/media?parent=36657"}],"wp:term":[{"taxonomy":"category","embeddable":true,"href":"https:\/\/www.iceagetv.com\/radiosite\/wp-json\/wp\/v2\/categories?post=36657"},{"taxonomy":"post_tag","embeddable":true,"href":"https:\/\/www.iceagetv.com\/radiosite\/wp-json\/wp\/v2\/tags?post=36657"}],"curies":[{"name":"wp","href":"https:\/\/api.w.org\/{rel}","templated":true}]}}