{"id":36689,"date":"2025-07-26T18:21:12","date_gmt":"2025-07-26T16:21:12","guid":{"rendered":"https:\/\/www.iceagetv.com\/radiosite\/?p=36689"},"modified":"2025-07-26T18:21:16","modified_gmt":"2025-07-26T16:21:16","slug":"franchises-medicales-arrets-maladie-la-ministre-de-la-sante-precise-les-pistes-envisagees-pour-faire-des-economies","status":"publish","type":"post","link":"https:\/\/www.iceagetv.com\/radiosite\/franchises-medicales-arrets-maladie-la-ministre-de-la-sante-precise-les-pistes-envisagees-pour-faire-des-economies\/","title":{"rendered":"Franchises m\u00e9dicales, arr\u00eats maladie\u2026 La ministre de la Sant\u00e9 pr\u00e9cise les pistes envisag\u00e9es pour faire des \u00e9conomies"},"content":{"rendered":"\n<p class=\"\">Fran\u00e7ois Bayrou a demand\u00e9 mi-juillet que les d\u00e9penses de sant\u00e9 soient frein\u00e9es de \u00ab\u00a0l\u2019ordre de\u00a0\u00bb cinq milliards d\u2019euros l\u2019an prochainQuelles pistes pour faire des \u00e9conomies\u00a0?\u00a0<a href=\"https:\/\/www.20minutes.fr\/politique\/catherine-vautrin\/\" target=\"_blank\" rel=\"noreferrer noopener\">Catherine Vautrin<\/a>, la ministre du Travail, de la\u00a0<a href=\"https:\/\/www.20minutes.fr\/sante\/\" target=\"_blank\" rel=\"noreferrer noopener\">Sant\u00e9<\/a>, des Solidarit\u00e9s et des Familles, a d\u00e9taill\u00e9 les mesures d\u2019\u00e9conomie pour freiner les d\u00e9penses de sant\u00e9 l\u2019an prochain dans une interview au\u00a0<em>Monde\u00a0<\/em>publi\u00e9e ce samedi. Le Premier ministre a demand\u00e9 mi-juillet que les d\u00e9penses de sant\u00e9 soient frein\u00e9es de \u00ab\u00a0l\u2019ordre de\u00a0\u00bb cinq milliards d\u2019euros l\u2019an prochain, en demandant notamment un effort de \u00ab\u00a0responsabilisation\u00a0\u00bb des Fran\u00e7ais.La ministre rappelle que&nbsp;<a href=\"https:\/\/www.20minutes.fr\/politique\/francois_bayrou\/\" target=\"_blank\" rel=\"noreferrer noopener\">Fran\u00e7ois Bayrou<\/a>&nbsp;a notamment annonc\u00e9 \u00ab&nbsp;le doublement du plafond des franchises m\u00e9dicales&nbsp;\u00bb \u00e0 100 euros par an (soit les sommes non rembours\u00e9es au patient, fix\u00e9es \u00e0 1 euro par bo\u00eete de m\u00e9dicament). Soulignant qu&rsquo;\u00ab&nbsp;il faut arr\u00eater avec cette id\u00e9e que l\u2019<a href=\"https:\/\/www.20minutes.fr\/dossier\/assurance_maladie\" target=\"_blank\" rel=\"noreferrer noopener\">Assurance-maladie<\/a>, \u00ab\u00a0c\u2019est gratuit, j\u2019y ai droit\u00a0\u00bb&nbsp;\u00bb, elle pr\u00e9cise qu\u2019il y aura un plafond fix\u00e9 \u00ab&nbsp;\u00e0 8 euros maximum par mois&nbsp;\u00bb, et r\u00e9affirme que ces franchises seront pay\u00e9es \u00ab&nbsp;au comptoir&nbsp;\u00bb.<\/p>\n\n\n\n<h2 class=\"wp-block-heading\">Les affections longue dur\u00e9e dans le viseur<\/h2>\n\n\n\n<p class=\"\">Concernant les affections longue dur\u00e9e (ALD), \u00e9galement cit\u00e9es par Fran\u00e7ois Bayrou parmi les mesures d\u2019\u00e9conomies, Catherine Vautrin indique qu\u2019il s\u2019agira d\u2019abord de \u00ab\u00a0faciliter la sortie de ce r\u00e9gime, quand le m\u00e9decin d\u00e9clare que vous \u00eates pleinement gu\u00e9ris d\u2019un accident vasculaire c\u00e9r\u00e9bral ou d\u2019un\u00a0<a href=\"https:\/\/www.20minutes.fr\/dossier\/cancer\" target=\"_blank\" rel=\"noreferrer noopener\">cancer<\/a>, par exemple\u00a0\u00bb. Elle ajoute que le gouvernement entend \u00ab\u00a0interroger le maintien du remboursement \u00e0 100\u00a0% des cures thermales et des\u00a0<a href=\"https:\/\/www.20minutes.fr\/dossier\/medicament\" target=\"_blank\" rel=\"noreferrer noopener\">m\u00e9dicaments<\/a>\u00a0dont le service m\u00e9dical rendu est faible pour les patients en ALD\u00a0\u00bb.Sur un autre sujet sensible, objet de \u00ab&nbsp;d\u00e9rive&nbsp;\u00bb selon Fran\u00e7ois Bayrou, celui des&nbsp;<a href=\"https:\/\/www.20minutes.fr\/dossier\/arret_maladie\" target=\"_blank\" rel=\"noreferrer noopener\">arr\u00eats maladie<\/a>, la ministre explique que le transfert de la prise en charge de ces arr\u00eats, jusqu\u2019au septi\u00e8me jour, \u00e0 l\u2019employeur est une piste \u00ab&nbsp;\u00e0 l\u2019\u00e9tude&nbsp;\u00bb et \u00ab&nbsp;doit faire l\u2019objet de discussions avec les partenaires sociaux&nbsp;\u00bb. \u00ab&nbsp;Dans cette hypoth\u00e8se, les entreprises seraient amen\u00e9es \u00e0 prendre le relais sur cette p\u00e9riode suppl\u00e9mentaire de carence, du quatri\u00e8me au septi\u00e8me jour&nbsp;\u00bb, dit-elle.<\/p>\n\n\n\n<h2 class=\"wp-block-heading\">Limiter le \u00ab&nbsp;nomadisme m\u00e9dical&nbsp;\u00bb<\/h2>\n\n\n\n<p class=\"\">La ministre indique encore que le gouvernement entend \u00ab&nbsp;mettre fin \u00e0 des abus&nbsp;\u00bb et souhaite \u00ab&nbsp;limiter tout premier arr\u00eat de travail \u00e0 quinze jours en&nbsp;<a href=\"https:\/\/www.20minutes.fr\/dossier\/medecine\" target=\"_blank\" rel=\"noreferrer noopener\">m\u00e9decine<\/a>&nbsp;de ville&nbsp;\u00bb, et \u00e0 \u00ab&nbsp;un mois en sortie d\u2019hospitalisation&nbsp;\u00bb, l\u2019id\u00e9e \u00e9tant d\u2019avoir \u00ab&nbsp;une r\u00e9\u00e9valuation plus r\u00e9guli\u00e8re des situations&nbsp;\u00bb.<\/p>\n\n\n\n<p class=\"\">En mati\u00e8re de pr\u00e9vention, la ministre rel\u00e8ve que \u00ab&nbsp;les r\u00e9sidents d\u2019<a href=\"https:\/\/www.20minutes.fr\/dossier\/ehpad\">Ehpad<\/a>&nbsp;sont aujourd\u2019hui vaccin\u00e9s contre la&nbsp;<a href=\"https:\/\/www.20minutes.fr\/dossier\/grippe\">grippe<\/a>&nbsp;\u00e0 hauteur de 85&nbsp;%&nbsp;\u00bb, estimant qu\u2019il reste \u00ab&nbsp;au moins dix points suppl\u00e9mentaires de taux de vaccination&nbsp;\u00bb \u00e0 atteindre. \u00ab&nbsp;Pour cela, je souhaite que la vaccination devienne obligatoire pour les personnes \u00e2g\u00e9es en \u00e9tablissement&nbsp;\u00bb, indique-t-elle.<\/p>\n","protected":false},"excerpt":{"rendered":"<p>Fran\u00e7ois Bayrou a demand\u00e9 mi-juillet que les d\u00e9penses de sant\u00e9 soient frein\u00e9es de \u00ab\u00a0l\u2019ordre de\u00a0\u00bb cinq milliards d\u2019euros l\u2019an prochainQuelles pistes pour faire des \u00e9conomies\u00a0?\u00a0Catherine Vautrin, la ministre du Travail, de la\u00a0Sant\u00e9, des Solidarit\u00e9s et des Familles, a d\u00e9taill\u00e9 les mesures d\u2019\u00e9conomie pour freiner les d\u00e9penses de sant\u00e9 l\u2019an prochain dans une interview au\u00a0Monde\u00a0publi\u00e9e ce [&hellip;]<\/p>\n","protected":false},"author":2,"featured_media":36690,"comment_status":"open","ping_status":"open","sticky":false,"template":"","format":"standard","meta":{"_jetpack_memberships_contains_paid_content":false,"footnotes":"","jetpack_publicize_message":"","jetpack_publicize_feature_enabled":true,"jetpack_social_post_already_shared":true,"jetpack_social_options":{"image_generator_settings":{"template":"highway","default_image_id":0,"enabled":true,"token":"eyJpbWciOiJodHRwczpcL1wvd3d3LmljZWFnZXR2LmNvbVwvcmFkaW9zaXRlXC93cC1jb250ZW50XC91cGxvYWRzXC8yMDI1XC8wN1wvTGEtbWluaXN0cmUtZGUtbGEtU2FudGUtcHJlY2lzZS1sZXMtcGlzdGVzLWVudmlzYWdlZXMtcG91ci1mYWlyZS1kZXMtZWNvbm9taWVzLmpwZyIsInR4dCI6IkZyYW5jaGlzZXMgbVx1MDBlOWRpY2FsZXMsIGFyclx1MDBlYXRzIG1hbGFkaWVcdTIwMjYgTGEgbWluaXN0cmUgZGUgbGEgU2FudFx1MDBlOSBwclx1MDBlOWNpc2UgbGVzIHBpc3RlcyBlbnZpc2FnXHUwMGU5ZXMgcG91ciBmYWlyZSBkZXMgXHUwMGU5Y29ub21pZXMiLCJ0ZW1wbGF0ZSI6ImhpZ2h3YXkiLCJibG9nX2lkIjoxMTEwMTY0NjF9.F7Ujy0-9nbJAHEjynPJ9C_wV6UYdrRSJKD9YCHL9s4oMQ"},"version":2},"_wpas_customize_per_network":false},"categories":[405],"tags":[],"class_list":["post-36689","post","type-post","status-publish","format-standard","has-post-thumbnail","hentry","category-actu-france-monde"],"jetpack_publicize_connections":[],"jetpack_featured_media_url":"https:\/\/i0.wp.com\/www.iceagetv.com\/radiosite\/wp-content\/uploads\/2025\/07\/La-ministre-de-la-Sante-precise-les-pistes-envisagees-pour-faire-des-economies.jpg?fit=686%2C462&ssl=1","jetpack_sharing_enabled":true,"_links":{"self":[{"href":"https:\/\/www.iceagetv.com\/radiosite\/wp-json\/wp\/v2\/posts\/36689","targetHints":{"allow":["GET"]}}],"collection":[{"href":"https:\/\/www.iceagetv.com\/radiosite\/wp-json\/wp\/v2\/posts"}],"about":[{"href":"https:\/\/www.iceagetv.com\/radiosite\/wp-json\/wp\/v2\/types\/post"}],"author":[{"embeddable":true,"href":"https:\/\/www.iceagetv.com\/radiosite\/wp-json\/wp\/v2\/users\/2"}],"replies":[{"embeddable":true,"href":"https:\/\/www.iceagetv.com\/radiosite\/wp-json\/wp\/v2\/comments?post=36689"}],"version-history":[{"count":1,"href":"https:\/\/www.iceagetv.com\/radiosite\/wp-json\/wp\/v2\/posts\/36689\/revisions"}],"predecessor-version":[{"id":36691,"href":"https:\/\/www.iceagetv.com\/radiosite\/wp-json\/wp\/v2\/posts\/36689\/revisions\/36691"}],"wp:featuredmedia":[{"embeddable":true,"href":"https:\/\/www.iceagetv.com\/radiosite\/wp-json\/wp\/v2\/media\/36690"}],"wp:attachment":[{"href":"https:\/\/www.iceagetv.com\/radiosite\/wp-json\/wp\/v2\/media?parent=36689"}],"wp:term":[{"taxonomy":"category","embeddable":true,"href":"https:\/\/www.iceagetv.com\/radiosite\/wp-json\/wp\/v2\/categories?post=36689"},{"taxonomy":"post_tag","embeddable":true,"href":"https:\/\/www.iceagetv.com\/radiosite\/wp-json\/wp\/v2\/tags?post=36689"}],"curies":[{"name":"wp","href":"https:\/\/api.w.org\/{rel}","templated":true}]}}