{"id":36703,"date":"2025-07-27T06:38:37","date_gmt":"2025-07-27T04:38:37","guid":{"rendered":"https:\/\/www.iceagetv.com\/radiosite\/?p=36703"},"modified":"2025-07-27T06:38:46","modified_gmt":"2025-07-27T04:38:46","slug":"600-hectares-parcourus-1000-vacanciers-evacues-un-incendie-fait-des-ravages-dans-laude","status":"publish","type":"post","link":"https:\/\/www.iceagetv.com\/radiosite\/600-hectares-parcourus-1000-vacanciers-evacues-un-incendie-fait-des-ravages-dans-laude\/","title":{"rendered":"600 hectares parcourus, 1000 vacanciers \u00e9vacu\u00e9s&#8230; Un incendie fait des ravages dans l&rsquo;Aude"},"content":{"rendered":"\n<p class=\"\">Un nouveau d\u00e9part de feu&#8230; Un incendie a parcouru plus de 600 hectares de v\u00e9g\u00e9tation samedi \u00e0 Sigean (Aude), entre B\u00e9ziers et Perpignan, continuant sa progression \u00e0 la nuit tomb\u00e9e en direction de Port-la-Nouvelle et la Palme, sur le littoral m\u00e9diterran\u00e9en, lieu de vacances et de passage de nombreux touristes vers l&rsquo;Espagne. Le d\u00e9partement de l&rsquo;Aude avait \u00e9t\u00e9 plac\u00e9 en vigilance orange incendie par M\u00e9t\u00e9o-France ce week-end.Sur l&rsquo;autoroute A9, axe incontournable qui relie la Vall\u00e9e du Rh\u00f4ne \u00e0 l&rsquo;Espagne, mais aussi sur les d\u00e9partementales aux abords de l&rsquo;incendie, de nombreux vacanciers fran\u00e7ais et \u00e9trangers se sont retrouv\u00e9s bloqu\u00e9s sur des kilom\u00e8tres de bouchons, a constat\u00e9 un photographe de l&rsquo;Agence France Presse.Six Canadairs et 630 pompiers mobilis\u00e9sSi l&rsquo;axe autoroutier est rest\u00e9 ouvert malgr\u00e9 les \u00e9paisses fum\u00e9es, la circulation a \u00e9t\u00e9 coup\u00e9e sur la route d\u00e9partementale pour faciliter le travail des 630 pompiers mobilis\u00e9s. En fin de soir\u00e9e, des braises \u00e9taient encore visibles en bordure de l&rsquo;une des routes \u00e0 proximit\u00e9 de Sigean.En raison de l&rsquo;obscurit\u00e9, l&rsquo;appui a\u00e9rien de six Canadairs, quatre Dash, un avion de rep\u00e9rage et deux h\u00e9licopt\u00e8res bombardiers d&rsquo;eau, a \u00e9t\u00e9 stopp\u00e9 aux alentours de 21h30, a pr\u00e9cis\u00e9 \u00e0 l&rsquo;AFP le sous-pr\u00e9fet de l&rsquo;Aude R\u00e9mi Recio. Mais la reprise de ce dispositif est pr\u00e9vu pour dimanche en d\u00e9but de matin\u00e9e avec une reprise de la rotation des avions, et bien s\u00fbr la poursuite des op\u00e9rationsLe feu serait parti en d\u00e9but d&rsquo;apr\u00e8s-midi samedi, en bordure de l&rsquo;autoroute. Deux habitations de Sigean y ont \u00e9t\u00e9 lourdement impact\u00e9es par les flammes. En fin d&rsquo;apr\u00e8s-midi, le plan communal de sauvegarde a \u00e9t\u00e9 activ\u00e9 par la ville et un gymnase a \u00e9t\u00e9 mobilis\u00e9 pour accueillir les r\u00e9sidents d&rsquo;une dizaine d&rsquo;habitations \u00e9vacu\u00e9es. Ils ont \u00e9t\u00e9 autoris\u00e9s \u00e0 regagner leur domicile en fin de journ\u00e9e, alors que l&rsquo;incendie se d\u00e9pla\u00e7ait vers une commune voisine. \u00ab\u00a0Le feu se dirige maintenant vers Port-la-Nouvelle, pour lequel j&rsquo;ai demand\u00e9 le plan communal de sauvegarde\u00a0\u00bb, a d\u00e9clar\u00e9 M. Recio.<\/p>\n","protected":false},"excerpt":{"rendered":"<p>Un nouveau d\u00e9part de feu&#8230; Un incendie a parcouru plus de 600 hectares de v\u00e9g\u00e9tation samedi \u00e0 Sigean (Aude), entre B\u00e9ziers et Perpignan, continuant sa progression \u00e0 la nuit tomb\u00e9e en direction de Port-la-Nouvelle et la Palme, sur le littoral m\u00e9diterran\u00e9en, lieu de vacances et de passage de nombreux touristes vers l&rsquo;Espagne. Le d\u00e9partement de [&hellip;]<\/p>\n","protected":false},"author":2,"featured_media":36704,"comment_status":"open","ping_status":"open","sticky":false,"template":"","format":"standard","meta":{"_jetpack_memberships_contains_paid_content":false,"footnotes":"","jetpack_publicize_message":"","jetpack_publicize_feature_enabled":true,"jetpack_social_post_already_shared":true,"jetpack_social_options":{"image_generator_settings":{"template":"highway","default_image_id":0,"enabled":true,"token":"eyJpbWciOiJodHRwczpcL1wvd3d3LmljZWFnZXR2LmNvbVwvcmFkaW9zaXRlXC93cC1jb250ZW50XC91cGxvYWRzXC8yMDI1XC8wN1wvU2NyZWVuc2hvdF8yMDI1MDcyN18wNjM3MjIuanBnIiwidHh0IjoiNjAwIGhlY3RhcmVzIHBhcmNvdXJ1cywgMTAwMCB2YWNhbmNpZXJzIFx1MDBlOXZhY3VcdTAwZTlzJiM4MjMwOyBVbiBpbmNlbmRpZSBmYWl0IGRlcyByYXZhZ2VzIGRhbnMgbCYjODIxNztBdWRlIiwidGVtcGxhdGUiOiJoaWdod2F5IiwiYmxvZ19pZCI6MTExMDE2NDYxfQ.mtTVP2cVF884dxMu83o70ascwO9y1ISQ_8y__kV2wj0MQ"},"version":2},"_wpas_customize_per_network":false},"categories":[405],"tags":[],"class_list":["post-36703","post","type-post","status-publish","format-standard","has-post-thumbnail","hentry","category-actu-france-monde"],"jetpack_publicize_connections":[],"jetpack_featured_media_url":"https:\/\/i0.wp.com\/www.iceagetv.com\/radiosite\/wp-content\/uploads\/2025\/07\/Screenshot_20250727_063722.jpg?fit=991%2C844&ssl=1","jetpack_sharing_enabled":true,"_links":{"self":[{"href":"https:\/\/www.iceagetv.com\/radiosite\/wp-json\/wp\/v2\/posts\/36703","targetHints":{"allow":["GET"]}}],"collection":[{"href":"https:\/\/www.iceagetv.com\/radiosite\/wp-json\/wp\/v2\/posts"}],"about":[{"href":"https:\/\/www.iceagetv.com\/radiosite\/wp-json\/wp\/v2\/types\/post"}],"author":[{"embeddable":true,"href":"https:\/\/www.iceagetv.com\/radiosite\/wp-json\/wp\/v2\/users\/2"}],"replies":[{"embeddable":true,"href":"https:\/\/www.iceagetv.com\/radiosite\/wp-json\/wp\/v2\/comments?post=36703"}],"version-history":[{"count":1,"href":"https:\/\/www.iceagetv.com\/radiosite\/wp-json\/wp\/v2\/posts\/36703\/revisions"}],"predecessor-version":[{"id":36705,"href":"https:\/\/www.iceagetv.com\/radiosite\/wp-json\/wp\/v2\/posts\/36703\/revisions\/36705"}],"wp:featuredmedia":[{"embeddable":true,"href":"https:\/\/www.iceagetv.com\/radiosite\/wp-json\/wp\/v2\/media\/36704"}],"wp:attachment":[{"href":"https:\/\/www.iceagetv.com\/radiosite\/wp-json\/wp\/v2\/media?parent=36703"}],"wp:term":[{"taxonomy":"category","embeddable":true,"href":"https:\/\/www.iceagetv.com\/radiosite\/wp-json\/wp\/v2\/categories?post=36703"},{"taxonomy":"post_tag","embeddable":true,"href":"https:\/\/www.iceagetv.com\/radiosite\/wp-json\/wp\/v2\/tags?post=36703"}],"curies":[{"name":"wp","href":"https:\/\/api.w.org\/{rel}","templated":true}]}}