{"id":36713,"date":"2025-07-27T11:04:24","date_gmt":"2025-07-27T09:04:24","guid":{"rendered":"https:\/\/www.iceagetv.com\/radiosite\/?p=36713"},"modified":"2025-07-27T11:04:28","modified_gmt":"2025-07-27T09:04:28","slug":"interdiction-de-fumer-sur-les-plages-dans-le-sud-ouest-les-sauveteurs-et-policiers-axent-leurs-interventions-sur-la-prevention","status":"publish","type":"post","link":"https:\/\/www.iceagetv.com\/radiosite\/interdiction-de-fumer-sur-les-plages-dans-le-sud-ouest-les-sauveteurs-et-policiers-axent-leurs-interventions-sur-la-prevention\/","title":{"rendered":"Interdiction de fumer sur les plages : dans le sud-ouest, les sauveteurs et policiers axent leurs interventions sur la pr\u00e9vention"},"content":{"rendered":"\n<p class=\"\">Depuis le 1er juillet 2025, fumer sur les plages est d\u00e9sormais interdit en France. Une mesure \u00e0 vis\u00e9e \u00e9cologique, mais aussi pour baisser la consommation, encore m\u00e9connue de certains vacanciers. Les forces de l\u2019ordre privil\u00e9gient la pr\u00e9vention, mais une amende de 135 \u20ac peut \u00eatre inflig\u00e9e en cas d\u2019infraction.<\/p>\n\n\n\n<p class=\"\">Cigarette \u00e0 la main, pieds dans le sable\u2026 cette image estivale appartient d\u00e9sormais au pass\u00e9. Depuis le 1er juillet, il est\u00a0<a href=\"https:\/\/www.europe1.fr\/societe\/fumer-a-la-plage-au-parc-ou-sous-un-abribus-sera-interdit-des-ce-dimanche-selon-un-decret-au-journal-officiel-761377\" target=\"_blank\" rel=\"noreferrer noopener\">interdit de fumer sur les plages fran\u00e7aises<\/a>. Une mesure qui vise \u00e0 la fois \u00e0\u00a0<a href=\"https:\/\/www.europe1.fr\/societe\/les-ventes-de-tabac-ont-chute-de-115-lan-dernier-en-france-selon-lofdt-756145\" target=\"_blank\" rel=\"noreferrer noopener\">r\u00e9duire la consommation de tabac<\/a>\u00a0dans les lieux publics et \u00e0 lutter contre la pollution environnementale.Une amende sal\u00e9e pour les contrevenants<\/p>\n\n\n\n<p class=\"\">La r\u00e8gle est claire : tout contrevenant s\u2019expose \u00e0 une amende forfaitaire de&nbsp;<a href=\"https:\/\/www.europe1.fr\/emissions\/Vos-droits\/ou-nai-je-plus-le-droit-de-fumer-a-partir-du-1er-juillet-760497\" target=\"_blank\" rel=\"noreferrer noopener\">135 euros<\/a>. Toutefois, les forces de l\u2019ordre et les sauveteurs pr\u00e9sents sur les plages misent avant tout sur&nbsp;<a href=\"https:\/\/www.europe1.fr\/societe\/interdiction-de-la-cigarette-a-la-plage-deja-en-vigueur-a-marseille-depuis-2021-la-mesure-est-elle-respectee-761529\" target=\"_blank\" rel=\"noreferrer noopener\">la pr\u00e9vention<\/a>.<\/p>\n\n\n\n<p class=\"\">\u00ab\u00a0Depuis le 1er juillet, la cigarette sur les plages est interdite. On vient vous voir, c\u2019est de la pr\u00e9vention. Aujourd\u2019hui, ce sera un avertissement sans frais\u00a0\u00bb, explique un policier \u00e0 un vacancier surpris, cigarette \u00e0 la main.Les CRS nautiques sont eux aussi mobilis\u00e9s, comme l\u2019indique le major Arnaud Bonnefille : \u00ab\u00a0On est munis d\u2019un cendrier de plage pour faire \u00e9teindre la cigarette. Honn\u00eatement, \u00e7a se passe bien, les estivants comprennent vite : il y a un risque d\u2019incendie, un enjeu de sant\u00e9 publique, et surtout un impact environnemental majeur. Un seul m\u00e9got peut polluer jusqu\u2019\u00e0 500 litres d\u2019eau\u00a0\u00bb.<\/p>\n\n\n\n<h2 class=\"wp-block-heading\">Un enjeu environnemental urgent<\/h2>\n\n\n\n<p class=\"\">Chaque ann\u00e9e, entre 20.000 et 25.000 tonnes de m\u00e9gots sont abandonn\u00e9es en France. Une pollution massive que cette interdiction entend endiguer. Le message passe, mais certains vacanciers restent sceptiques : \u00ab\u00a0Je viens de l\u2019apprendre. Quand il y a du monde, je comprends, mais tout seul sur une plage, c\u2019est aberrant\u00a0\u00bb, confie un fumeur.D\u2019autres soutiennent pleinement la mesure : \u00ab\u00a0Je suis pompier. Vu ce qui s\u2019est pass\u00e9 r\u00e9cemment ici, c\u2019est tr\u00e8s bien que les gens arr\u00eatent de fumer sur les plages\u00a0\u00bb, t\u00e9moigne un vacancier. \u00ab\u00a0Il y a des gens qui abusent, donc c\u2019est bien\u00a0\u00bb, ajoute un autre.Si l\u2019interdiction est encore m\u00e9connue par une partie du public, les autorit\u00e9s misent sur la p\u00e9dagogie pour faire \u00e9voluer les comportements. L\u2019\u00e9t\u00e9 2024 servira sans doute de test grandeur nature pour cette nouvelle r\u00e8gle, qui pourrait s\u2019inscrire durablement dans les habitudes baln\u00e9aires des Fran\u00e7ais.<\/p>\n","protected":false},"excerpt":{"rendered":"<p>Depuis le 1er juillet 2025, fumer sur les plages est d\u00e9sormais interdit en France. Une mesure \u00e0 vis\u00e9e \u00e9cologique, mais aussi pour baisser la consommation, encore m\u00e9connue de certains vacanciers. Les forces de l\u2019ordre privil\u00e9gient la pr\u00e9vention, mais une amende de 135 \u20ac peut \u00eatre inflig\u00e9e en cas d\u2019infraction. Cigarette \u00e0 la main, pieds dans [&hellip;]<\/p>\n","protected":false},"author":2,"featured_media":36714,"comment_status":"open","ping_status":"open","sticky":false,"template":"","format":"standard","meta":{"_jetpack_memberships_contains_paid_content":false,"footnotes":"","jetpack_publicize_message":"","jetpack_publicize_feature_enabled":true,"jetpack_social_post_already_shared":true,"jetpack_social_options":{"image_generator_settings":{"template":"highway","default_image_id":0,"enabled":true,"token":"eyJpbWciOiJodHRwczpcL1wvd3d3LmljZWFnZXR2LmNvbVwvcmFkaW9zaXRlXC93cC1jb250ZW50XC91cGxvYWRzXC8yMDI1XC8wN1wvcmVpZjdPdTQuanBnIiwidHh0IjoiSW50ZXJkaWN0aW9uIGRlIGZ1bWVyIHN1ciBsZXMgcGxhZ2VzIDogZGFucyBsZSBzdWQtb3Vlc3QsIGxlcyBzYXV2ZXRldXJzIGV0IHBvbGljaWVycyBheGVudCBsZXVycyBpbnRlcnZlbnRpb25zIHN1ciBsYSBwclx1MDBlOXZlbnRpb24iLCJ0ZW1wbGF0ZSI6ImhpZ2h3YXkiLCJibG9nX2lkIjoxMTEwMTY0NjF9.EkotIEXS_3T--jY__wDv_MqqRnLWYDAU-qgRiHdw8KAMQ"},"version":2},"_wpas_customize_per_network":false},"categories":[405],"tags":[],"class_list":["post-36713","post","type-post","status-publish","format-standard","has-post-thumbnail","hentry","category-actu-france-monde"],"jetpack_publicize_connections":[],"jetpack_featured_media_url":"https:\/\/i0.wp.com\/www.iceagetv.com\/radiosite\/wp-content\/uploads\/2025\/07\/reif7Ou4.jpg?fit=680%2C453&ssl=1","jetpack_sharing_enabled":true,"_links":{"self":[{"href":"https:\/\/www.iceagetv.com\/radiosite\/wp-json\/wp\/v2\/posts\/36713","targetHints":{"allow":["GET"]}}],"collection":[{"href":"https:\/\/www.iceagetv.com\/radiosite\/wp-json\/wp\/v2\/posts"}],"about":[{"href":"https:\/\/www.iceagetv.com\/radiosite\/wp-json\/wp\/v2\/types\/post"}],"author":[{"embeddable":true,"href":"https:\/\/www.iceagetv.com\/radiosite\/wp-json\/wp\/v2\/users\/2"}],"replies":[{"embeddable":true,"href":"https:\/\/www.iceagetv.com\/radiosite\/wp-json\/wp\/v2\/comments?post=36713"}],"version-history":[{"count":1,"href":"https:\/\/www.iceagetv.com\/radiosite\/wp-json\/wp\/v2\/posts\/36713\/revisions"}],"predecessor-version":[{"id":36715,"href":"https:\/\/www.iceagetv.com\/radiosite\/wp-json\/wp\/v2\/posts\/36713\/revisions\/36715"}],"wp:featuredmedia":[{"embeddable":true,"href":"https:\/\/www.iceagetv.com\/radiosite\/wp-json\/wp\/v2\/media\/36714"}],"wp:attachment":[{"href":"https:\/\/www.iceagetv.com\/radiosite\/wp-json\/wp\/v2\/media?parent=36713"}],"wp:term":[{"taxonomy":"category","embeddable":true,"href":"https:\/\/www.iceagetv.com\/radiosite\/wp-json\/wp\/v2\/categories?post=36713"},{"taxonomy":"post_tag","embeddable":true,"href":"https:\/\/www.iceagetv.com\/radiosite\/wp-json\/wp\/v2\/tags?post=36713"}],"curies":[{"name":"wp","href":"https:\/\/api.w.org\/{rel}","templated":true}]}}