{"id":36718,"date":"2025-07-27T13:01:44","date_gmt":"2025-07-27T11:01:44","guid":{"rendered":"https:\/\/www.iceagetv.com\/radiosite\/?p=36718"},"modified":"2025-07-27T13:01:48","modified_gmt":"2025-07-27T11:01:48","slug":"un-homme-suspecte-detre-a-lorigine-des-deux-incendies-cette-semaine-a-leglise-notre-dame-des-champs-a-paris-a-ete-interpelle-par-la-police","status":"publish","type":"post","link":"https:\/\/www.iceagetv.com\/radiosite\/un-homme-suspecte-detre-a-lorigine-des-deux-incendies-cette-semaine-a-leglise-notre-dame-des-champs-a-paris-a-ete-interpelle-par-la-police\/","title":{"rendered":"Un homme suspect\u00e9 d\u2019\u00eatre \u00e0 l\u2019origine des deux incendies, cette semaine, \u00e0 l\u2019\u00e9glise Notre-Dame-des-Champs \u00e0 Paris a \u00e9t\u00e9 interpell\u00e9 par la police\u00a0"},"content":{"rendered":"\n<p class=\"\">Un&nbsp; homme suspect\u00e9 d\u2019\u00eatre \u00e0 l\u2019origine de deux incendies cette semaine l\u2019\u00e9glise Notre-Dame-des-Champs \u00e0 Paris a \u00e9t\u00e9 interpell\u00e9 \u00e0 Paris, selon les informations du Parisien. Identifi\u00e9 et recherch\u00e9 par les policiers, il a \u00e9t\u00e9 arr\u00eat\u00e9 dans le XVe arrondissement et plac\u00e9 en garde \u00e0 vue.&nbsp;<\/p>\n\n\n\n<p class=\"\">Les investigations sont confi\u00e9es aux enqu\u00eateurs de la s\u00fbret\u00e9 territoriale de Paris (ST 75).<\/p>\n\n\n\n<p class=\"\">L\u2019\u00e9glise Notre-Dame des Champs, situ\u00e9e au 91 boulevard du Montparnasse, dans le 6e arrondissement de Paris a \u00e9t\u00e9 victime d&rsquo;un incendie criminel qui a provoqu\u00e9 d&rsquo;importants d\u00e9g\u00e2ts selon les informations d&rsquo;Europe 1 qui r\u00e9v\u00e9lait, cette semaine qu&rsquo;il ne s&rsquo;agissait pas d&rsquo;un accident.<\/p>\n\n\n\n<p class=\"\">Selon les premiers \u00e9l\u00e9ments recueillis, une ou plusieurs personnes se sont introduites dans l\u2019\u00e9difice religieux, qui \u00e9tait alors ferm\u00e9, avant d\u2019y d\u00e9grader une statue install\u00e9e sur un podium, entour\u00e9e de panneaux.<\/p>\n\n\n\n<p class=\"\">Ces panneaux ont ensuite \u00e9t\u00e9 incendi\u00e9s volontairement. Le ou les auteurs ont pris la fuite juste apr\u00e8s avoir allum\u00e9 le feu.<\/p>\n\n\n\n<p class=\"\">Les d\u00e9g\u00e2ts sont assez importants puisqu&rsquo;une toile a \u00e9t\u00e9 endommag\u00e9e par l&rsquo;incendie, des bancs ont \u00e9t\u00e9 br\u00fbl\u00e9s et les murs sont noircis.<\/p>\n\n\n\n<p class=\"\">Les sapeurs-pompiers de Paris sont intervenus et sont parvenus \u00e0 ma\u00eetriser les flammes avant qu\u2019elles ne se propagent. Aucun bless\u00e9 n\u2019est \u00e0 d\u00e9plorer.<\/p>\n","protected":false},"excerpt":{"rendered":"<p>Un&nbsp; homme suspect\u00e9 d\u2019\u00eatre \u00e0 l\u2019origine de deux incendies cette semaine l\u2019\u00e9glise Notre-Dame-des-Champs \u00e0 Paris a \u00e9t\u00e9 interpell\u00e9 \u00e0 Paris, selon les informations du Parisien. Identifi\u00e9 et recherch\u00e9 par les policiers, il a \u00e9t\u00e9 arr\u00eat\u00e9 dans le XVe arrondissement et plac\u00e9 en garde \u00e0 vue.&nbsp; Les investigations sont confi\u00e9es aux enqu\u00eateurs de la s\u00fbret\u00e9 territoriale [&hellip;]<\/p>\n","protected":false},"author":2,"featured_media":36719,"comment_status":"open","ping_status":"open","sticky":false,"template":"","format":"standard","meta":{"_jetpack_memberships_contains_paid_content":false,"footnotes":"","jetpack_publicize_message":"","jetpack_publicize_feature_enabled":true,"jetpack_social_post_already_shared":true,"jetpack_social_options":{"image_generator_settings":{"template":"highway","default_image_id":0,"enabled":true,"token":"eyJpbWciOiJodHRwczpcL1wvd3d3LmljZWFnZXR2LmNvbVwvcmFkaW9zaXRlXC93cC1jb250ZW50XC91cGxvYWRzXC8yMDI1XC8wN1wvMzFrbjlBMUouanBnIiwidHh0IjoiVW4gaG9tbWUgc3VzcGVjdFx1MDBlOSBkXHUyMDE5XHUwMGVhdHJlIFx1MDBlMCBsXHUyMDE5b3JpZ2luZSBkZXMgZGV1eCBpbmNlbmRpZXMsIGNldHRlIHNlbWFpbmUsIFx1MDBlMCBsXHUyMDE5XHUwMGU5Z2xpc2UgTm90cmUtRGFtZS1kZXMtQ2hhbXBzIFx1MDBlMCBQYXJpcyBhIFx1MDBlOXRcdTAwZTkgaW50ZXJwZWxsXHUwMGU5IHBhciBsYSBwb2xpY2VcdTAwYTAiLCJ0ZW1wbGF0ZSI6ImhpZ2h3YXkiLCJibG9nX2lkIjoxMTEwMTY0NjF9.kRRSjccq8-Kqr9A9zmdaNAUQM2_KiO1TeFPGKHqE1akMQ"},"version":2},"_wpas_customize_per_network":false},"categories":[405],"tags":[],"class_list":["post-36718","post","type-post","status-publish","format-standard","has-post-thumbnail","hentry","category-actu-france-monde"],"jetpack_publicize_connections":[],"jetpack_featured_media_url":"https:\/\/i0.wp.com\/www.iceagetv.com\/radiosite\/wp-content\/uploads\/2025\/07\/31kn9A1J.jpg?fit=679%2C293&ssl=1","jetpack_sharing_enabled":true,"_links":{"self":[{"href":"https:\/\/www.iceagetv.com\/radiosite\/wp-json\/wp\/v2\/posts\/36718","targetHints":{"allow":["GET"]}}],"collection":[{"href":"https:\/\/www.iceagetv.com\/radiosite\/wp-json\/wp\/v2\/posts"}],"about":[{"href":"https:\/\/www.iceagetv.com\/radiosite\/wp-json\/wp\/v2\/types\/post"}],"author":[{"embeddable":true,"href":"https:\/\/www.iceagetv.com\/radiosite\/wp-json\/wp\/v2\/users\/2"}],"replies":[{"embeddable":true,"href":"https:\/\/www.iceagetv.com\/radiosite\/wp-json\/wp\/v2\/comments?post=36718"}],"version-history":[{"count":1,"href":"https:\/\/www.iceagetv.com\/radiosite\/wp-json\/wp\/v2\/posts\/36718\/revisions"}],"predecessor-version":[{"id":36720,"href":"https:\/\/www.iceagetv.com\/radiosite\/wp-json\/wp\/v2\/posts\/36718\/revisions\/36720"}],"wp:featuredmedia":[{"embeddable":true,"href":"https:\/\/www.iceagetv.com\/radiosite\/wp-json\/wp\/v2\/media\/36719"}],"wp:attachment":[{"href":"https:\/\/www.iceagetv.com\/radiosite\/wp-json\/wp\/v2\/media?parent=36718"}],"wp:term":[{"taxonomy":"category","embeddable":true,"href":"https:\/\/www.iceagetv.com\/radiosite\/wp-json\/wp\/v2\/categories?post=36718"},{"taxonomy":"post_tag","embeddable":true,"href":"https:\/\/www.iceagetv.com\/radiosite\/wp-json\/wp\/v2\/tags?post=36718"}],"curies":[{"name":"wp","href":"https:\/\/api.w.org\/{rel}","templated":true}]}}