{"id":36725,"date":"2025-07-27T16:36:58","date_gmt":"2025-07-27T14:36:58","guid":{"rendered":"https:\/\/www.iceagetv.com\/radiosite\/?p=36725"},"modified":"2025-07-27T16:37:01","modified_gmt":"2025-07-27T14:37:01","slug":"pas-dextension-pas-de-delai-supplementaire-les-etats-unis-confirment-la-date-butoir-du-1er-aout-pour-lapplication-des-droits-de-douane","status":"publish","type":"post","link":"https:\/\/www.iceagetv.com\/radiosite\/pas-dextension-pas-de-delai-supplementaire-les-etats-unis-confirment-la-date-butoir-du-1er-aout-pour-lapplication-des-droits-de-douane\/","title":{"rendered":"Pas d&rsquo;extension, pas de d\u00e9lai suppl\u00e9mentaire\u00a0\u00bb: les \u00c9tats-Unis confirment la date butoir du 1er ao\u00fbt pour l&rsquo;application des droits de douane"},"content":{"rendered":"\n<p class=\"\">Les droits de douane vont bien s&rsquo;appliquer au 1er ao\u00fbt, sans exception, a d\u00e9clar\u00e9 le secr\u00e9taire d&rsquo;\u00c9tat au Commerce am\u00e9ricain Howard Lutnick lors d&rsquo;une interview. Sans fermer la porte \u00e0 des \u00e9changes par la suite.<\/p>\n\n\n\n<p class=\"\">Le secr\u00e9taire am\u00e9ricain au Commerce a d\u00e9clar\u00e9 dimanche qu&rsquo;il n&rsquo;y aura \u00ab\u00a0pas d&rsquo;extension\u00a0\u00bb \u00e0 la pause des droits de douane voulus par Donald Trump&nbsp;<a href=\"https:\/\/www.bfmtv.com\/economie\/je-vois-l-europe-repondre-du-tac-au-tac-avec-des-tarifs-de-30-et-s-il-n-y-a-pas-d-accord-entre-l-ue-et-trump-le-1er-aout-il-se-passe-quoi_AV-202507250449.html\">qui arrive \u00e0 \u00e9ch\u00e9ance le 1er ao\u00fbt<\/a>.<\/p>\n\n\n\n<blockquote class=\"wp-block-quote is-layout-flow wp-block-quote-is-layout-flow\">\n<p class=\"\">\u00ab\u00a0Pas d&rsquo;extension, pas de d\u00e9lai suppl\u00e9mentaire. Le 1er ao\u00fbt, les droits de douane seront fix\u00e9s. Ils entreront en vigueur\u00a0\u00bb, a d\u00e9clar\u00e9 Howard Lutnick sur l&rsquo;\u00e9mission Fox News Sunday.<\/p>\n<\/blockquote>\n\n\n\n<p class=\"\">Il a toutefois soulign\u00e9 que les partenaires commerciaux des \u00c9tats-Unis pourront \u00ab\u00a0continuer d&rsquo;\u00e9changer avec le pr\u00e9sident Trump apr\u00e8s le 1er ao\u00fbt. Il est toujours ouvert \u00e0 l&rsquo;\u00e9change.\u00a0\u00bbDes dizaines de pays sont concern\u00e9s par une augmentation de ces taxes douani\u00e8res.<\/p>\n\n\n\n<p class=\"\">A l&rsquo;or\u00e9e de la date butoir, la politique \u00e9conomique de Donald Trump entre dans une semaine d\u00e9cisive, le pr\u00e9sident am\u00e9ricain utilisant les droits de douane comme&nbsp;<a href=\"https:\/\/www.bfmtv.com\/economie\/international\/donald-trump-est-il-en-train-de-bluffer-face-a-l-europe-selon-le-financial-times-le-president-americain-ne-veut-pas-descendre-sous-15-ou-20-de-droits-de-douane_AV-202507190189.html\">principal levier de n\u00e9gociation<\/a>&nbsp;depuis son retour au pouvoir.<\/p>\n\n\n\n<p class=\"\">Le r\u00e9publicain rencontre dimanche la cheffe de la Commission europ\u00e9enne Ursula von der Leyen pour tenter d&rsquo;arracher un accord. Sans ce dernier, Donald Trump pr\u00e9voit d&rsquo;assommer l&rsquo;Union europ\u00e9enne de 30% de droits de douane.La question est: est-ce qu&rsquo;ils (les Europ\u00e9ens) offriront au pr\u00e9sident Trump un accord suffisamment avantageux pour qu&rsquo;il renonce aux droits de douane de 30%\u00a0\u00bb, a d\u00e9clar\u00e9 son secr\u00e9taire au Commerce Howard Lutnick.<\/p>\n\n\n\n<p class=\"\">\u00ab\u00a0Vous savez, ils esp\u00e8rent conclure un accord, mais c&rsquo;est au pr\u00e9sident Trump, qui est le chef \u00e0 la table des n\u00e9gociations, de d\u00e9cider\u00a0\u00bb, a-t-il ajout\u00e9.<\/p>\n\n\n\n<p class=\"\">Donald Trump a estim\u00e9 qu&rsquo;il y avait&nbsp;<a href=\"https:\/\/www.bfmtv.com\/economie\/international\/a-7-jours-de-la-fin-de-l-ultimatum-trump-evoque-des-chances-a-50-50-de-conclure-un-accord-commercial-avec-l-union-europeenne_AD-202507250383.html\">une chance sur deux<\/a>&nbsp;qu&rsquo;un accord commercial soit trouv\u00e9 avec l&rsquo;UE.<\/p>\n","protected":false},"excerpt":{"rendered":"<p>Les droits de douane vont bien s&rsquo;appliquer au 1er ao\u00fbt, sans exception, a d\u00e9clar\u00e9 le secr\u00e9taire d&rsquo;\u00c9tat au Commerce am\u00e9ricain Howard Lutnick lors d&rsquo;une interview. Sans fermer la porte \u00e0 des \u00e9changes par la suite. Le secr\u00e9taire am\u00e9ricain au Commerce a d\u00e9clar\u00e9 dimanche qu&rsquo;il n&rsquo;y aura \u00ab\u00a0pas d&rsquo;extension\u00a0\u00bb \u00e0 la pause des droits de douane [&hellip;]<\/p>\n","protected":false},"author":2,"featured_media":36726,"comment_status":"open","ping_status":"open","sticky":false,"template":"","format":"standard","meta":{"_jetpack_memberships_contains_paid_content":false,"footnotes":"","jetpack_publicize_message":"","jetpack_publicize_feature_enabled":true,"jetpack_social_post_already_shared":true,"jetpack_social_options":{"image_generator_settings":{"template":"highway","default_image_id":0,"enabled":true,"token":"eyJpbWciOiJodHRwczpcL1wvd3d3LmljZWFnZXR2LmNvbVwvcmFkaW9zaXRlXC93cC1jb250ZW50XC91cGxvYWRzXC8yMDI1XC8wN1wvbGVzLUV0YXRzLVVuaXMtY29uZmlybWVudC1sYS1kYXRlLWJ1dG9pci1kdS0xZXItYW91dC1wb3VyLWxhcHBsaWNhdGlvbi1kZXMtZHJvaXRzLWRlLWRvdWFuZS5qcGciLCJ0eHQiOiJQYXMgZCYjODIxNztleHRlbnNpb24sIHBhcyBkZSBkXHUwMGU5bGFpIHN1cHBsXHUwMGU5bWVudGFpcmUmIzgyMjE7OiBsZXMgXHUwMGM5dGF0cy1VbmlzIGNvbmZpcm1lbnQgbGEgZGF0ZSBidXRvaXIgZHUgMWVyIGFvXHUwMGZidCBwb3VyIGwmIzgyMTc7YXBwbGljYXRpb24gZGVzIGRyb2l0cyBkZSBkb3VhbmUiLCJ0ZW1wbGF0ZSI6ImhpZ2h3YXkiLCJibG9nX2lkIjoxMTEwMTY0NjF9.mEezUN099J7jNHGCO_0yAACErSwjLZmPjfbDdlv6_D4MQ"},"version":2},"_wpas_customize_per_network":false},"categories":[405],"tags":[],"class_list":["post-36725","post","type-post","status-publish","format-standard","has-post-thumbnail","hentry","category-actu-france-monde"],"jetpack_publicize_connections":[],"jetpack_featured_media_url":"https:\/\/i0.wp.com\/www.iceagetv.com\/radiosite\/wp-content\/uploads\/2025\/07\/les-Etats-Unis-confirment-la-date-butoir-du-1er-aout-pour-lapplication-des-droits-de-douane.jpg?fit=688%2C378&ssl=1","jetpack_sharing_enabled":true,"_links":{"self":[{"href":"https:\/\/www.iceagetv.com\/radiosite\/wp-json\/wp\/v2\/posts\/36725","targetHints":{"allow":["GET"]}}],"collection":[{"href":"https:\/\/www.iceagetv.com\/radiosite\/wp-json\/wp\/v2\/posts"}],"about":[{"href":"https:\/\/www.iceagetv.com\/radiosite\/wp-json\/wp\/v2\/types\/post"}],"author":[{"embeddable":true,"href":"https:\/\/www.iceagetv.com\/radiosite\/wp-json\/wp\/v2\/users\/2"}],"replies":[{"embeddable":true,"href":"https:\/\/www.iceagetv.com\/radiosite\/wp-json\/wp\/v2\/comments?post=36725"}],"version-history":[{"count":1,"href":"https:\/\/www.iceagetv.com\/radiosite\/wp-json\/wp\/v2\/posts\/36725\/revisions"}],"predecessor-version":[{"id":36727,"href":"https:\/\/www.iceagetv.com\/radiosite\/wp-json\/wp\/v2\/posts\/36725\/revisions\/36727"}],"wp:featuredmedia":[{"embeddable":true,"href":"https:\/\/www.iceagetv.com\/radiosite\/wp-json\/wp\/v2\/media\/36726"}],"wp:attachment":[{"href":"https:\/\/www.iceagetv.com\/radiosite\/wp-json\/wp\/v2\/media?parent=36725"}],"wp:term":[{"taxonomy":"category","embeddable":true,"href":"https:\/\/www.iceagetv.com\/radiosite\/wp-json\/wp\/v2\/categories?post=36725"},{"taxonomy":"post_tag","embeddable":true,"href":"https:\/\/www.iceagetv.com\/radiosite\/wp-json\/wp\/v2\/tags?post=36725"}],"curies":[{"name":"wp","href":"https:\/\/api.w.org\/{rel}","templated":true}]}}