{"id":36729,"date":"2025-07-27T17:45:32","date_gmt":"2025-07-27T15:45:32","guid":{"rendered":"https:\/\/www.iceagetv.com\/radiosite\/?p=36729"},"modified":"2025-07-27T17:45:36","modified_gmt":"2025-07-27T15:45:36","slug":"incendie-de-sigean-le-feu-est-enfin-fixe","status":"publish","type":"post","link":"https:\/\/www.iceagetv.com\/radiosite\/incendie-de-sigean-le-feu-est-enfin-fixe\/","title":{"rendered":"Incendie de Sigean\u00a0: le feu est enfin fix\u00e9\u00a0!"},"content":{"rendered":"\n<p class=\"\"><strong>Alors qu\u2019il avait d\u00e9but\u00e9 ce samedi 26\u00a0juillet vers 13\u00a0h\u00a045, l\u2019incendie de Sigean qui a parcouru 630 hectares et qui a mobilis\u00e9 plus de 600 pompiers est enfin fix\u00e9.<\/strong>Soulagement \u00e0 Sigean et dans les secteurs de Port-la Nouvelle et de La Palme,&nbsp;<a href=\"https:\/\/www.lindependant.fr\/2025\/07\/26\/evacuations-a-la-palme-progression-du-feu-vers-port-la-nouvelle-conditions-de-circulation-ce-que-lon-sait-de-la-situation-a-20-h-30-de-lincendie-de-12846421.php\">apr\u00e8s 27&nbsp;heures de lutte contre les flammes<\/a>, l\u2019incendie qui a ravag\u00e9 des centaines d\u2019hectares dans les Corbi\u00e8res Maritimes est fix\u00e9 ce dimanche 27&nbsp;juillet.<\/p>\n\n\n\n<p class=\"\">630 hectares ont \u00e9t\u00e9 parcourus, dont 300 hectares ont br\u00fbl\u00e9.Le Service d\u00e9partemental d\u2019incendie et de secours de l\u2019Aude maintient\u00a0<a href=\"https:\/\/www.lindependant.fr\/2025\/07\/27\/on-etait-devant-une-situation-extremement-preoccupante-incendie-de-sigean-evolution-favorable-de-la-situation-les-points-chauds-vont-etre-traites-12847065.php\">sur place un important dispositif<\/a>\u00a0de surveillance, afin de pr\u00e9venir toute reprise du feu dans les prochaines heures.Les routes d\u00e9partementales&nbsp;D 6&nbsp;009 entre Sigean et le rond-point des Cabanes de La Palme et D 205 entre Sigean et Fraiss\u00e9-des-Corbi\u00e8res restent ferm\u00e9s \u00e0 la circulation afin de permettre aux pompiers d\u2019assurer la surveillance du site.<\/p>\n\n\n\n<p class=\"\">La pr\u00e9fecture de l\u2019Aude rappelle au public \u00e0 \u00e9viter&nbsp;le secteur pour ne pas g\u00eaner l\u2019action des secours, \u00e0 ne pas&nbsp;encombrer&nbsp;les lignes d\u2019urgence\u00a0\u00bb mais aussi d\u2019adresser un&nbsp;<em>\u00ab\u00a0Merci\u00a0\u00bb<\/em>&nbsp;aux&nbsp;<em>\u00ab\u00a0pompiers, aux forces de l\u2019ordre, aux agents des collectivit\u00e9s et \u00e0 tous les acteurs mobilis\u00e9s\u00a0\u00bb<\/em>.<\/p>\n","protected":false},"excerpt":{"rendered":"<p>Alors qu\u2019il avait d\u00e9but\u00e9 ce samedi 26\u00a0juillet vers 13\u00a0h\u00a045, l\u2019incendie de Sigean qui a parcouru 630 hectares et qui a mobilis\u00e9 plus de 600 pompiers est enfin fix\u00e9.Soulagement \u00e0 Sigean et dans les secteurs de Port-la Nouvelle et de La Palme,&nbsp;apr\u00e8s 27&nbsp;heures de lutte contre les flammes, l\u2019incendie qui a ravag\u00e9 des centaines d\u2019hectares dans [&hellip;]<\/p>\n","protected":false},"author":2,"featured_media":36732,"comment_status":"open","ping_status":"open","sticky":false,"template":"","format":"standard","meta":{"_jetpack_memberships_contains_paid_content":false,"footnotes":"","jetpack_publicize_message":"","jetpack_publicize_feature_enabled":true,"jetpack_social_post_already_shared":true,"jetpack_social_options":{"image_generator_settings":{"template":"highway","default_image_id":0,"enabled":true,"token":"eyJpbWciOiJodHRwczpcL1wvd3d3LmljZWFnZXR2LmNvbVwvcmFkaW9zaXRlXC93cC1jb250ZW50XC91cGxvYWRzXC8yMDI1XC8wN1wvaW1hZ2UtMi5qcGciLCJ0eHQiOiJJbmNlbmRpZSBkZSBTaWdlYW5cdTAwYTA6IGxlIGZldSBlc3QgZW5maW4gZml4XHUwMGU5XHUwMGEwISIsInRlbXBsYXRlIjoiaGlnaHdheSIsImJsb2dfaWQiOjExMTAxNjQ2MX0.Iyy0pEI4304aek62uOPUNOxc3L55ezbDryYrbDTgblEMQ"},"version":2},"_wpas_customize_per_network":false},"categories":[405],"tags":[],"class_list":["post-36729","post","type-post","status-publish","format-standard","has-post-thumbnail","hentry","category-actu-france-monde"],"jetpack_publicize_connections":[],"jetpack_featured_media_url":"https:\/\/i0.wp.com\/www.iceagetv.com\/radiosite\/wp-content\/uploads\/2025\/07\/image-2.jpg?fit=885%2C500&ssl=1","jetpack_sharing_enabled":true,"_links":{"self":[{"href":"https:\/\/www.iceagetv.com\/radiosite\/wp-json\/wp\/v2\/posts\/36729","targetHints":{"allow":["GET"]}}],"collection":[{"href":"https:\/\/www.iceagetv.com\/radiosite\/wp-json\/wp\/v2\/posts"}],"about":[{"href":"https:\/\/www.iceagetv.com\/radiosite\/wp-json\/wp\/v2\/types\/post"}],"author":[{"embeddable":true,"href":"https:\/\/www.iceagetv.com\/radiosite\/wp-json\/wp\/v2\/users\/2"}],"replies":[{"embeddable":true,"href":"https:\/\/www.iceagetv.com\/radiosite\/wp-json\/wp\/v2\/comments?post=36729"}],"version-history":[{"count":1,"href":"https:\/\/www.iceagetv.com\/radiosite\/wp-json\/wp\/v2\/posts\/36729\/revisions"}],"predecessor-version":[{"id":36733,"href":"https:\/\/www.iceagetv.com\/radiosite\/wp-json\/wp\/v2\/posts\/36729\/revisions\/36733"}],"wp:featuredmedia":[{"embeddable":true,"href":"https:\/\/www.iceagetv.com\/radiosite\/wp-json\/wp\/v2\/media\/36732"}],"wp:attachment":[{"href":"https:\/\/www.iceagetv.com\/radiosite\/wp-json\/wp\/v2\/media?parent=36729"}],"wp:term":[{"taxonomy":"category","embeddable":true,"href":"https:\/\/www.iceagetv.com\/radiosite\/wp-json\/wp\/v2\/categories?post=36729"},{"taxonomy":"post_tag","embeddable":true,"href":"https:\/\/www.iceagetv.com\/radiosite\/wp-json\/wp\/v2\/tags?post=36729"}],"curies":[{"name":"wp","href":"https:\/\/api.w.org\/{rel}","templated":true}]}}