{"id":36744,"date":"2025-07-28T10:45:35","date_gmt":"2025-07-28T08:45:35","guid":{"rendered":"https:\/\/www.iceagetv.com\/radiosite\/?p=36744"},"modified":"2025-07-28T13:01:28","modified_gmt":"2025-07-28T11:01:28","slug":"un-mort-et-quatre-disparus-dans-lincendie-dun-gite-accueillant-des-adultes-handicapes-en-charente","status":"publish","type":"post","link":"https:\/\/www.iceagetv.com\/radiosite\/un-mort-et-quatre-disparus-dans-lincendie-dun-gite-accueillant-des-adultes-handicapes-en-charente\/","title":{"rendered":"Incendie d\u2019un g\u00eete accueillant des personnes en situation de handicap en Charente: Un nouveau bilan fait \u00e9tat de 3 morts et 2 disparus"},"content":{"rendered":"\n<p class=\"\"><strong>&nbsp;<\/strong><strong>Trois personnes sont mortes et deux sont toujours port\u00e9es disparues lundi apr\u00e8s l\u2019incendie dans la nuit d\u2019un g\u00eete accueillant des adultes handicap\u00e9s en Charente, \u00e0 l\u2019origine encore ind\u00e9termin\u00e9e.<\/strong><\/p>\n\n\n\n<p class=\"\">Les pompiers, arriv\u00e9s sur place moins de 20 minutes apr\u00e8s l\u2019alerte d\u00e9clench\u00e9e vers 04h30, ont d\u2019abord pu \u00e9vacuer une personne \u00ab&nbsp;qui n\u2019a pas pu \u00eatre r\u00e9anim\u00e9e et qui est d\u00e9c\u00e9d\u00e9e, asphyxi\u00e9e&nbsp;\u00bb, a indiqu\u00e9 le secr\u00e9taire g\u00e9n\u00e9ral de la pr\u00e9fecture et sous-pr\u00e9fet d\u2019Angoul\u00eame, Jean-Charles Jobart.<\/p>\n\n\n\n<p class=\"\">Puis deux nouveaux corps ont \u00e9t\u00e9 retrouv\u00e9s dans les d\u00e9combres, a annonc\u00e9 en fin de matin\u00e9e M. Jobart lors d\u2019un point-presse.<\/p>\n\n\n\n<p class=\"\">\u00ab&nbsp;Les chiens viennent de marquer deux endroits \u00e0 l\u2019int\u00e9rieur de la maison, donc probablement le bilan va s\u2019alourdir&nbsp;\u00bb, a-t-il encore indiqu\u00e9.<\/p>\n\n\n\n<p class=\"\">L\u2019incendie a \u00e9galement fait quatre bless\u00e9s, dont un en urgence absolue mais dont le pronostic vital n\u2019est pas engag\u00e9 selon le parquet. Quatorze adultes \u00e2g\u00e9s de 20 \u00e0 75 ans se trouvaient \u00e0 l\u2019int\u00e9rieur du g\u00eete: huit personnes souffrant d\u2019un handicap mental et quatre encadrants, pr\u00e9sents pour un s\u00e9jour d\u2019une semaine, et les deux propri\u00e9taires, selon M. Jobart.<\/p>\n\n\n\n<p class=\"\">Un incendie s&rsquo;est d\u00e9clar\u00e9 dans un g\u00eete accueillant des personnes en situation de handicap en Charente, faisant au moins un mort.<\/p>\n\n\n\n<p class=\"\">Un incendie s&rsquo;est d\u00e9clar\u00e9 dans un g\u00eete accueillant des&nbsp;<a href=\"https:\/\/www.bfmtv.com\/culture\/rachida-dati-veut-favoriser-les-artistes-en-situation-de-handicap_AD-202507170339.html\">adultes en situation de handicap<\/a>, annonce la&nbsp;<a href=\"https:\/\/www.bfmtv.com\/meteo\/risque-maximal-les-baigneurs-appeles-a-la-vigilance-face-aux-risques-de-baines-dans-plusieurs-departements_AN-202507140365.html\">pr\u00e9fecture de Charente<\/a>&nbsp;ce lundi 28 juillet. Pour l&rsquo;heure, un premier bilan communiqu\u00e9 fait \u00e9tat d&rsquo;un mort et de quatre disparus.<\/p>\n\n\n\n<p class=\"\">Quatre autres personnes ont \u00e9t\u00e9 \u00ab\u00a0\u00e9vacu\u00e9es vers le centre hospitalier, dont une personne en urgence absolue\u00a0\u00bb, pr\u00e9cise dans un communiqu\u00e9 la pr\u00e9fecture \u00e0 propos de ce feu qui s&rsquo;est d\u00e9clar\u00e9 vers 4h30 du matin sur la commune de Montmoreau, au sud d&rsquo;Angoul\u00eame.De nombreux moyens ont \u00e9t\u00e9 engag\u00e9s dont 68 pompiers et 4 engins de lutte incendie. Actuellement le feu est ma\u00eetris\u00e9, 300 m2 de b\u00e2timents ont \u00e9t\u00e9 d\u00e9truits\u00a0\u00bb, indique encore la pr\u00e9fecture.<\/p>\n\n\n\n<h2 class=\"wp-block-heading\" id=\"8qm9q\">Dysfonctionnement \u00e9lectrique<\/h2>\n\n\n\n<p class=\"\">Selon une source gendarmerie, 12 personnes en situation de handicap se trouvaient \u00e0 l&rsquo;int\u00e9rieur, en plus du couple qui tient le g\u00eete. L&rsquo;incendie serait d\u00fb \u00e0 un dysfonctionnement de l&rsquo;installation \u00e9lectrique, selon cette m\u00eame source.<\/p>\n\n\n\n<p class=\"\">Le b\u00e2timent incendi\u00e9 est un ancien corps de ferme et avait \u00ab\u00a0le label pour accueillir des personnes handicap\u00e9es pendant la p\u00e9riode des vacances\u00a0\u00bb, a indiqu\u00e9 \u00e0 l&rsquo;AFP Jean-Michel Bolvin, maire de cette commune d&rsquo;environ 2.400 habitants.Cet incendie survient un peu moins de deux ans apr\u00e8s celui qui avait fait 11 morts dans une ancienne grange transform\u00e9e en g\u00eete accueillant des personnes en situation de handicap l\u00e9ger \u00e0 Wintzenheim, dans le Haut-Rhin, pr\u00e8s de Colmar. Dix adultes en situation de handicap et un accompagnateur avaient p\u00e9ri dans le sinistre.<\/p>\n","protected":false},"excerpt":{"rendered":"<p>&nbsp;Trois personnes sont mortes et deux sont toujours port\u00e9es disparues lundi apr\u00e8s l\u2019incendie dans la nuit d\u2019un g\u00eete accueillant des adultes handicap\u00e9s en Charente, \u00e0 l\u2019origine encore ind\u00e9termin\u00e9e. Les pompiers, arriv\u00e9s sur place moins de 20 minutes apr\u00e8s l\u2019alerte d\u00e9clench\u00e9e vers 04h30, ont d\u2019abord pu \u00e9vacuer une personne \u00ab&nbsp;qui n\u2019a pas pu \u00eatre r\u00e9anim\u00e9e et [&hellip;]<\/p>\n","protected":false},"author":2,"featured_media":36745,"comment_status":"open","ping_status":"open","sticky":false,"template":"","format":"standard","meta":{"_jetpack_memberships_contains_paid_content":false,"footnotes":"","jetpack_publicize_message":"","jetpack_publicize_feature_enabled":true,"jetpack_social_post_already_shared":true,"jetpack_social_options":{"image_generator_settings":{"template":"highway","default_image_id":0,"enabled":true,"token":"eyJpbWciOiJodHRwczpcL1wvd3d3LmljZWFnZXR2LmNvbVwvcmFkaW9zaXRlXC93cC1jb250ZW50XC91cGxvYWRzXC8yMDI1XC8wN1wvVW4tbW9ydC1ldC1xdWF0cmUtZGlzcGFydXMtZGFucy1saW5jZW5kaWUtZHVuLWdpdGUuanBnIiwidHh0IjoiSW5jZW5kaWUgZFx1MjAxOXVuIGdcdTAwZWV0ZSBhY2N1ZWlsbGFudCBkZXMgcGVyc29ubmVzIGVuIHNpdHVhdGlvbiBkZSBoYW5kaWNhcCBlbiBDaGFyZW50ZTogVW4gbm91dmVhdSBiaWxhbiBmYWl0IFx1MDBlOXRhdCBkZSAzIG1vcnRzIGV0IDIgZGlzcGFydXMiLCJ0ZW1wbGF0ZSI6ImhpZ2h3YXkiLCJibG9nX2lkIjoxMTEwMTY0NjF9.qCnbu2NpfmUwhAjiEOfd-HIW3pOCvWORyds5VXMmh_IMQ"},"version":2},"_wpas_customize_per_network":false},"categories":[405],"tags":[],"class_list":["post-36744","post","type-post","status-publish","format-standard","has-post-thumbnail","hentry","category-actu-france-monde"],"jetpack_publicize_connections":[],"jetpack_featured_media_url":"https:\/\/i0.wp.com\/www.iceagetv.com\/radiosite\/wp-content\/uploads\/2025\/07\/Un-mort-et-quatre-disparus-dans-lincendie-dun-gite.jpg?fit=724%2C383&ssl=1","jetpack_sharing_enabled":true,"_links":{"self":[{"href":"https:\/\/www.iceagetv.com\/radiosite\/wp-json\/wp\/v2\/posts\/36744","targetHints":{"allow":["GET"]}}],"collection":[{"href":"https:\/\/www.iceagetv.com\/radiosite\/wp-json\/wp\/v2\/posts"}],"about":[{"href":"https:\/\/www.iceagetv.com\/radiosite\/wp-json\/wp\/v2\/types\/post"}],"author":[{"embeddable":true,"href":"https:\/\/www.iceagetv.com\/radiosite\/wp-json\/wp\/v2\/users\/2"}],"replies":[{"embeddable":true,"href":"https:\/\/www.iceagetv.com\/radiosite\/wp-json\/wp\/v2\/comments?post=36744"}],"version-history":[{"count":2,"href":"https:\/\/www.iceagetv.com\/radiosite\/wp-json\/wp\/v2\/posts\/36744\/revisions"}],"predecessor-version":[{"id":36760,"href":"https:\/\/www.iceagetv.com\/radiosite\/wp-json\/wp\/v2\/posts\/36744\/revisions\/36760"}],"wp:featuredmedia":[{"embeddable":true,"href":"https:\/\/www.iceagetv.com\/radiosite\/wp-json\/wp\/v2\/media\/36745"}],"wp:attachment":[{"href":"https:\/\/www.iceagetv.com\/radiosite\/wp-json\/wp\/v2\/media?parent=36744"}],"wp:term":[{"taxonomy":"category","embeddable":true,"href":"https:\/\/www.iceagetv.com\/radiosite\/wp-json\/wp\/v2\/categories?post=36744"},{"taxonomy":"post_tag","embeddable":true,"href":"https:\/\/www.iceagetv.com\/radiosite\/wp-json\/wp\/v2\/tags?post=36744"}],"curies":[{"name":"wp","href":"https:\/\/api.w.org\/{rel}","templated":true}]}}