{"id":36776,"date":"2025-07-29T11:44:20","date_gmt":"2025-07-29T09:44:20","guid":{"rendered":"https:\/\/www.iceagetv.com\/radiosite\/?p=36776"},"modified":"2025-07-29T11:44:23","modified_gmt":"2025-07-29T09:44:23","slug":"incendies-dans-la-region-de-marseille-en-alerte-maximale-les-pompiers-sorganisent","status":"publish","type":"post","link":"https:\/\/www.iceagetv.com\/radiosite\/incendies-dans-la-region-de-marseille-en-alerte-maximale-les-pompiers-sorganisent\/","title":{"rendered":"Incendies dans la r\u00e9gion de Marseille : en alerte maximale, les pompiers s&rsquo;organisent"},"content":{"rendered":"\n<p class=\"\">Les pompiers ont d\u00e9nombr\u00e9 pas moins de 26 d\u00e9parts de feux dans les Bouches-du-Rh\u00f4ne ce lundi 28 juillet 2025. Pr\u00e8s de Marseille, trois d\u2019entre eux ont mobilis\u00e9 des centaines de soldats du feu dans l\u2019ouest du d\u00e9partement\u2009: 115 soutenus par 21 engins \u00e0 Martigues, 118 appuy\u00e9s de 19 engins \u00e0 Port-de-Bouc et 400 avec huit avions et h\u00e9licopt\u00e8res bombardiers d\u2019eau pour un sinistre qui a coup\u00e9 les autoroutes A7 et A51 au niveau des Pennes-Mirabeau. 51 pompiers y sont encore mobilis\u00e9s ce mardi.<\/p>\n\n\n\n<p class=\"\">Pour lutter contre ces incendies \u00e0 r\u00e9p\u00e9tition, 550 pompiers \u00e9taient pr\u00e9positionn\u00e9s lundi \u00e0 diff\u00e9rents points strat\u00e9giques du d\u00e9partement, class\u00e9 en risque d\u2019incendie \u00ab\u2009tr\u00e8s s\u00e9v\u00e8re\u2009\u00bb ces trois derniers jours, en application d\u2019un dispositif pr\u00e9ventif destin\u00e9 \u00e0 r\u00e9duire les temps d\u2019intervention.<\/p>\n\n\n\n<p class=\"\">Ce nombre est descendu \u00e0 400 ce mardi 29 juillet. Des \u00ab\u2009casernes temporaires\u2009\u00bb, sont mont\u00e9es pour attaquer les incendies au plus t\u00f4t.Une strat\u00e9gie unique en Europe<\/p>\n\n\n\n<p class=\"\">\u00ab\u2009L\u2019objectif est d\u2019intervenir&nbsp;<strong>rapidement<\/strong>&nbsp;sur des feux naissants, ou toute alerte, pour permettre la r\u00e9duction du risque incendie\u2009\u00bb, pr\u00e9cise aupr\u00e8s de l\u2019AFP le capitaine Sacha Cabras, chef de colonne du groupement Ouest (secteurs de&nbsp;<a href=\"https:\/\/actu.fr\/provence-alpes-cote-d-azur\/vitrolles_13117\">Vitrolles<\/a>&nbsp;et&nbsp;<a href=\"https:\/\/actu.fr\/provence-alpes-cote-d-azur\/martigues_13056\">Martigues<\/a>&nbsp;notamment) des pompiers des Bouches-du-Rh\u00f4ne.<\/p>\n\n\n\n<p class=\"\">Pour ce faire, il faut \u00e9tablir \u00ab\u2009un maillage territorial strat\u00e9gique, pour avoir un d\u00e9lai d\u2019intervention le plus court possible\u2009\u00bb, notamment en positionnant \u00ab\u2009des engins \u00e0 des endroits faciles d\u2019acc\u00e8s\u2009\u00bb, proches des axes routiers, ajoute-t-il.<\/p>\n\n\n\n<p class=\"\">Cette \u00ab\u2009strat\u00e9gie d\u2019attaque des feux naissants est quasiment&nbsp;<strong>unique en Europe<\/strong>\u2009\u00bb et d\u2019autres pays viennent r\u00e9guli\u00e8rement s\u2019en inspirer aupr\u00e8s des sapeurs-pompiers fran\u00e7ais, rel\u00e8ve Thomas Sabatier, chef d\u2019un groupe d\u2019intervention&nbsp;<a href=\"https:\/\/actu.fr\/tag\/feux-de-foret\">feux de for\u00eat<\/a>&nbsp;pr\u00e9positionn\u00e9 \u00e0 proximit\u00e9 du Stadium de Vitrolles ce lundi.<\/p>\n\n\n\n<h2 class=\"wp-block-heading\">30 groupes d\u00e9ploy\u00e9s<\/h2>\n\n\n\n<p class=\"\">Compos\u00e9 de 18 pompiers, professionnels et volontaires, quatre camions-citernes et un v\u00e9hicule de commandement, l\u2019unit\u00e9 est strat\u00e9giquement plac\u00e9e \u00ab\u2009\u00e0 \u00e9quidistance de Vitrolles et d\u2019<a href=\"https:\/\/actu.fr\/provence-alpes-cote-d-azur\/aix-en-provence_13001\">Aix-en-Provence<\/a>, avec un acc\u00e8s direct au massif et \u00e0 plein d\u2019axes de communication\u2009\u00bb, d\u00e9taille le lieutenant Sabatier.<\/p>\n\n\n\n<p class=\"\">Au total, une trentaine de ces groupes, certains sp\u00e9cialis\u00e9s dans l\u2019attaque des feux, d\u2019autres dans la protection des habitations, ont \u00e9t\u00e9 d\u00e9ploy\u00e9s lundi \u00e0 travers le d\u00e9partement. Autant de \u00ab\u2009casernes temporaires\u2009\u00bb renfor\u00e7ant les existantes, ajoute Thomas Sabatier.Car ce dispositif pr\u00e9ventif vient s\u2019ajouter aux&nbsp;<strong>500 pompiers pr\u00e9sents<\/strong>&nbsp;dans la&nbsp;<strong>soixantaine de casernes du d\u00e9partement<\/strong>, \u00ab\u2009le plus expos\u00e9 au risque de feux de for\u00eat en France m\u00e9tropolitaine\u2009\u00bb, rappelle r\u00e9guli\u00e8rement&nbsp;<a href=\"https:\/\/actu.fr\/tag\/meteo-france\">M\u00e9t\u00e9o-France<\/a>.<\/p>\n\n\n\n<h2 class=\"wp-block-heading\">Tous les massifs du d\u00e9partement interdits d\u2019acc\u00e8s<\/h2>\n\n\n\n<p class=\"\">L\u2019institut m\u00e9t\u00e9orologique a plac\u00e9 les Bouches-du-Rh\u00f4ne en\u00a0<strong>vigilance rouge aux feux de for\u00eat<\/strong>\u00a0lundi, et ce pour la troisi\u00e8me journ\u00e9e cons\u00e9cutive, en raison de risques \u00ab\u2009tr\u00e8s \u00e9lev\u00e9s\u2009\u00bb d\u2019incendies \u00e0 cause notamment d\u2019un mistral soutenu. En outre, la pr\u00e9fecture a interdit l\u2019acc\u00e8s \u00e0 l\u2019ensemble des 25 massifs du d\u00e9partement.Une menace qui ne devrait pas faiblir dans les prochains jours\u2009: ainsi le d\u00e9partement sera encore en&nbsp;<strong>vigilance orange mardi<\/strong>, le risque demeurant \u00ab\u2009\u00e9lev\u00e9\u2009\u00bb.<\/p>\n\n\n\n<p class=\"\">\u00ab\u2009Plusieurs indicateurs vont nous donner un niveau de risque pour une journ\u00e9e\u2009: l\u2019hygrom\u00e9trie, le vent, la temp\u00e9rature ext\u00e9rieure\u2009\u00bb, explique le capitaine Cabras, rappelant que \u00ab\u2009la plupart des feux sont des accidents\u2009\u00bb. \u00ab\u2009En fonction du risque, on met le nombre de moyens le plus adapt\u00e9\u2009\u00bb.<\/p>\n\n\n\n<p class=\"\">Par exemple, \u00ab\u2009aujourd\u2019hui, au vu du vent mont\u00e9 assez rapidement et pr\u00e9visible depuis quelques jours, on a mis les groupes en place \u00e0 partir de 11h\u2009\u00bb, deux heures plus t\u00f4t que sur une journ\u00e9e plus classique, poursuit le capitaine.<\/p>\n","protected":false},"excerpt":{"rendered":"<p>Les pompiers ont d\u00e9nombr\u00e9 pas moins de 26 d\u00e9parts de feux dans les Bouches-du-Rh\u00f4ne ce lundi 28 juillet 2025. Pr\u00e8s de Marseille, trois d\u2019entre eux ont mobilis\u00e9 des centaines de soldats du feu dans l\u2019ouest du d\u00e9partement\u2009: 115 soutenus par 21 engins \u00e0 Martigues, 118 appuy\u00e9s de 19 engins \u00e0 Port-de-Bouc et 400 avec huit [&hellip;]<\/p>\n","protected":false},"author":2,"featured_media":36777,"comment_status":"open","ping_status":"open","sticky":false,"template":"","format":"standard","meta":{"_jetpack_memberships_contains_paid_content":false,"footnotes":"","jetpack_publicize_message":"","jetpack_publicize_feature_enabled":true,"jetpack_social_post_already_shared":true,"jetpack_social_options":{"image_generator_settings":{"template":"highway","default_image_id":0,"enabled":true,"token":"eyJpbWciOiJodHRwczpcL1wvd3d3LmljZWFnZXR2LmNvbVwvcmFkaW9zaXRlXC93cC1jb250ZW50XC91cGxvYWRzXC8yMDI1XC8wN1wvcG9tcGllcnMtbm95YWdlLTItOTYweDY0MC0xLmpwZyIsInR4dCI6IkluY2VuZGllcyBkYW5zIGxhIHJcdTAwZTlnaW9uIGRlIE1hcnNlaWxsZSA6IGVuIGFsZXJ0ZSBtYXhpbWFsZSwgbGVzIHBvbXBpZXJzIHMmIzgyMTc7b3JnYW5pc2VudCIsInRlbXBsYXRlIjoiaGlnaHdheSIsImJsb2dfaWQiOjExMTAxNjQ2MX0.UOK4moptmN1pSnK-hDJh_pmiOCmZ9vSyJhbqOfKEItwMQ"},"version":2},"_wpas_customize_per_network":false},"categories":[405],"tags":[],"class_list":["post-36776","post","type-post","status-publish","format-standard","has-post-thumbnail","hentry","category-actu-france-monde"],"jetpack_publicize_connections":[],"jetpack_featured_media_url":"https:\/\/i0.wp.com\/www.iceagetv.com\/radiosite\/wp-content\/uploads\/2025\/07\/pompiers-noyage-2-960x640-1.jpg?fit=960%2C640&ssl=1","jetpack_sharing_enabled":true,"_links":{"self":[{"href":"https:\/\/www.iceagetv.com\/radiosite\/wp-json\/wp\/v2\/posts\/36776","targetHints":{"allow":["GET"]}}],"collection":[{"href":"https:\/\/www.iceagetv.com\/radiosite\/wp-json\/wp\/v2\/posts"}],"about":[{"href":"https:\/\/www.iceagetv.com\/radiosite\/wp-json\/wp\/v2\/types\/post"}],"author":[{"embeddable":true,"href":"https:\/\/www.iceagetv.com\/radiosite\/wp-json\/wp\/v2\/users\/2"}],"replies":[{"embeddable":true,"href":"https:\/\/www.iceagetv.com\/radiosite\/wp-json\/wp\/v2\/comments?post=36776"}],"version-history":[{"count":1,"href":"https:\/\/www.iceagetv.com\/radiosite\/wp-json\/wp\/v2\/posts\/36776\/revisions"}],"predecessor-version":[{"id":36778,"href":"https:\/\/www.iceagetv.com\/radiosite\/wp-json\/wp\/v2\/posts\/36776\/revisions\/36778"}],"wp:featuredmedia":[{"embeddable":true,"href":"https:\/\/www.iceagetv.com\/radiosite\/wp-json\/wp\/v2\/media\/36777"}],"wp:attachment":[{"href":"https:\/\/www.iceagetv.com\/radiosite\/wp-json\/wp\/v2\/media?parent=36776"}],"wp:term":[{"taxonomy":"category","embeddable":true,"href":"https:\/\/www.iceagetv.com\/radiosite\/wp-json\/wp\/v2\/categories?post=36776"},{"taxonomy":"post_tag","embeddable":true,"href":"https:\/\/www.iceagetv.com\/radiosite\/wp-json\/wp\/v2\/tags?post=36776"}],"curies":[{"name":"wp","href":"https:\/\/api.w.org\/{rel}","templated":true}]}}