{"id":36787,"date":"2025-07-29T17:39:27","date_gmt":"2025-07-29T15:39:27","guid":{"rendered":"https:\/\/www.iceagetv.com\/radiosite\/?p=36787"},"modified":"2025-07-29T17:39:31","modified_gmt":"2025-07-29T15:39:31","slug":"nouveau-coup-de-theatre-deux-mois-avant-le-proces-lavocat-historique-de-cedric-jubillar-annonce-se-retirer-du-dossier-en-raison-de-la-pression-mediatique-qui-a-de-graves-repercussions-sur-s","status":"publish","type":"post","link":"https:\/\/www.iceagetv.com\/radiosite\/nouveau-coup-de-theatre-deux-mois-avant-le-proces-lavocat-historique-de-cedric-jubillar-annonce-se-retirer-du-dossier-en-raison-de-la-pression-mediatique-qui-a-de-graves-repercussions-sur-s\/","title":{"rendered":"Nouveau coup de th\u00e9\u00e2tre : Deux mois avant le proc\u00e8s, l&rsquo;avocat historique de C\u00e9dric Jubillar annonce se retirer du dossier \u00ab\u00a0en raison de la pression m\u00e9diatique\u00a0\u00bb qui a \u00ab\u00a0de graves r\u00e9percussions sur sa sant\u00e9\u00a0\u00bb"},"content":{"rendered":"\n<p class=\"\">L&rsquo;avocat historique de C\u00e9dric Jubillar, Me Jean-Baptiste Alary, annonce qu&rsquo;il se retire de l&rsquo;affaire en raison de la \u00ab\u00a0pression m\u00e9diatique et des cons\u00e9quences sur sa sant\u00e9\u00a0\u00bb.&nbsp;\u00c9puis\u00e9 par quatre ann\u00e9es de vives pressions m\u00e9diatiques, l\u2019avocat se dit aupr\u00e8s nos confr\u00e8res de la D\u00e9p\u00eache \u00ab\u00a0au bord de la rupture\u00a0\u00bb. Le 16&nbsp;juin 2021, il avait assister son client lors de sa garde \u00e0 vue, puis au moment de sa mise en examen pour \u00ab\u00a0meurtre sur conjoint\u00a0\u00bb, accusation que le principal suspect a toujours r\u00e9fut\u00e9.&nbsp;<\/p>\n\n\n\n<p class=\"\">\u00ab\u00a0Cette pression m\u00e9diatique qui p\u00e8se \u00e9norm\u00e9ment depuis le d\u00e9but a eu de graves r\u00e9percussions sur ma sant\u00e9. Et pour raisons m\u00e9dicales, j&rsquo;ai pris la d\u00e9cision, en accord avec mes deux confr\u00e8res, Mes Alexandre Martin et Emmanuelle Franck, de me retirer du dossier.&nbsp;Je reste convaincu de l&rsquo;innocence de C\u00e9dric Jubillar, lequel me fait enti\u00e8rement confiance\u00a0\u00bb<\/p>\n\n\n\n<p class=\"\">Cette annonce intervient moins de deux mois avant le d\u00e9but du proc\u00e8s de C\u00e9dric Jubillar, accus\u00e9 d&rsquo;avoir tu\u00e9 en 2020 dans le Tarn son \u00e9pouse Delphine, dont le corps n&rsquo;a jamais \u00e9t\u00e9 retrouv\u00e9.<\/p>\n\n\n\n<p class=\"\">C\u00e9dric Jubillar est le principal suspect dans l&rsquo;affaire de la disparition de son \u00e9pouse Delphine. Il est soup\u00e7onn\u00e9 de l&rsquo;avoir tu\u00e9e en d\u00e9cembre 2020, \u00e0 Cagnac-les-Mines (Tarn). Le corps de l&rsquo;infirmi\u00e8re n&rsquo;a jamais \u00e9t\u00e9 retrouv\u00e9, mais le trentenaire a toujours ni\u00e9 toute implication dans cette disparition.<\/p>\n\n\n\n<p class=\"\">Son proc\u00e8s pour meurtre par conjoint doit s&rsquo;ouvrir le 22 septembre, devant la cour d&rsquo;assises du Tarn. Il doit durer quatre semaines.<\/p>\n\n\n\n<p class=\"\">Le 23 juillet dernier, une ex-petite amie de C\u00e9dric Jubillar, \u00e0 qui le peintre-plaquiste aurait confi\u00e9 au parloir avoir \u00e9trangl\u00e9 sa femme, avait \u00e9t\u00e9 auditionn\u00e9e par les enqu\u00eateurs.<\/p>\n","protected":false},"excerpt":{"rendered":"<p>L&rsquo;avocat historique de C\u00e9dric Jubillar, Me Jean-Baptiste Alary, annonce qu&rsquo;il se retire de l&rsquo;affaire en raison de la \u00ab\u00a0pression m\u00e9diatique et des cons\u00e9quences sur sa sant\u00e9\u00a0\u00bb.&nbsp;\u00c9puis\u00e9 par quatre ann\u00e9es de vives pressions m\u00e9diatiques, l\u2019avocat se dit aupr\u00e8s nos confr\u00e8res de la D\u00e9p\u00eache \u00ab\u00a0au bord de la rupture\u00a0\u00bb. Le 16&nbsp;juin 2021, il avait assister son client [&hellip;]<\/p>\n","protected":false},"author":2,"featured_media":36788,"comment_status":"open","ping_status":"open","sticky":false,"template":"","format":"standard","meta":{"_jetpack_memberships_contains_paid_content":false,"footnotes":"","jetpack_publicize_message":"","jetpack_publicize_feature_enabled":true,"jetpack_social_post_already_shared":true,"jetpack_social_options":{"image_generator_settings":{"template":"highway","default_image_id":0,"enabled":true,"token":"eyJpbWciOiJodHRwczpcL1wvd3d3LmljZWFnZXR2LmNvbVwvcmFkaW9zaXRlXC93cC1jb250ZW50XC91cGxvYWRzXC8yMDI1XC8wN1wvSm44ZXRzVDAuanBnIiwidHh0IjoiTm91dmVhdSBjb3VwIGRlIHRoXHUwMGU5XHUwMGUydHJlIDogRGV1eCBtb2lzIGF2YW50IGxlIHByb2NcdTAwZThzLCBsJiM4MjE3O2F2b2NhdCBoaXN0b3JpcXVlIGRlIENcdTAwZTlkcmljIEp1YmlsbGFyIGFubm9uY2Ugc2UgcmV0aXJlciBkdSBkb3NzaWVyICYjODIyMDtlbiByYWlzb24gZGUgbGEgcHJlc3Npb24gbVx1MDBlOWRpYXRpcXVlJiM4MjIxOyBxdWkgYSAmIzgyMjA7ZGUgZ3JhdmVzIHJcdTAwZTlwZXJjdXNzaW9ucyBzdXIgc2Egc2FudFx1MDBlOSYjODIyMTsiLCJ0ZW1wbGF0ZSI6ImhpZ2h3YXkiLCJibG9nX2lkIjoxMTEwMTY0NjF9.SxKp9wKiBwioVKRwPo6trAU5-_7N7-R25VQ1vb5hL6UMQ"},"version":2},"_wpas_customize_per_network":false},"categories":[405],"tags":[],"class_list":["post-36787","post","type-post","status-publish","format-standard","has-post-thumbnail","hentry","category-actu-france-monde"],"jetpack_publicize_connections":[],"jetpack_featured_media_url":"https:\/\/i0.wp.com\/www.iceagetv.com\/radiosite\/wp-content\/uploads\/2025\/07\/Jn8etsT0.jpg?fit=679%2C293&ssl=1","jetpack_sharing_enabled":true,"_links":{"self":[{"href":"https:\/\/www.iceagetv.com\/radiosite\/wp-json\/wp\/v2\/posts\/36787","targetHints":{"allow":["GET"]}}],"collection":[{"href":"https:\/\/www.iceagetv.com\/radiosite\/wp-json\/wp\/v2\/posts"}],"about":[{"href":"https:\/\/www.iceagetv.com\/radiosite\/wp-json\/wp\/v2\/types\/post"}],"author":[{"embeddable":true,"href":"https:\/\/www.iceagetv.com\/radiosite\/wp-json\/wp\/v2\/users\/2"}],"replies":[{"embeddable":true,"href":"https:\/\/www.iceagetv.com\/radiosite\/wp-json\/wp\/v2\/comments?post=36787"}],"version-history":[{"count":1,"href":"https:\/\/www.iceagetv.com\/radiosite\/wp-json\/wp\/v2\/posts\/36787\/revisions"}],"predecessor-version":[{"id":36789,"href":"https:\/\/www.iceagetv.com\/radiosite\/wp-json\/wp\/v2\/posts\/36787\/revisions\/36789"}],"wp:featuredmedia":[{"embeddable":true,"href":"https:\/\/www.iceagetv.com\/radiosite\/wp-json\/wp\/v2\/media\/36788"}],"wp:attachment":[{"href":"https:\/\/www.iceagetv.com\/radiosite\/wp-json\/wp\/v2\/media?parent=36787"}],"wp:term":[{"taxonomy":"category","embeddable":true,"href":"https:\/\/www.iceagetv.com\/radiosite\/wp-json\/wp\/v2\/categories?post=36787"},{"taxonomy":"post_tag","embeddable":true,"href":"https:\/\/www.iceagetv.com\/radiosite\/wp-json\/wp\/v2\/tags?post=36787"}],"curies":[{"name":"wp","href":"https:\/\/api.w.org\/{rel}","templated":true}]}}