{"id":36823,"date":"2025-07-31T08:57:05","date_gmt":"2025-07-31T06:57:05","guid":{"rendered":"https:\/\/www.iceagetv.com\/radiosite\/?p=36823"},"modified":"2025-07-31T08:57:09","modified_gmt":"2025-07-31T06:57:09","slug":"apres-la-france-le-canada-veut-reconnaitre-letat-de-palestine-israel-denonce-une-decision-dangereuse","status":"publish","type":"post","link":"https:\/\/www.iceagetv.com\/radiosite\/apres-la-france-le-canada-veut-reconnaitre-letat-de-palestine-israel-denonce-une-decision-dangereuse\/","title":{"rendered":"Apr\u00e8s la France, le Canada veut reconna\u00eetre l&rsquo;\u00c9tat de Palestine : Isra\u00ebl d\u00e9nonce une d\u00e9cision \u00ab\u00a0dangereuse"},"content":{"rendered":"\n<p class=\"\">Cette reconnaissance devrait avoir lieu pendant \u00ab\u00a0la 80e session de l&rsquo;Assembl\u00e9e g\u00e9n\u00e9rale des Nations unies en septembre 2025\u00a0\u00bb, a pr\u00e9cis\u00e9 le Premier ministre canadien Mark Carney.Le Canada&nbsp;<strong>\u00ab\u2009a l\u2019intention\u2009\u00bb de reconna\u00eetre l\u2019\u00c9tat de Palestine<\/strong>&nbsp;lors de l\u2019Assembl\u00e9e g\u00e9n\u00e9rale des Nations unies en septembre \u00e0 New York, a annonc\u00e9 mercredi 30&nbsp;juillet 2025&nbsp;<a href=\"https:\/\/actu.fr\/monde\/novice-en-politique-economiste-mark-carney-donne-vainqueur-des-elections-au-canada_62571123.html\">le Premier ministre canadien, Mark Carney<\/a>.<\/p>\n\n\n\n<p class=\"\">Un changement de\u00a0<a href=\"https:\/\/actu.fr\/politique\">politique<\/a>\u00a0qu\u2019il juge n\u00e9cessaire pour pr\u00e9server l\u2019espoir d\u2019une solution \u00e0 deux \u00c9tats, comme plus r\u00e9cemment la France et 14 pays occidentaux. Et une d\u00e9cision qu\u2019a imm\u00e9diatement condamn\u00e9e Isra\u00ebl.Une reconnaissance en septembre&nbsp;2025<\/p>\n\n\n\n<p class=\"\">C\u2019est lors d\u2019une conf\u00e9rence de presse \u00e0 Ottawa que Mark Carney a r\u00e9v\u00e9l\u00e9 sa d\u00e9cision son \u00ab\u2009intention\u2009\u00bb de reconna\u00eetre l\u2019\u00c9tat de Palestine. Il a aussi d\u00e9fini une temporalit\u00e9\u2009: cette reconnaissance aura lieu pendant \u00ab\u2009la 80e session de l\u2019Assembl\u00e9e g\u00e9n\u00e9rale des Nations unies&nbsp;<strong>en septembre&nbsp;2025\u2009\u00bb.<\/strong><\/p>\n\n\n\n<p class=\"\">En franchissant le pas, le Canada est motiv\u00e9 par la conviction \u00ab\u2009de longue date\u2009\u00bb du pays en faveur d\u2019une solution \u00e0 deux \u00c9tats&nbsp;<a href=\"https:\/\/actu.fr\/tag\/guerre-israel-hamas\">au conflit isra\u00e9lo-palestinien<\/a>,&nbsp;<strong>qui dure depuis des d\u00e9cennies<\/strong>, a justifi\u00e9 son premier ministre.<\/p>\n\n\n\n<p class=\"\">Cette possibilit\u00e9 d&rsquo;une solution \u00e0 deux \u00c9tats s&rsquo;\u00e9rode sous nos yeux. [&#8230;] Pendant des d\u00e9cennies, on a esp\u00e9r\u00e9 que (la solution \u00e0 deux \u00c9tats) serait r\u00e9alis\u00e9e dans le cadre d&rsquo;un processus de paix fond\u00e9 sur un accord n\u00e9goci\u00e9 entre le gouvernement isra\u00e9lien et l&rsquo;Autorit\u00e9 palestinienne. Malheureusement, cette approche n&rsquo;est plus tenable.Nous allons poursuivre nos efforts pour que d\u2019autres rejoignent cette dynamique\u2009\u00bb<\/p>\n\n\n\n<p class=\"\">La France, qui entend aussi&nbsp;<a href=\"https:\/\/actu.fr\/monde\/la-paix-est-possible-emmanuel-macron-va-reconnaitre-l-etat-de-palestine-en-septembre_62955609.html\">reconna\u00eetre l\u2019Etat de Palestine \u00e0 l\u2019Onu en septembre<\/a>, salue cette prise de position<strong>. \u00ab\u2009Nous allons poursuivre nos efforts pour que d\u2019autres rejoignent cette dynamique<\/strong>&nbsp;dans la perspective de l\u2019Assembl\u00e9e g\u00e9n\u00e9rale\u2009\u00bb, a indiqu\u00e9 mercredi soir l\u2019\u00c9lys\u00e9e<\/p>\n\n\n\n<p class=\"\"><a href=\"https:\/\/actu.fr\/tag\/emmanuel-macron\">Emmanuel Macron<\/a>&nbsp;s\u2019est d\u2019ailleurs entretenu avec le Premier ministre canadien Mark Carney \u00ab\u2009un peu plus t\u00f4t dans la journ\u00e9e\u2009\u00bb de cette question.<\/p>\n\n\n\n<p class=\"\">R\u00e9cemment, en plus de la France et du Canada,&nbsp;<strong>14 autres pays occidentaux<\/strong>&nbsp;ont invit\u00e9 les autres \u00c9tats du monde \u00e0 s\u2019exprimer sur une \u00e9ventuelle reconnaissance de la Palestine. Il s\u2019agit de 11 pays&nbsp;<a href=\"https:\/\/actu.fr\/tag\/europe\">europ\u00e9ens<\/a>&nbsp;(Andorre, Finlande, Islande,&nbsp;<a href=\"https:\/\/actu.fr\/tag\/irlande\">Irlande<\/a>, Luxembourg, Malte, Norv\u00e8ge,&nbsp;<a href=\"https:\/\/actu.fr\/tag\/portugal\">Portugal<\/a>, Saint-Marin, Slov\u00e9nie et&nbsp;<a href=\"https:\/\/actu.fr\/tag\/espagne\">Espagne<\/a>), de&nbsp;<a href=\"https:\/\/actu.fr\/tag\/australie\">l\u2019Australie<\/a>&nbsp;et de la Nouvelle-Z\u00e9lande.<\/p>\n\n\n\n<p class=\"\">Cet appel a \u00e9t\u00e9 lanc\u00e9 publiquement \u00e0 la fin d\u2019une conf\u00e9rence qui s\u2019est tenue lundi&nbsp;28 et mardi 29&nbsp;juillet 2025 \u00e0 New York, \u00e0 l\u2019initiative de la France et de l\u2019Arabie saoudite qui tentent de maintenir en vie la solution \u00e0 deux \u00c9tats pour sortir du conflit isra\u00e9lo-palestinien. Une hypoth\u00e8se malmen\u00e9e par la guerre en cours \u00e0 Gaza et les colonisations en Cisjordanie.<\/p>\n\n\n\n<h2 class=\"wp-block-heading\">Isra\u00ebl d\u00e9nonce cette d\u00e9cision<\/h2>\n\n\n\n<p class=\"\">Comme&nbsp;<a href=\"https:\/\/french.wafa.ps\/Pages\/Details\/234297\">le rapporte l\u2019agence de presse Wafa<\/a>, le pr\u00e9sident palestinien&nbsp;<a href=\"https:\/\/actu.fr\/ile-de-france\/paris_75056\/propos-antisemites-la-ville-de-paris-retire-sa-plus-haute-distinction-a-mahmoud-abbas_60057101.html\">Mahmoud Abbas<\/a>&nbsp;a salu\u00e9 ce jeudi 31&nbsp;juillet 2025&nbsp;<strong>la d\u00e9cision \u00ab\u2009historique\u2009\u00bb et \u00ab\u2009courageuse\u2009\u00bb<\/strong>&nbsp;du Canada. Celle-ci \u00ab\u2009renforcera la paix, la stabilit\u00e9 et la s\u00e9curit\u00e9 dans la r\u00e9gion\u2009\u00bb, a-t-il appuy\u00e9.<\/p>\n\n\n\n<p class=\"\">Isra\u00ebl a pour sa part d\u00e9nonc\u00e9 cette d\u00e9cision du Canada, estimant qu\u2019elle&nbsp;entre dans le cadre&nbsp;<strong>d\u2019une \u00ab\u2009campagne de pression internationale d\u00e9form\u00e9e\u2009\u00bb<\/strong>&nbsp;venant \u00ab\u2009durcir la position du Hamas \u00e0 la table des n\u00e9gociations \u00e0 un moment critique\u2009\u00bb.<\/p>\n\n\n\n<blockquote class=\"wp-block-quote is-layout-flow wp-block-quote-is-layout-flow\">\n<p class=\"\">Reconna\u00eetre un \u00c9tat palestinien en l&rsquo;absence d&rsquo;un gouvernement responsable, d&rsquo;institutions fonctionnelles ou d&rsquo;un leadership bienveillant, c&rsquo;est r\u00e9compenser et l\u00e9gitimer la barbarie monstrueuse du Hamas le 7 octobre 2023.<\/p>\n<\/blockquote>\n","protected":false},"excerpt":{"rendered":"<p>Cette reconnaissance devrait avoir lieu pendant \u00ab\u00a0la 80e session de l&rsquo;Assembl\u00e9e g\u00e9n\u00e9rale des Nations unies en septembre 2025\u00a0\u00bb, a pr\u00e9cis\u00e9 le Premier ministre canadien Mark Carney.Le Canada&nbsp;\u00ab\u2009a l\u2019intention\u2009\u00bb de reconna\u00eetre l\u2019\u00c9tat de Palestine&nbsp;lors de l\u2019Assembl\u00e9e g\u00e9n\u00e9rale des Nations unies en septembre \u00e0 New York, a annonc\u00e9 mercredi 30&nbsp;juillet 2025&nbsp;le Premier ministre canadien, Mark Carney. Un [&hellip;]<\/p>\n","protected":false},"author":2,"featured_media":36824,"comment_status":"open","ping_status":"open","sticky":false,"template":"","format":"standard","meta":{"_jetpack_memberships_contains_paid_content":false,"footnotes":"","jetpack_publicize_message":"","jetpack_publicize_feature_enabled":true,"jetpack_social_post_already_shared":true,"jetpack_social_options":{"image_generator_settings":{"template":"highway","default_image_id":0,"enabled":true,"token":"eyJpbWciOiJodHRwczpcL1wvd3d3LmljZWFnZXR2LmNvbVwvcmFkaW9zaXRlXC93cC1jb250ZW50XC91cGxvYWRzXC8yMDI1XC8wN1wvQXByZXMtbGEtRnJhbmNlLWxlLUNhbmFkYS12ZXV0LXJlY29ubmFpdHJlLWxFdGF0LWRlLVBhbGVzdGluZS5qcGciLCJ0eHQiOiJBcHJcdTAwZThzIGxhIEZyYW5jZSwgbGUgQ2FuYWRhIHZldXQgcmVjb25uYVx1MDBlZXRyZSBsJiM4MjE3O1x1MDBjOXRhdCBkZSBQYWxlc3RpbmUgOiBJc3JhXHUwMGVibCBkXHUwMGU5bm9uY2UgdW5lIGRcdTAwZTljaXNpb24gJiM4MjIwO2RhbmdlcmV1c2UiLCJ0ZW1wbGF0ZSI6ImhpZ2h3YXkiLCJibG9nX2lkIjoxMTEwMTY0NjF9.XW5-bFnZ0SebZvjKfXIZbvccVfn-1xPpUGzSPEj_akIMQ"},"version":2},"_wpas_customize_per_network":false},"categories":[405],"tags":[],"class_list":["post-36823","post","type-post","status-publish","format-standard","has-post-thumbnail","hentry","category-actu-france-monde"],"jetpack_publicize_connections":[],"jetpack_featured_media_url":"https:\/\/i0.wp.com\/www.iceagetv.com\/radiosite\/wp-content\/uploads\/2025\/07\/Apres-la-France-le-Canada-veut-reconnaitre-lEtat-de-Palestine.jpg?fit=696%2C448&ssl=1","jetpack_sharing_enabled":true,"_links":{"self":[{"href":"https:\/\/www.iceagetv.com\/radiosite\/wp-json\/wp\/v2\/posts\/36823","targetHints":{"allow":["GET"]}}],"collection":[{"href":"https:\/\/www.iceagetv.com\/radiosite\/wp-json\/wp\/v2\/posts"}],"about":[{"href":"https:\/\/www.iceagetv.com\/radiosite\/wp-json\/wp\/v2\/types\/post"}],"author":[{"embeddable":true,"href":"https:\/\/www.iceagetv.com\/radiosite\/wp-json\/wp\/v2\/users\/2"}],"replies":[{"embeddable":true,"href":"https:\/\/www.iceagetv.com\/radiosite\/wp-json\/wp\/v2\/comments?post=36823"}],"version-history":[{"count":1,"href":"https:\/\/www.iceagetv.com\/radiosite\/wp-json\/wp\/v2\/posts\/36823\/revisions"}],"predecessor-version":[{"id":36825,"href":"https:\/\/www.iceagetv.com\/radiosite\/wp-json\/wp\/v2\/posts\/36823\/revisions\/36825"}],"wp:featuredmedia":[{"embeddable":true,"href":"https:\/\/www.iceagetv.com\/radiosite\/wp-json\/wp\/v2\/media\/36824"}],"wp:attachment":[{"href":"https:\/\/www.iceagetv.com\/radiosite\/wp-json\/wp\/v2\/media?parent=36823"}],"wp:term":[{"taxonomy":"category","embeddable":true,"href":"https:\/\/www.iceagetv.com\/radiosite\/wp-json\/wp\/v2\/categories?post=36823"},{"taxonomy":"post_tag","embeddable":true,"href":"https:\/\/www.iceagetv.com\/radiosite\/wp-json\/wp\/v2\/tags?post=36823"}],"curies":[{"name":"wp","href":"https:\/\/api.w.org\/{rel}","templated":true}]}}