{"id":36849,"date":"2025-07-31T19:25:42","date_gmt":"2025-07-31T17:25:42","guid":{"rendered":"https:\/\/www.iceagetv.com\/radiosite\/?p=36849"},"modified":"2025-07-31T19:25:46","modified_gmt":"2025-07-31T17:25:46","slug":"droits-de-douane-quand-donald-trump-impose-ses-surtaxes-pour-des-raisons-plus-politiques-queconomiques","status":"publish","type":"post","link":"https:\/\/www.iceagetv.com\/radiosite\/droits-de-douane-quand-donald-trump-impose-ses-surtaxes-pour-des-raisons-plus-politiques-queconomiques\/","title":{"rendered":"Droits de douane : quand Donald Trump impose ses surtaxes pour des raisons plus politiques qu&rsquo;\u00e9conomiques"},"content":{"rendered":"\n<p class=\"\">Le pr\u00e9sident am\u00e9ricain utilise aussi sa croisade commerciale pour faire pression sur d&rsquo;autres pays, sur fond de guerre en Ukraine ou de conflit dans la bande de Gaza.L&rsquo;affaire n&rsquo;est pas strictement commerciale. Depuis son retour au pouvoir fin janvier, le pr\u00e9sident am\u00e9ricain Donald Trump a annonc\u00e9 de grands changements concernant les droits de douane de son pays. Une surtaxe de 10% pour tous, puis des droits beaucoup plus \u00e9lev\u00e9s sur l&rsquo;acier, l&rsquo;aluminium, l&rsquo;automobile\u2026 Jusqu&rsquo;\u00e0 menacer plusieurs pays\u00a0<a href=\"https:\/\/www.franceinfo.fr\/monde\/usa\/presidentielle\/donald-trump\/carte-droits-de-douane-americains-visualisez-les-pays-concernes-par-les-mesures-imposees-par-donald-trump_7167777.html\">d&rsquo;un r\u00e9gime beaucoup plus s\u00e9v\u00e8re<\/a>, provoquant des n\u00e9gociations en pagaille et des accords en s\u00e9rie, avec le Royaume-Uni, le Japon et\u00a0<a href=\"https:\/\/www.franceinfo.fr\/monde\/usa\/droits-de-douane\/enorme-pour-donald-trump-un-jour-sombre-selon-la-france-ce-que-l-on-sait-de-l-accord-sur-les-droits-de-douane-entre-les-etats-unis-et-l-ue_7403758.html\">l&rsquo;Union europ\u00e9enne notamment<\/a>.Mais le locataire de la Maison-Blanche semble aussi utiliser l&rsquo;argument du commerce pour faire pression sur d&rsquo;autres dirigeants dans d&rsquo;autres dossiers. Dernier exemple en date&nbsp;:&nbsp;<a href=\"https:\/\/truthsocial.com\/@realDonaldTrump\/posts\/114945962278773358\" target=\"_blank\" rel=\"noreferrer noopener\">un message moqueur(Nouvelle fen\u00eatre)<\/a>&nbsp;envoy\u00e9 au Canada, jeudi 31&nbsp;juillet, dans lequel il \u00e9met ses doutes la possibilit\u00e9 de conclure un accord commercial tant qu&rsquo;Ottawa envisage de reconna\u00eetre la Palestine comme Etat. Une m\u00e9thode qui vise \u00e9galement le Br\u00e9sil et l&rsquo;Inde, mais pour des raisons bien diff\u00e9rentes&#8230;<\/p>\n\n\n\n<h2 class=\"wp-block-heading\">Bras de fer avec le Canada concernant le conflit isra\u00e9lo-palestinien<\/h2>\n\n\n\n<p class=\"\">En pleine temp\u00eate diplomatique avec le Canada,&nbsp;<a href=\"https:\/\/www.franceinfo.fr\/monde\/usa\/presidentielle\/donald-trump\/donald-trump-annonce-de-nouveaux-droits-de-douane-contre-le-canada-et-menace-de-mettre-son-industrie-automobile-a-l-arret_7123635.html\">qu&rsquo;il se verrait bien annexer<\/a>&nbsp;et qu&rsquo;il menace de lourds droits de douane, Donald Trump n&rsquo;a pas appr\u00e9ci\u00e9 la prise de position de son voisin du nord sur la question palestinienne.&nbsp;<em>\u00ab\u00a0Wow&nbsp;! Le Canada vient d&rsquo;annoncer qu&rsquo;il soutient un Etat palestinien. Cela va devenir tr\u00e8s difficile pour nous de conclure un accord commercial avec eux\u00a0\u00bb<\/em>, a-t-il donc r\u00e9agi jeudi sur son r\u00e9seau Truth Social, apr\u00e8s que le Premier ministre canadien, Mark Carney, a fait savoir que son pays&nbsp;<a href=\"https:\/\/www.franceinfo.fr\/monde\/proche-orient\/israel-palestine\/le-canada-a-l-intention-de-reconnaitre-l-etat-de-palestine-en-septembre-a-l-onu-annonce-le-premier-ministre-mark-carney_7408549.html\">reconna\u00eetrait officiellement la Palestine<\/a>&nbsp;en septembre.&nbsp;<em>\u00ab\u00a0Oh, Canada&nbsp;!\u00a0\u00bb<\/em>, a conclu Donald Trump dans son message, singeant l&rsquo;hymne national du pays \u00e0 la feuille d&rsquo;\u00e9rable.<\/p>\n\n\n\n<p class=\"\">La d\u00e9cision de Mark Carney n&rsquo;a plu ni au gouvernement isra\u00e9lien, ni \u00e0 la Maison Blanche, qui jette \u00e0 nouveau le doute sur un r\u00e8glement de la guerre commerciale entre les Etats-Unis et le Canada. Dans un courrier en date du 10&nbsp;juillet, Donald Trump posait un ultimatum au gouvernement canadien, mena\u00e7ant de rehausser les droits de douane g\u00e9n\u00e9raux \u00e0 35% \u00e0 partir du 1er ao\u00fbt, comme l&rsquo;a rapport\u00e9&nbsp;<a href=\"https:\/\/ici.radio-canada.ca\/nouvelle\/2178751\/trump-surtaxes-douanieres-produits-canadiens-1er-aout\" target=\"_blank\" rel=\"noreferrer noopener\">Radio-Canada(Nouvelle fen\u00eatre)<\/a>.&nbsp;<em>\u00ab\u00a0Ces droits de douane peuvent \u00eatre modifi\u00e9s, \u00e0 la hausse ou \u00e0 la baisse, en fonction de notre relation avec votre pays\u00a0\u00bb<\/em>, glissait alors le pr\u00e9sident am\u00e9ricain, qui a depuis pr\u00e9venu qu&rsquo;il ne ferait d&rsquo;exception pour personne concernant son ultimatum.<\/p>\n\n\n\n<h2 class=\"wp-block-heading\">Des pressions pour que l&rsquo;Inde s&rsquo;\u00e9loigne de la Russie<\/h2>\n\n\n\n<p class=\"\">Une&nbsp;<em>\u00ab\u00a0taxe Russie\u00a0\u00bb<\/em>. C&rsquo;est ce que Donald Trump&nbsp;<a href=\"https:\/\/www.franceinfo.fr\/monde\/usa\/droits-de-douane\/donald-trump-cible-l-inde-avec-de-nouveaux-droits-de-douane_7408231.html\">entend faire payer \u00e0 l&rsquo;Inde<\/a>, qui continue d&rsquo;acheter du p\u00e9trole \u00e0 Moscou malgr\u00e9 les sanctions prises en lien avec la guerre en Ukraine. Le pr\u00e9sident am\u00e9ricain avait d\u00e9j\u00e0 l&rsquo;immense pays d&rsquo;Asie dans son viseur, d\u00e9plorant ses \u00ab\u00a0<em>droits de douane (\u2026) parmi les plus \u00e9lev\u00e9s au<\/em>&nbsp;monde\u00a0\u00bb ainsi qu&rsquo;<em>\u00ab\u00a0un \u00e9norme d\u00e9ficit commercial\u00a0\u00bb&nbsp;<\/em>pour les Etats-Unis. Des raisons suffisantes, selon lui, pour frapper les produits indiens d&rsquo;une surtaxe de 25% \u00e0 leur arriv\u00e9e sur le sol am\u00e9ricain, et ce, \u00e0 partir du 1er ao\u00fbt. Mais ce dossier a aussi pris une tournure politique.&nbsp;<\/p>\n\n\n\n<p class=\"\">Comme il l&rsquo;a d\u00e9clar\u00e9 mercredi, toujours sur Truth Social, Donald Trump veut d\u00e9sormais p\u00e9naliser New Delhi pour ses liens avec Moscou. Le pr\u00e9sident am\u00e9ricain accuse les Indiens d&rsquo;avoir&nbsp;<em>\u00ab\u00a0achet\u00e9 une majorit\u00e9 de leurs \u00e9quipements militaires \u00e0 la<\/em>&nbsp;Russie\u00a0\u00bb, mais aussi d&rsquo;\u00eatre&nbsp;<em>\u00ab\u00a0les principaux clients de p\u00e9trole russe, avec la Chine, alors que tout le monde souhaite que la Russie arr\u00eate les massacres en Ukraine.\u00a0\u00bb&nbsp;<\/em>Le montant de cette p\u00e9nalit\u00e9 et ses modalit\u00e9s restent&nbsp;<em>\u00ab\u00a0non sp\u00e9cifi\u00e9es\u00a0\u00bb<\/em>.<\/p>\n\n\n\n<p class=\"\">Interrog\u00e9 \u00e0 la Maison Blanche apr\u00e8s sa d\u00e9claration, Donald Trump a \u00e9galement justifi\u00e9 cette amende en citant&nbsp;l&rsquo;implication de l&rsquo;Inde dans le groupe des Brics (un acronyme pour les alliances entre les \u00e9conomies \u00e9mergentes comme le Br\u00e9sil, la Russie, l&rsquo;Inde et la Chine), qu&rsquo;il juge&nbsp;<em>\u00ab\u00a0hostile\u00a0\u00bb<\/em>&nbsp;aux \u00c9tats-Unis,&nbsp;<a href=\"https:\/\/www.reuters.com\/world\/india\/trump-says-us-india-still-negotiating-after-25-us-tariff-threat-2025-07-30\/\" target=\"_blank\" rel=\"noreferrer noopener\">a rapport\u00e9 l&rsquo;agence Reuters(Nouvelle fen\u00eatre)<\/a>.&nbsp;<\/p>\n\n\n\n<h2 class=\"wp-block-heading\">Un levier pour d\u00e9fendre l&rsquo;ex-pr\u00e9sident Bolsonaro au Br\u00e9sil<\/h2>\n\n\n\n<p class=\"\">Dans une lettre adress\u00e9e le 9&nbsp;juillet \u00e0 son homologue br\u00e9silien, Lula da Silva, Donald Trump a par ailleurs menac\u00e9 d&rsquo;imposer 50%&nbsp;de droits de douane&nbsp;additionnels sur les produits br\u00e9siliens en repr\u00e9sailles&nbsp;<a href=\"https:\/\/www.franceinfo.fr\/monde\/bresil\/l-ex-president-bresilien-jair-bolsonaro-a-bien-etudie-la-possibilite-de-placer-le-pays-en-etat-de-siege-en-2022-selon-l-un-des-accuses-du-proces-historique-pour-tentative-de-coup-d-etat_7301943.html\">aux poursuites lanc\u00e9es contre l&rsquo;ex-pr\u00e9sident Jair Bolsonaro<\/a>.<em>&nbsp;\u00ab\u00a0La mani\u00e8re dont le Br\u00e9sil a trait\u00e9 l&rsquo;ancien pr\u00e9sident Bolsonaro (\u2026) est une honte internationale\u00a0\u00bb<\/em>, \u00e9crivait-il alors, d\u00e9non\u00e7ant une suppos\u00e9e \u00ab\u00a0<em>chasse aux sorci\u00e8res<\/em>&nbsp;[qui]&nbsp;<em>doit cesser imm\u00e9diatement\u00a0\u00bb<\/em>. L&rsquo;ancien pr\u00e9sident d&rsquo;extr\u00eame droite, souvent d\u00e9crit comme le \u00ab\u00a0Trump br\u00e9silien\u00a0\u00bb,&nbsp;<a href=\"https:\/\/www.franceinfo.fr\/monde\/bresil\/au-bresil-le-parquet-reclame-la-condamnation-de-jair-bolsonaro-pour-coup-d-etat_7378747.html\">est jug\u00e9<\/a>&nbsp;pour une tentative de coup d&rsquo;Etat apr\u00e8s sa d\u00e9faite lors de l&rsquo;\u00e9lection pr\u00e9sidentielle en 2022.&nbsp;<\/p>\n\n\n\n<p class=\"\">Trois semaines plus tard, Donald Trump a mis ses menaces \u00e0 ex\u00e9cution. Il a sign\u00e9 mercredi un d\u00e9cret ordonnant l&rsquo;instauration de 40&nbsp;points suppl\u00e9mentaires de droits de douane sur les produits br\u00e9siliens, ce qui porte la surtaxe \u00e0 50%, a annonc\u00e9 la Maison Blanche. Le d\u00e9partement am\u00e9ricain du Tr\u00e9sor a par ailleurs d\u00e9ploy\u00e9, mercredi, une s\u00e9rie de sanctions visant le juge de la Cour supr\u00eame br\u00e9silienne Alexandre de Moraes, charg\u00e9 du proc\u00e8s contre Jair Bolsonaro.&nbsp;<\/p>\n\n\n\n<p class=\"\">Si le Br\u00e9sil souhaite encore<em>&nbsp;\u00ab\u00a0trouver une solution\u00a0\u00bb<\/em>&nbsp;concernant les \u00e9changes commerciaux, les mesures contre le juge de Moraes ont provoqu\u00e9 un toll\u00e9 au sein du pays.&nbsp;<em>\u00ab\u00a0L&rsquo;application arbitraire et injustifiable par les Etats-Unis de sanctions \u00e9conomiques (&#8230;) contre un membre de la magistrature nationale repr\u00e9sente une attaque grave et inacceptable contre la souverainet\u00e9 de notre pays\u00a0\u00bb<\/em>, a \u00e9crit&nbsp;<a href=\"https:\/\/x.com\/jorgemessiasagu\/status\/1950621519060807711\" target=\"_blank\" rel=\"noreferrer noopener\">sur la plateforme X(Nouvelle fen\u00eatre)(Nouvelle fen\u00eatre)<\/a>&nbsp;Jorge Messias, procureur g\u00e9n\u00e9ral du Br\u00e9sil.<\/p>\n","protected":false},"excerpt":{"rendered":"<p>Le pr\u00e9sident am\u00e9ricain utilise aussi sa croisade commerciale pour faire pression sur d&rsquo;autres pays, sur fond de guerre en Ukraine ou de conflit dans la bande de Gaza.L&rsquo;affaire n&rsquo;est pas strictement commerciale. Depuis son retour au pouvoir fin janvier, le pr\u00e9sident am\u00e9ricain Donald Trump a annonc\u00e9 de grands changements concernant les droits de douane de [&hellip;]<\/p>\n","protected":false},"author":2,"featured_media":36850,"comment_status":"open","ping_status":"open","sticky":false,"template":"","format":"standard","meta":{"_jetpack_memberships_contains_paid_content":false,"footnotes":"","jetpack_publicize_message":"","jetpack_publicize_feature_enabled":true,"jetpack_social_post_already_shared":true,"jetpack_social_options":{"image_generator_settings":{"template":"highway","default_image_id":0,"enabled":true,"token":"eyJpbWciOiJodHRwczpcL1wvd3d3LmljZWFnZXR2LmNvbVwvcmFkaW9zaXRlXC93cC1jb250ZW50XC91cGxvYWRzXC8yMDI1XC8wN1wvcXVhbmQtRG9uYWxkLVRydW1wLWltcG9zZS1zZXMtc3VydGF4ZXMuanBnIiwidHh0IjoiRHJvaXRzIGRlIGRvdWFuZSA6IHF1YW5kIERvbmFsZCBUcnVtcCBpbXBvc2Ugc2VzIHN1cnRheGVzIHBvdXIgZGVzIHJhaXNvbnMgcGx1cyBwb2xpdGlxdWVzIHF1JiM4MjE3O1x1MDBlOWNvbm9taXF1ZXMiLCJ0ZW1wbGF0ZSI6ImhpZ2h3YXkiLCJibG9nX2lkIjoxMTEwMTY0NjF9.Nu88l-2TBz1TEja73i8pNykWNz8SOO50RpaAyLg2IlYMQ"},"version":2},"_wpas_customize_per_network":false},"categories":[405],"tags":[],"class_list":["post-36849","post","type-post","status-publish","format-standard","has-post-thumbnail","hentry","category-actu-france-monde"],"jetpack_publicize_connections":[],"jetpack_featured_media_url":"https:\/\/i0.wp.com\/www.iceagetv.com\/radiosite\/wp-content\/uploads\/2025\/07\/quand-Donald-Trump-impose-ses-surtaxes.jpg?fit=645%2C438&ssl=1","jetpack_sharing_enabled":true,"_links":{"self":[{"href":"https:\/\/www.iceagetv.com\/radiosite\/wp-json\/wp\/v2\/posts\/36849","targetHints":{"allow":["GET"]}}],"collection":[{"href":"https:\/\/www.iceagetv.com\/radiosite\/wp-json\/wp\/v2\/posts"}],"about":[{"href":"https:\/\/www.iceagetv.com\/radiosite\/wp-json\/wp\/v2\/types\/post"}],"author":[{"embeddable":true,"href":"https:\/\/www.iceagetv.com\/radiosite\/wp-json\/wp\/v2\/users\/2"}],"replies":[{"embeddable":true,"href":"https:\/\/www.iceagetv.com\/radiosite\/wp-json\/wp\/v2\/comments?post=36849"}],"version-history":[{"count":1,"href":"https:\/\/www.iceagetv.com\/radiosite\/wp-json\/wp\/v2\/posts\/36849\/revisions"}],"predecessor-version":[{"id":36851,"href":"https:\/\/www.iceagetv.com\/radiosite\/wp-json\/wp\/v2\/posts\/36849\/revisions\/36851"}],"wp:featuredmedia":[{"embeddable":true,"href":"https:\/\/www.iceagetv.com\/radiosite\/wp-json\/wp\/v2\/media\/36850"}],"wp:attachment":[{"href":"https:\/\/www.iceagetv.com\/radiosite\/wp-json\/wp\/v2\/media?parent=36849"}],"wp:term":[{"taxonomy":"category","embeddable":true,"href":"https:\/\/www.iceagetv.com\/radiosite\/wp-json\/wp\/v2\/categories?post=36849"},{"taxonomy":"post_tag","embeddable":true,"href":"https:\/\/www.iceagetv.com\/radiosite\/wp-json\/wp\/v2\/tags?post=36849"}],"curies":[{"name":"wp","href":"https:\/\/api.w.org\/{rel}","templated":true}]}}