{"id":36861,"date":"2025-08-01T13:38:01","date_gmt":"2025-08-01T11:38:01","guid":{"rendered":"https:\/\/www.iceagetv.com\/radiosite\/?p=36861"},"modified":"2025-08-01T13:38:05","modified_gmt":"2025-08-01T11:38:05","slug":"aude-un-homme-soupconne-detre-a-lorigine-dun-incendie-cette-semaine-a-ete-mis-en-examen-et-place-en-detention-provisoire-indique-le-parquet-de-narbonne","status":"publish","type":"post","link":"https:\/\/www.iceagetv.com\/radiosite\/aude-un-homme-soupconne-detre-a-lorigine-dun-incendie-cette-semaine-a-ete-mis-en-examen-et-place-en-detention-provisoire-indique-le-parquet-de-narbonne\/","title":{"rendered":"Aude: Un homme soup\u00e7onn\u00e9 d&rsquo;\u00eatre \u00e0 l&rsquo;origine d&rsquo;un incendie cette semaine a \u00e9t\u00e9 mis en examen et plac\u00e9 en d\u00e9tention provisoire, indique le parquet de Narbonne"},"content":{"rendered":"\n<p class=\"\">Un homme soup\u00e7onn\u00e9 d&rsquo;\u00eatre \u00e0 l&rsquo;origine d&rsquo;un incendie mineur intervenu lundi dans l&rsquo;Aude, a \u00e9t\u00e9 mis en examen et plac\u00e9 en d\u00e9tention provisoire, a indiqu\u00e9 jeudi le parquet de Narbonne. Pr\u00e8s de deux foyers d&rsquo;incendie avaient parcouru respectivement 1 hectare et 1,5 hectare \u00e0 Bizanet dans l&rsquo;Aude et mobilis\u00e9 250 pompiers.<\/p>\n\n\n\n<p class=\"\">L&rsquo;individu, qui a \u00e9t\u00e9 interpell\u00e9 lundi, a \u00e9t\u00e9 mis en examen et plac\u00e9 en d\u00e9tention provisoire pour \u00abdestruction par incendie\u00bb et \u00abconduite en \u00e9tat d&rsquo;ivresse en \u00e9tat de r\u00e9cidive l\u00e9gale\u00bb.<\/p>\n\n\n\n<p class=\"\">L&rsquo;homme qui avait pris la fuite lors de son interpellation, \u00abprobablement du fait qu&rsquo;il \u00e9tait aussi en \u00e9tat d&rsquo;ivresse au volant d&rsquo;un v\u00e9hicule\u00bb, n&rsquo;a \u00ababsolument aucun lien avec les autres incendies intervenus dans l&rsquo;Aude depuis le d\u00e9but de l&rsquo;\u00e9t\u00e9\u00bb, a pr\u00e9cis\u00e9 le parquet.<\/p>\n\n\n\n<p class=\"\">Pour \u00abd\u00e9terminer les v\u00e9ritables raisons qui l&rsquo;animaient\u00bb, une information judiciaire a \u00e9t\u00e9 ouverte.<\/p>\n","protected":false},"excerpt":{"rendered":"<p>Un homme soup\u00e7onn\u00e9 d&rsquo;\u00eatre \u00e0 l&rsquo;origine d&rsquo;un incendie mineur intervenu lundi dans l&rsquo;Aude, a \u00e9t\u00e9 mis en examen et plac\u00e9 en d\u00e9tention provisoire, a indiqu\u00e9 jeudi le parquet de Narbonne. Pr\u00e8s de deux foyers d&rsquo;incendie avaient parcouru respectivement 1 hectare et 1,5 hectare \u00e0 Bizanet dans l&rsquo;Aude et mobilis\u00e9 250 pompiers. L&rsquo;individu, qui a \u00e9t\u00e9 [&hellip;]<\/p>\n","protected":false},"author":2,"featured_media":36863,"comment_status":"open","ping_status":"open","sticky":false,"template":"","format":"standard","meta":{"_jetpack_memberships_contains_paid_content":false,"footnotes":"","jetpack_publicize_message":"","jetpack_publicize_feature_enabled":true,"jetpack_social_post_already_shared":true,"jetpack_social_options":{"image_generator_settings":{"template":"highway","default_image_id":0,"enabled":true,"token":"eyJpbWciOiJodHRwczpcL1wvd3d3LmljZWFnZXR2LmNvbVwvcmFkaW9zaXRlXC93cC1jb250ZW50XC91cGxvYWRzXC8yMDI1XC8wOFwvWFpSNkZORnYuanBnIiwidHh0IjoiQXVkZTogVW4gaG9tbWUgc291cFx1MDBlN29ublx1MDBlOSBkJiM4MjE3O1x1MDBlYXRyZSBcdTAwZTAgbCYjODIxNztvcmlnaW5lIGQmIzgyMTc7dW4gaW5jZW5kaWUgY2V0dGUgc2VtYWluZSBhIFx1MDBlOXRcdTAwZTkgbWlzIGVuIGV4YW1lbiBldCBwbGFjXHUwMGU5IGVuIGRcdTAwZTl0ZW50aW9uIHByb3Zpc29pcmUsIGluZGlxdWUgbGUgcGFycXVldCBkZSBOYXJib25uZSIsInRlbXBsYXRlIjoiaGlnaHdheSIsImJsb2dfaWQiOjExMTAxNjQ2MX0.s_kvM4ov_aIAH3T_ZwDXbFFTwWznZHc1nibvtG1WsSIMQ"},"version":2},"_wpas_customize_per_network":false},"categories":[405],"tags":[],"class_list":["post-36861","post","type-post","status-publish","format-standard","has-post-thumbnail","hentry","category-actu-france-monde"],"jetpack_publicize_connections":[],"jetpack_featured_media_url":"https:\/\/i0.wp.com\/www.iceagetv.com\/radiosite\/wp-content\/uploads\/2025\/08\/XZR6FNFv.jpg?fit=679%2C293&ssl=1","jetpack_sharing_enabled":true,"_links":{"self":[{"href":"https:\/\/www.iceagetv.com\/radiosite\/wp-json\/wp\/v2\/posts\/36861","targetHints":{"allow":["GET"]}}],"collection":[{"href":"https:\/\/www.iceagetv.com\/radiosite\/wp-json\/wp\/v2\/posts"}],"about":[{"href":"https:\/\/www.iceagetv.com\/radiosite\/wp-json\/wp\/v2\/types\/post"}],"author":[{"embeddable":true,"href":"https:\/\/www.iceagetv.com\/radiosite\/wp-json\/wp\/v2\/users\/2"}],"replies":[{"embeddable":true,"href":"https:\/\/www.iceagetv.com\/radiosite\/wp-json\/wp\/v2\/comments?post=36861"}],"version-history":[{"count":1,"href":"https:\/\/www.iceagetv.com\/radiosite\/wp-json\/wp\/v2\/posts\/36861\/revisions"}],"predecessor-version":[{"id":36864,"href":"https:\/\/www.iceagetv.com\/radiosite\/wp-json\/wp\/v2\/posts\/36861\/revisions\/36864"}],"wp:featuredmedia":[{"embeddable":true,"href":"https:\/\/www.iceagetv.com\/radiosite\/wp-json\/wp\/v2\/media\/36863"}],"wp:attachment":[{"href":"https:\/\/www.iceagetv.com\/radiosite\/wp-json\/wp\/v2\/media?parent=36861"}],"wp:term":[{"taxonomy":"category","embeddable":true,"href":"https:\/\/www.iceagetv.com\/radiosite\/wp-json\/wp\/v2\/categories?post=36861"},{"taxonomy":"post_tag","embeddable":true,"href":"https:\/\/www.iceagetv.com\/radiosite\/wp-json\/wp\/v2\/tags?post=36861"}],"curies":[{"name":"wp","href":"https:\/\/api.w.org\/{rel}","templated":true}]}}