{"id":36868,"date":"2025-08-01T15:35:52","date_gmt":"2025-08-01T13:35:52","guid":{"rendered":"https:\/\/www.iceagetv.com\/radiosite\/?p=36868"},"modified":"2025-08-01T15:35:56","modified_gmt":"2025-08-01T13:35:56","slug":"alencon-des-vehicules-a-nouveau-incendies-dans-la-ville-en-pleine-nuit-lun-des-feux-sest-propage-a-une-maison-et-a-menace-une-famille","status":"publish","type":"post","link":"https:\/\/www.iceagetv.com\/radiosite\/alencon-des-vehicules-a-nouveau-incendies-dans-la-ville-en-pleine-nuit-lun-des-feux-sest-propage-a-une-maison-et-a-menace-une-famille\/","title":{"rendered":"Alen\u00e7on: Des v\u00e9hicules \u00e0 nouveau incendi\u00e9s dans la ville en pleine nuit &#8211; L&rsquo;un des feux s&rsquo;est propag\u00e9 \u00e0 une maison et a menac\u00e9 une famille"},"content":{"rendered":"\n<p class=\"\">Dans la nuit du 30 au 31 juillet, cinq v\u00e9hicules ont \u00e9t\u00e9 \u00e0 nouveau incendi\u00e9s \u00e0 Alen\u00e7on (Orne). L&rsquo;incendie d&rsquo;une camionnette s&rsquo;est propag\u00e9 \u00e0 une maison habit\u00e9e par une famille.<\/p>\n\n\n\n<p class=\"\">Cette derni\u00e8re est toujours sous le choc. Joffrey se souvient que, lors des faits, \u00ab\u00a0un jeune homme de 25-35 ans regardait les flammes\u00a0\u00bb toucher leur maison.<\/p>\n\n\n\n<p class=\"\">Rencontr\u00e9s par CNews, des habitants ont t\u00e9moign\u00e9. \u00ab\u00a0On a juste peur pour nous\u00a0\u00bb, explique une habitante. Une autre ajoute : \u00ab\u00a0J&rsquo;ai peur pour ma voiture\u00a0\u00bb.<\/p>\n\n\n\n<p class=\"\">A l&rsquo;heure actuelle, aucune piste n&rsquo;est \u00e9cart\u00e9e par les enqu\u00eateurs. Les patrouilles de police ont \u00e9t\u00e9 augment\u00e9es, notamment la nuit.&nbsp;<a href=\"https:\/\/france3-regions.franceinfo.fr\/normandie\/orne\/alencon\/le-feu-s-est-propage-a-ma-maison-des-habitants-d-alencon-choques-apres-une-nouvelle-nuit-violente-marquee-par-cinq-vehicules-incendies-3195738.html\" target=\"_blank\" rel=\"noreferrer noopener\">France 3&nbsp;<\/a>pr\u00e9cise qu&rsquo;en juillet, vingt voitures et camionnettes ont \u00e9t\u00e9 incendi\u00e9es.<\/p>\n","protected":false},"excerpt":{"rendered":"<p>Dans la nuit du 30 au 31 juillet, cinq v\u00e9hicules ont \u00e9t\u00e9 \u00e0 nouveau incendi\u00e9s \u00e0 Alen\u00e7on (Orne). L&rsquo;incendie d&rsquo;une camionnette s&rsquo;est propag\u00e9 \u00e0 une maison habit\u00e9e par une famille. Cette derni\u00e8re est toujours sous le choc. Joffrey se souvient que, lors des faits, \u00ab\u00a0un jeune homme de 25-35 ans regardait les flammes\u00a0\u00bb toucher leur [&hellip;]<\/p>\n","protected":false},"author":2,"featured_media":36869,"comment_status":"open","ping_status":"open","sticky":false,"template":"","format":"standard","meta":{"_jetpack_memberships_contains_paid_content":false,"footnotes":"","jetpack_publicize_message":"","jetpack_publicize_feature_enabled":true,"jetpack_social_post_already_shared":true,"jetpack_social_options":{"image_generator_settings":{"template":"highway","default_image_id":0,"enabled":true,"token":"eyJpbWciOiJodHRwczpcL1wvd3d3LmljZWFnZXR2LmNvbVwvcmFkaW9zaXRlXC93cC1jb250ZW50XC91cGxvYWRzXC8yMDI1XC8wOFwvaFVPRGUzcVYuanBnIiwidHh0IjoiQWxlblx1MDBlN29uOiBEZXMgdlx1MDBlOWhpY3VsZXMgXHUwMGUwIG5vdXZlYXUgaW5jZW5kaVx1MDBlOXMgZGFucyBsYSB2aWxsZSBlbiBwbGVpbmUgbnVpdCAmIzgyMTE7IEwmIzgyMTc7dW4gZGVzIGZldXggcyYjODIxNztlc3QgcHJvcGFnXHUwMGU5IFx1MDBlMCB1bmUgbWFpc29uIGV0IGEgbWVuYWNcdTAwZTkgdW5lIGZhbWlsbGUiLCJ0ZW1wbGF0ZSI6ImhpZ2h3YXkiLCJibG9nX2lkIjoxMTEwMTY0NjF9.xzyy4Gqm06wLQTN79bt77lK6_-DhshNwB6602zrR5yYMQ"},"version":2},"_wpas_customize_per_network":false},"categories":[405],"tags":[],"class_list":["post-36868","post","type-post","status-publish","format-standard","has-post-thumbnail","hentry","category-actu-france-monde"],"jetpack_publicize_connections":[],"jetpack_featured_media_url":"https:\/\/i0.wp.com\/www.iceagetv.com\/radiosite\/wp-content\/uploads\/2025\/08\/hUODe3qV.jpg?fit=679%2C293&ssl=1","jetpack_sharing_enabled":true,"_links":{"self":[{"href":"https:\/\/www.iceagetv.com\/radiosite\/wp-json\/wp\/v2\/posts\/36868","targetHints":{"allow":["GET"]}}],"collection":[{"href":"https:\/\/www.iceagetv.com\/radiosite\/wp-json\/wp\/v2\/posts"}],"about":[{"href":"https:\/\/www.iceagetv.com\/radiosite\/wp-json\/wp\/v2\/types\/post"}],"author":[{"embeddable":true,"href":"https:\/\/www.iceagetv.com\/radiosite\/wp-json\/wp\/v2\/users\/2"}],"replies":[{"embeddable":true,"href":"https:\/\/www.iceagetv.com\/radiosite\/wp-json\/wp\/v2\/comments?post=36868"}],"version-history":[{"count":1,"href":"https:\/\/www.iceagetv.com\/radiosite\/wp-json\/wp\/v2\/posts\/36868\/revisions"}],"predecessor-version":[{"id":36870,"href":"https:\/\/www.iceagetv.com\/radiosite\/wp-json\/wp\/v2\/posts\/36868\/revisions\/36870"}],"wp:featuredmedia":[{"embeddable":true,"href":"https:\/\/www.iceagetv.com\/radiosite\/wp-json\/wp\/v2\/media\/36869"}],"wp:attachment":[{"href":"https:\/\/www.iceagetv.com\/radiosite\/wp-json\/wp\/v2\/media?parent=36868"}],"wp:term":[{"taxonomy":"category","embeddable":true,"href":"https:\/\/www.iceagetv.com\/radiosite\/wp-json\/wp\/v2\/categories?post=36868"},{"taxonomy":"post_tag","embeddable":true,"href":"https:\/\/www.iceagetv.com\/radiosite\/wp-json\/wp\/v2\/tags?post=36868"}],"curies":[{"name":"wp","href":"https:\/\/api.w.org\/{rel}","templated":true}]}}