{"id":36886,"date":"2025-08-02T09:10:27","date_gmt":"2025-08-02T07:10:27","guid":{"rendered":"https:\/\/www.iceagetv.com\/radiosite\/?p=36886"},"modified":"2025-08-02T09:10:32","modified_gmt":"2025-08-02T07:10:32","slug":"ce-que-lon-sait-des-soupcons-de-viols-et-dagressions-sexuelles-denfants-par-une-assistante-dune-ecole-maternelle-de-lherault","status":"publish","type":"post","link":"https:\/\/www.iceagetv.com\/radiosite\/ce-que-lon-sait-des-soupcons-de-viols-et-dagressions-sexuelles-denfants-par-une-assistante-dune-ecole-maternelle-de-lherault\/","title":{"rendered":"Ce que l&rsquo;on sait des soup\u00e7ons de viols et d&rsquo;agressions sexuelles d&rsquo;enfants par une assistante d&rsquo;une \u00e9cole maternelle de l&rsquo;H\u00e9rault"},"content":{"rendered":"\n<p class=\"\">Une assistante dans une \u00e9cole maternelle de Vic-la-Gardiole a \u00e9t\u00e9 mise en examen et plac\u00e9e en d\u00e9tention provisoire. Elle est soup\u00e7onn\u00e9e d&rsquo;avoir commis des attouchements sexuels sur au moins neuf enfants, \u00e2g\u00e9s de 3 \u00e0 4 ans, a annonc\u00e9 jeudi le parquet de Montpellier.Elle est soup\u00e7onn\u00e9e d&rsquo;avoir agress\u00e9 des enfants durant leur sieste. Une femme de 59&nbsp;ans&nbsp;<a href=\"https:\/\/www.franceinfo.fr\/societe\/pedocriminalite\/une-employee-d-une-ecole-maternelle-mise-en-examen-pour-des-viols-et-agressions-sexuelles-sur-neuf-enfants-dans-l-herault_7409848.html\">a \u00e9t\u00e9 mise en examen et plac\u00e9e en d\u00e9tention provisoire<\/a>&nbsp;pour des faits pr\u00e9sum\u00e9s de viols et d&rsquo;agressions sexuelles sur neuf&nbsp;\u00e9l\u00e8ves de l&rsquo;\u00e9cole maternelle de Vic-la-Gardiole (H\u00e9rault), a annonc\u00e9 le parquet de Montpellier, jeudi 31 juillet.<\/p>\n\n\n\n<p class=\"\">Une information judiciaire a \u00e9t\u00e9 ouverte. Elle devra notamment \u00e9tablir si d&rsquo;autres enfants scolaris\u00e9s dans cet \u00e9tablissement du littoral m\u00e9diterran\u00e9en ont \u00e9t\u00e9 victimes d&rsquo;attouchements sexuels. Franceinfo r\u00e9sume ce que l&rsquo;on sait de cette histoire.&nbsp;<\/p>\n\n\n\n<h2 class=\"wp-block-heading\">Une plainte d\u00e9pos\u00e9e par des parents d\u00e9but juillet<\/h2>\n\n\n\n<p class=\"\">L&rsquo;affaire a \u00e9clat\u00e9 au d\u00e9but du mois de juillet, lorsque les familles de&nbsp;deux enfants scolaris\u00e9s dans cette \u00e9cole maternelle vicoise ont port\u00e9 plainte \u00e0 la gendarmerie contre une agente territoriale sp\u00e9cialis\u00e9e des \u00e9coles maternelles (Atsem), c&rsquo;est-\u00e0-dire une employ\u00e9e charg\u00e9e d&rsquo;aider&nbsp;les enseignants de maternelle dans leurs t\u00e2ches quotidiennes.<\/p>\n\n\n\n<p class=\"\">Sollicit\u00e9e par franceinfo vendredi, la mairie de Vic-la-Gardiole ne souhaite pas s&rsquo;exprimer sur ce dossier, mais confirme avoir \u00e9t\u00e9 contact\u00e9e par courriel, le 2 juillet, par des parents qui annon\u00e7aient porter plainte contre l&rsquo;Atsem. De son c\u00f4t\u00e9, la mairie dit avoir fait un signalement aupr\u00e8s du procureur de Montpellier. D\u00e8s le 3&nbsp;juillet, en tant qu&#8217;employeur de la femme mise en cause, la mairie a d\u00e9cid\u00e9 de prononcer une suspension administrative \u00e0 titre conservatoire.<\/p>\n\n\n\n<h2 class=\"wp-block-heading\">Des faits qui auraient \u00e9t\u00e9 commis principalement durant la sieste des \u00e9l\u00e8ves<\/h2>\n\n\n\n<p class=\"\">Selon le parquet de Montpellier, les soup\u00e7ons portent sur&nbsp;<em>\u00ab\u00a0des actes de p\u00e9n\u00e9tration digitale\u00a0\u00bb et des \u00ab\u00a0masturbation susceptibles d&rsquo;avoir \u00e9t\u00e9 commis sur de jeunes enfants, entre le 1er&nbsp;octobre 2024 et le 2&nbsp;juillet 2025\u00a0\u00bb<\/em>&nbsp;par l&rsquo;Atsem et<em>&nbsp;\u00ab\u00a0dans l&rsquo;exercice de ses fonctions\u00a0\u00bb<\/em>. Les faits se seraient produits principalement&nbsp;pendant la sieste des \u00e9l\u00e8ves, selon une source proche du dossier \u00e0&nbsp;<a href=\"https:\/\/www.francebleu.fr\/infos\/faits-divers-justice\/une-femme-mise-en-examen-apres-des-viols-et-des-agressions-sexuelles-a-l-ecole-maternelle-de-vic-la-gardiole-8795689\" target=\"_blank\" rel=\"noreferrer noopener\">ICI H\u00e9rault(Nouvelle fen\u00eatre)<\/a>.&nbsp;<\/p>\n\n\n\n<p class=\"\">Une information judiciaire a \u00e9t\u00e9 ouverte le 29&nbsp;juillet pour \u00ab\u00a0viols et agressions sexuelles sur mineurs de moins de 15&nbsp;ans par personne ayant autorit\u00e9\u00a0\u00bb. La femme mise en cause a \u00e9t\u00e9 pr\u00e9sent\u00e9e \u00e0 un juge d&rsquo;instruction qui l&rsquo;a mise en examen pour des faits susceptibles d&rsquo;avoir \u00e9t\u00e9 commis sur neuf enfants \u00e2g\u00e9s de 3 \u00e0 4&nbsp;ans. Elle a \u00e9t\u00e9 plac\u00e9e en d\u00e9tention provisoire \u00e0 N\u00eemes (Gard).<\/p>\n\n\n\n<h2 class=\"wp-block-heading\">Il pourrait y avoir d&rsquo;autres enfants victimes&nbsp;<\/h2>\n\n\n\n<p class=\"\">La brigade de recherche de Castelnau-le-Lez est charg\u00e9e des investigations. Elle doit notamment recueillir les t\u00e9moignages de ces tr\u00e8s jeunes enfants, et tenter de savoir si d&rsquo;autres ont \u00e9t\u00e9 victimes de violences sexuelles. Depuis le d\u00e9but de l&rsquo;enqu\u00eate,&nbsp;d&rsquo;autres parents se sont manifest\u00e9s aupr\u00e8s des gendarmes.<\/p>\n\n\n\n<h2 class=\"wp-block-heading\">Une femme employ\u00e9e depuis octobre 2024 dans cette \u00e9cole maternelle<\/h2>\n\n\n\n<p class=\"\">L&rsquo;Atsem mise en cause est une femme de 59&nbsp;ans, employ\u00e9e depuis le 1er octobre \u00e0 l&rsquo;\u00e9cole maternelle Les Aresquiers de Vic-la-Gardiole. Elle r\u00e9side dans ce village de 3&nbsp;500&nbsp;habitants situ\u00e9 \u00e0 une demi-heure de route \u00e0 l&rsquo;est de Montpellier. Son casier judiciaire est vierge, selon le parquet. Aucun signalement relatif au comportement de l&rsquo;assistante maternelle n&rsquo;avait \u00e9t\u00e9 \u00e9mis aupr\u00e8s de la justice, assure une source proche du dossier \u00e0 ICI H\u00e9rault.<\/p>\n\n\n\n<p class=\"\">Peu de choses ont \u00e9t\u00e9 communiqu\u00e9es sur le profil de cette femme, interrog\u00e9e \u00e0 plusieurs reprises par les enqu\u00eateurs. D&rsquo;apr\u00e8s des voisins qui se sont confi\u00e9s au journal&nbsp;<a href=\"https:\/\/www.midilibre.fr\/2025\/07\/31\/viols-a-la-maternelle-de-vic-la-gardiole-elle-avait-une-vie-sexuelle-particuliere-qui-est-annie-latsem-qui-aurait-abuse-dune-dizaine-denfants-12854330.php\" target=\"_blank\" rel=\"noreferrer noopener\"><em>Midi-Libre<\/em>(Nouvelle fen\u00eatre)<\/a>, cette femme habite depuis une dizaine d&rsquo;ann\u00e9es dans un pavillon de cette commune m\u00e9diterran\u00e9enne. Divorc\u00e9e et m\u00e8re d&rsquo;un enfant adulte, elle vit seule. Interrog\u00e9 par nos confr\u00e8res, le pr\u00e9sident du conseil syndical de la copropri\u00e9t\u00e9 dans laquelle elle r\u00e9side \u00e9voque une femme qui aimait faire la f\u00eate chez elle, mais au caract\u00e8re&nbsp;<em>\u00ab\u00a0contestataire\u00a0\u00bb<\/em>&nbsp;et&nbsp;<em>\u00ab\u00a0qui a \u00e9t\u00e9 en brouille avec beaucoup de monde\u00a0\u00bb<\/em>. Un autre voisin rapporte qu&rsquo;elle avait des pratiques sexuelles&nbsp;<em>\u00ab\u00a0libertines\u00a0\u00bb<\/em>, tout en estimant qu&rsquo;elle est&nbsp;<em>\u00ab\u00a0victime d&rsquo;une injustice\u00a0\u00bb<\/em>.&nbsp;<\/p>\n\n\n\n<p class=\"\">Selon&nbsp;<a href=\"https:\/\/www.bfmtv.com\/police-justice\/l-assistante-d-ecole-maternelle-accusee-de-viols-sur-mineurs-nie-et-denonce-un-complot-de-la-mairie_AN-202508010287.html\" target=\"_blank\" rel=\"noreferrer noopener\">BFMTV(Nouvelle fen\u00eatre)<\/a>, la quinquag\u00e9naire nie les faits et se serait d\u00e9fendue en garde \u00e0 vue en \u00e9voquant&nbsp;<em>\u00ab\u00a0un complot de la mairie contre elle\u00a0\u00bb<\/em>. Une information que nous n&rsquo;avons pas pu confirmer.&nbsp;<\/p>\n\n\n\n<h2 class=\"wp-block-heading\">Un accompagnement psychologique pour les familles<\/h2>\n\n\n\n<p class=\"\">Dans un communiqu\u00e9 publi\u00e9 jeudi, le rectorat de Montpellier a exprim\u00e9 son&nbsp;<em>\u00ab\u00a0soutien\u00a0\u00bb<\/em>&nbsp;et sa&nbsp;<em>\u00ab\u00a0solidarit\u00e9\u00a0\u00bb&nbsp;<\/em>aux enfants et familles concern\u00e9s par&nbsp;<em>\u00ab\u00a0ces faits d&rsquo;une gravit\u00e9 exceptionnelle\u00a0\u00bb<\/em>. Bien que l&rsquo;Atsem mise en cause soit employ\u00e9e par la mairie et ne rel\u00e8ve donc pas de l&rsquo;acad\u00e9mie, le rectorat assure que&nbsp;<em>\u00ab\u00a0tous les \u00e9l\u00e9ments en possession des services de l&rsquo;Education nationale sont transmis \u00e0 la justice\u00a0\u00bb.&nbsp;<\/em>L&rsquo;acad\u00e9mie a \u00e9galement promis une rentr\u00e9e scolaire pr\u00e9par\u00e9e&nbsp;<em>\u00ab\u00a0avec toute l&rsquo;attention qu&rsquo;elle requiert\u00a0\u00bb<\/em>,<em>&nbsp;<\/em>avec&nbsp;<em>\u00ab\u00a0un accompagnement sp\u00e9cifique\u00a0\u00bb&nbsp;<\/em>pour<em>&nbsp;\u00ab\u00a0toute la communaut\u00e9 \u00e9ducative\u00a0\u00bb<\/em>.<\/p>\n\n\n\n<p class=\"\"><em>\u00ab\u00a0Une cellule psychologique sera d\u00e9ploy\u00e9e \u00e0 la rentr\u00e9e dans cette \u00e9cole, et au besoin durant les cong\u00e9s d&rsquo;\u00e9t\u00e9\u00a0\u00bb<\/em>, pr\u00e9cise le rectorat \u00e0 franceinfo. Des parents de victimes ont d\u00e9j\u00e0 \u00e9t\u00e9 re\u00e7us par l&rsquo;association France Victimes, dans les locaux de la mairie, jeudi.<\/p>\n","protected":false},"excerpt":{"rendered":"<p>Une assistante dans une \u00e9cole maternelle de Vic-la-Gardiole a \u00e9t\u00e9 mise en examen et plac\u00e9e en d\u00e9tention provisoire. Elle est soup\u00e7onn\u00e9e d&rsquo;avoir commis des attouchements sexuels sur au moins neuf enfants, \u00e2g\u00e9s de 3 \u00e0 4 ans, a annonc\u00e9 jeudi le parquet de Montpellier.Elle est soup\u00e7onn\u00e9e d&rsquo;avoir agress\u00e9 des enfants durant leur sieste. Une femme [&hellip;]<\/p>\n","protected":false},"author":2,"featured_media":36887,"comment_status":"open","ping_status":"open","sticky":false,"template":"","format":"standard","meta":{"_jetpack_memberships_contains_paid_content":false,"footnotes":"","jetpack_publicize_message":"","jetpack_publicize_feature_enabled":true,"jetpack_social_post_already_shared":true,"jetpack_social_options":{"image_generator_settings":{"template":"highway","default_image_id":0,"enabled":true,"token":"eyJpbWciOiJodHRwczpcL1wvd3d3LmljZWFnZXR2LmNvbVwvcmFkaW9zaXRlXC93cC1jb250ZW50XC91cGxvYWRzXC8yMDI1XC8wOFwvQ2UtcXVlLWxvbi1zYWl0LWRlcy1zb3VwY29ucy1kZS12aW9scy1ldC1kYWdyZXNzaW9ucy1zZXh1ZWxsZXMtZGVuZmFudHMtcGFyLXVuZS1hc3Npc3RhbnRlLWR1bmUtZWNvbGUtbWF0ZXJuZWxsZS1kZS1sSGVyYXVsdC5qcGciLCJ0eHQiOiJDZSBxdWUgbCYjODIxNztvbiBzYWl0IGRlcyBzb3VwXHUwMGU3b25zIGRlIHZpb2xzIGV0IGQmIzgyMTc7YWdyZXNzaW9ucyBzZXh1ZWxsZXMgZCYjODIxNztlbmZhbnRzIHBhciB1bmUgYXNzaXN0YW50ZSBkJiM4MjE3O3VuZSBcdTAwZTljb2xlIG1hdGVybmVsbGUgZGUgbCYjODIxNztIXHUwMGU5cmF1bHQiLCJ0ZW1wbGF0ZSI6ImhpZ2h3YXkiLCJibG9nX2lkIjoxMTEwMTY0NjF9.W0qiA6fsfp-tBbmw12oiNSG8Q0LhBxBbU3V4XWSn5PsMQ"},"version":2},"_wpas_customize_per_network":false},"categories":[405],"tags":[],"class_list":["post-36886","post","type-post","status-publish","format-standard","has-post-thumbnail","hentry","category-actu-france-monde"],"jetpack_publicize_connections":[],"jetpack_featured_media_url":"https:\/\/i0.wp.com\/www.iceagetv.com\/radiosite\/wp-content\/uploads\/2025\/08\/Ce-que-lon-sait-des-soupcons-de-viols-et-dagressions-sexuelles-denfants-par-une-assistante-dune-ecole-maternelle-de-lHerault.jpg?fit=850%2C468&ssl=1","jetpack_sharing_enabled":true,"_links":{"self":[{"href":"https:\/\/www.iceagetv.com\/radiosite\/wp-json\/wp\/v2\/posts\/36886","targetHints":{"allow":["GET"]}}],"collection":[{"href":"https:\/\/www.iceagetv.com\/radiosite\/wp-json\/wp\/v2\/posts"}],"about":[{"href":"https:\/\/www.iceagetv.com\/radiosite\/wp-json\/wp\/v2\/types\/post"}],"author":[{"embeddable":true,"href":"https:\/\/www.iceagetv.com\/radiosite\/wp-json\/wp\/v2\/users\/2"}],"replies":[{"embeddable":true,"href":"https:\/\/www.iceagetv.com\/radiosite\/wp-json\/wp\/v2\/comments?post=36886"}],"version-history":[{"count":1,"href":"https:\/\/www.iceagetv.com\/radiosite\/wp-json\/wp\/v2\/posts\/36886\/revisions"}],"predecessor-version":[{"id":36888,"href":"https:\/\/www.iceagetv.com\/radiosite\/wp-json\/wp\/v2\/posts\/36886\/revisions\/36888"}],"wp:featuredmedia":[{"embeddable":true,"href":"https:\/\/www.iceagetv.com\/radiosite\/wp-json\/wp\/v2\/media\/36887"}],"wp:attachment":[{"href":"https:\/\/www.iceagetv.com\/radiosite\/wp-json\/wp\/v2\/media?parent=36886"}],"wp:term":[{"taxonomy":"category","embeddable":true,"href":"https:\/\/www.iceagetv.com\/radiosite\/wp-json\/wp\/v2\/categories?post=36886"},{"taxonomy":"post_tag","embeddable":true,"href":"https:\/\/www.iceagetv.com\/radiosite\/wp-json\/wp\/v2\/tags?post=36886"}],"curies":[{"name":"wp","href":"https:\/\/api.w.org\/{rel}","templated":true}]}}