{"id":36898,"date":"2025-08-02T14:35:58","date_gmt":"2025-08-02T12:35:58","guid":{"rendered":"https:\/\/www.iceagetv.com\/radiosite\/?p=36898"},"modified":"2025-08-02T14:36:03","modified_gmt":"2025-08-02T12:36:03","slug":"les-prix-a-la-consommation-en-france-ont-augmente-de-1-en-juillet-sur-un-an-comme-en-juin-tires-par-les-prix-de-lalimentation-et-des-services-annonce-linsee-dans-une-estimation-pr","status":"publish","type":"post","link":"https:\/\/www.iceagetv.com\/radiosite\/les-prix-a-la-consommation-en-france-ont-augmente-de-1-en-juillet-sur-un-an-comme-en-juin-tires-par-les-prix-de-lalimentation-et-des-services-annonce-linsee-dans-une-estimation-pr\/","title":{"rendered":"Les prix \u00e0 la consommation en France ont augment\u00e9 de 1% en juillet sur un an, comme en juin, tir\u00e9s par les prix de l\u2019alimentation et des services, annonce l\u2019Insee dans une estimation provisoire"},"content":{"rendered":"\n<p class=\"\">Les prix \u00e0 la consommation en France ont augment\u00e9 de 1% en juillet sur un an, comme en juin, tir\u00e9s par les prix de l\u2019alimentation et des services, a annonc\u00e9 l\u2019Insee dans une estimation provisoire.<\/p>\n\n\n\n<p class=\"\">\u00ab&nbsp;Les prix de l\u2019alimentation et des services acc\u00e9l\u00e9reraient l\u00e9g\u00e8rement&nbsp;\u00bb, indique l\u2019Institut national de la statistique dans un communiqu\u00e9.<\/p>\n\n\n\n<p class=\"\">A l\u2019inverse, les prix de l\u2019\u00e9nergie ont diminu\u00e9 \u00e0 un rythme plus soutenu qu\u2019au mois pr\u00e9c\u00e9dent en raison d\u2019un effet sur les prix du gaz qui avaient fortement augment\u00e9 en juillet 2024, a pr\u00e9cis\u00e9 l\u2019Insee.<\/p>\n\n\n\n<p class=\"\">Les prix des produits manufactur\u00e9s ont quant \u00e0 eux baiss\u00e9 au m\u00eame rythme que le mois pr\u00e9c\u00e9dent. En juillet, sur un mois, les prix \u00e0 la consommation ont augment\u00e9 de 0,2%, faisant suite \u00e0 une augmentation plus forte le mois pr\u00e9c\u00e9dent (+0,4% en juin).<\/p>\n\n\n\n<p class=\"\">La nouvelle hausse s\u2019explique par la progression saisonni\u00e8re des prix des services notamment ceux des transports et de l\u2019h\u00e9bergement et dans une moindre mesure par une augmentation des prix de l\u2019\u00e9nergie, a aussi affirm\u00e9 l\u2019Insee.<\/p>\n\n\n\n<p class=\"\">L\u2019indice des prix \u00e0 la consommation harmonis\u00e9 (IPCH) a augment\u00e9 de 0,9% en juillet sur un an, comme en juin. Sur un mois, il a augment\u00e9 de 0,3%, apr\u00e8s +0,4% le mois pr\u00e9c\u00e9dent.<\/p>\n","protected":false},"excerpt":{"rendered":"<p>Les prix \u00e0 la consommation en France ont augment\u00e9 de 1% en juillet sur un an, comme en juin, tir\u00e9s par les prix de l\u2019alimentation et des services, a annonc\u00e9 l\u2019Insee dans une estimation provisoire. \u00ab&nbsp;Les prix de l\u2019alimentation et des services acc\u00e9l\u00e9reraient l\u00e9g\u00e8rement&nbsp;\u00bb, indique l\u2019Institut national de la statistique dans un communiqu\u00e9. A l\u2019inverse, [&hellip;]<\/p>\n","protected":false},"author":2,"featured_media":36899,"comment_status":"open","ping_status":"open","sticky":false,"template":"","format":"standard","meta":{"_jetpack_memberships_contains_paid_content":false,"footnotes":"","jetpack_publicize_message":"","jetpack_publicize_feature_enabled":true,"jetpack_social_post_already_shared":false,"jetpack_social_options":{"image_generator_settings":{"template":"highway","default_image_id":0,"enabled":true,"token":"eyJpbWciOiJodHRwczpcL1wvd3d3LmljZWFnZXR2LmNvbVwvcmFkaW9zaXRlXC93cC1jb250ZW50XC91cGxvYWRzXC8yMDI1XC8wOFwvU0JMU1MzbHYuanBnIiwidHh0IjoiTGVzIHByaXggXHUwMGUwIGxhIGNvbnNvbW1hdGlvbiBlbiBGcmFuY2Ugb250IGF1Z21lbnRcdTAwZTkgZGUgMSUgZW4ganVpbGxldCBzdXIgdW4gYW4sIGNvbW1lIGVuIGp1aW4sIHRpclx1MDBlOXMgcGFyIGxlcyBwcml4IGRlIGxcdTIwMTlhbGltZW50YXRpb24gZXQgZGVzIHNlcnZpY2VzLCBhbm5vbmNlIGxcdTIwMTlJbnNlZSBkYW5zIHVuZSBlc3RpbWF0aW9uIHByb3Zpc29pcmUiLCJ0ZW1wbGF0ZSI6ImhpZ2h3YXkiLCJibG9nX2lkIjoxMTEwMTY0NjF9.6oZDnbu2xe6x2OROfARVgaW57aIO7ADSLzXcdYrF8p8MQ"},"version":2},"_wpas_customize_per_network":false},"categories":[405],"tags":[],"class_list":["post-36898","post","type-post","status-publish","format-standard","has-post-thumbnail","hentry","category-actu-france-monde"],"jetpack_publicize_connections":[],"jetpack_featured_media_url":"https:\/\/i0.wp.com\/www.iceagetv.com\/radiosite\/wp-content\/uploads\/2025\/08\/SBLSS3lv.jpg?fit=679%2C293&ssl=1","jetpack_sharing_enabled":true,"_links":{"self":[{"href":"https:\/\/www.iceagetv.com\/radiosite\/wp-json\/wp\/v2\/posts\/36898","targetHints":{"allow":["GET"]}}],"collection":[{"href":"https:\/\/www.iceagetv.com\/radiosite\/wp-json\/wp\/v2\/posts"}],"about":[{"href":"https:\/\/www.iceagetv.com\/radiosite\/wp-json\/wp\/v2\/types\/post"}],"author":[{"embeddable":true,"href":"https:\/\/www.iceagetv.com\/radiosite\/wp-json\/wp\/v2\/users\/2"}],"replies":[{"embeddable":true,"href":"https:\/\/www.iceagetv.com\/radiosite\/wp-json\/wp\/v2\/comments?post=36898"}],"version-history":[{"count":1,"href":"https:\/\/www.iceagetv.com\/radiosite\/wp-json\/wp\/v2\/posts\/36898\/revisions"}],"predecessor-version":[{"id":36900,"href":"https:\/\/www.iceagetv.com\/radiosite\/wp-json\/wp\/v2\/posts\/36898\/revisions\/36900"}],"wp:featuredmedia":[{"embeddable":true,"href":"https:\/\/www.iceagetv.com\/radiosite\/wp-json\/wp\/v2\/media\/36899"}],"wp:attachment":[{"href":"https:\/\/www.iceagetv.com\/radiosite\/wp-json\/wp\/v2\/media?parent=36898"}],"wp:term":[{"taxonomy":"category","embeddable":true,"href":"https:\/\/www.iceagetv.com\/radiosite\/wp-json\/wp\/v2\/categories?post=36898"},{"taxonomy":"post_tag","embeddable":true,"href":"https:\/\/www.iceagetv.com\/radiosite\/wp-json\/wp\/v2\/tags?post=36898"}],"curies":[{"name":"wp","href":"https:\/\/api.w.org\/{rel}","templated":true}]}}