{"id":36909,"date":"2025-08-03T08:51:18","date_gmt":"2025-08-03T06:51:18","guid":{"rendered":"https:\/\/www.iceagetv.com\/radiosite\/?p=36909"},"modified":"2025-08-03T08:51:22","modified_gmt":"2025-08-03T06:51:22","slug":"une-infirmiere-de-lhopital-de-montreuil-mise-en-examen-pour-agressions-sexuelles-sur-des-nourrissons-annonce-le-parquet-de-bobigny","status":"publish","type":"post","link":"https:\/\/www.iceagetv.com\/radiosite\/une-infirmiere-de-lhopital-de-montreuil-mise-en-examen-pour-agressions-sexuelles-sur-des-nourrissons-annonce-le-parquet-de-bobigny\/","title":{"rendered":"Une infirmi\u00e8re de l&rsquo;h\u00f4pital de Montreuil mise en examen pour agressions sexuelles sur des nourrissons, annonce le parquet de Bobigny"},"content":{"rendered":"\n<p class=\"\">Une infirmi\u00e8re de l&rsquo;h\u00f4pital de Montreuil (Seine-Saint-Denis), soup\u00e7onn\u00e9e d&rsquo;agressions sexuelles sur des nourrissons, a \u00e9t\u00e9 mise en examen samedi 2 ao\u00fbt apr\u00e8s sa pr\u00e9sentation devant un juge d&rsquo;instruction, a appris France Inter aupr\u00e8s du parquet de Bobigny. Elle a \u00e9t\u00e9 plac\u00e9e sous contr\u00f4le judiciaire.<\/p>\n\n\n\n<p class=\"\">L&rsquo;infirmi\u00e8re de 26 ans a \u00e9t\u00e9 mise en examen pour \u00ab\u00a0agressions sexuelles sur mineurs de 15 ans\u00a0\u00bb et \u00ab\u00a0captation d\u2019images \u00e0 caract\u00e8re p\u00e9dopornographiques\u00a0\u00bb. Un homme \u00e2g\u00e9 de 28 ans, qu&rsquo;elle avait mis en cause, a lui aussi \u00e9t\u00e9 mis en examen, notamment pour \u00ab\u00a0complicit\u00e9 d\u2019agressions sexuelles sur mineurs de 15 ans\u00a0\u00bb, selon le parquet. Il a lui aussi \u00e9t\u00e9 plac\u00e9 sous contr\u00f4le judiciaire.<\/p>\n\n\n\n<p class=\"\">Ag\u00e9e de 26&nbsp;ans, la femme s&rsquo;\u00e9tait pr\u00e9sent\u00e9e mercredi soir au commissariat de Clichy-sous-Bois, dans le m\u00eame d\u00e9partement, afin de d\u00e9noncer des faits qu&rsquo;elle aurait commis, avait pr\u00e9c\u00e9demment annonc\u00e9 le parquet. Elle avait notamment mis en cause un homme. Ce dernier, \u00e2g\u00e9 de 28 ans et avec qui elle a \u00e9t\u00e9 en relation, est lui mis en cause pour des faits d&rsquo;agressions sexuelles par instigation, a ajout\u00e9 le parquet. La jeune femme a d\u00e9clar\u00e9 avoir \u00e9t\u00e9 sous son emprise. L&rsquo;enqu\u00eate a fait suite \u00e0 la diffusion de plusieurs vid\u00e9os sur la plateforme TikTok alertant sur \u00ab\u00a0<em>un scandale dans un h\u00f4pital du 93&Prime;.<\/em><\/p>\n\n\n\n<h2 class=\"wp-block-heading\">Pas de caract\u00e8re racial, selon le parquet<\/h2>\n\n\n\n<p class=\"\">Sur l&rsquo;une de ces publications, un homme face cam\u00e9ra assurait ainsi que&nbsp;<em>\u00ab\u00a0deux personnes qui travaillent avec les nourrissons (&#8230;) s&rsquo;amusent \u00e0 maltraiter des enfants noirs\u00a0\u00bb,<\/em>&nbsp;avant de glisser que c&rsquo;\u00e9tait<em>&nbsp;\u00ab\u00a0\u00e0 caract\u00e8re sexuel\u00a0\u00bb.&nbsp;<\/em><em>\u00ab\u00a0Il est temps maintenant qu&rsquo;on se d\u00e9place pour faire la justice de la rue\u00a0\u00bb,<\/em>&nbsp;lan\u00e7ait-il, dans cette vid\u00e9o vue samedi midi plus d&rsquo;1,4&nbsp;million de fois.<\/p>\n\n\n\n<p class=\"\">Selon le parquet,&nbsp;<em>\u00ab\u00a0il n&rsquo;y a aucun caract\u00e8re racial dans le passage \u00e0 l&rsquo;acte, l&rsquo;un des enfants est blanc, l&rsquo;autre noir\u00a0\u00bb.&nbsp;<\/em>Deux victimes ont pour l&rsquo;heure \u00e9t\u00e9 identifi\u00e9es dans l&rsquo;exploitation des vid\u00e9os.<\/p>\n\n\n\n<h2 class=\"wp-block-heading\">\u00ab\u00a0Une grave d\u00e9rive\u00a0\u00bb<\/h2>\n\n\n\n<p class=\"\">L&rsquo;infirmi\u00e8re a depuis \u00e9t\u00e9 suspendue par l&rsquo;\u00e9tablissement hospitalier. Dans un communiqu\u00e9 de presse diffus\u00e9 vendredi, la direction du groupement hospitalier de territoire Grand Paris Nord-Est a d\u00e9clar\u00e9 que<em>&nbsp;\u00ab\u00a0cette infirmi\u00e8re exer\u00e7ait exclusivement dans le service de r\u00e9animation n\u00e9onatale de l&rsquo;h\u00f4pital de Montreuil\u00a0\u00bb,&nbsp;<\/em>qui prend en charge les b\u00e9b\u00e9s n\u00e9s pr\u00e9matur\u00e9ment, et ne travaillait pas \u00e0 la maternit\u00e9.<\/p>\n\n\n\n<p class=\"\"><em>\u00ab\u00a0Les agissements de cette infirmi\u00e8re, s&rsquo;ils sont confirm\u00e9s par l&rsquo;enqu\u00eate de police actuellement en cours, sont une grave d\u00e9rive personnelle que l&rsquo;h\u00f4pital condamne fermement. Ils ne sont en aucun cas une pratique collective de service\u00a0\u00bb,&nbsp;<\/em>ajoute la direction du GHT GPNE.<\/p>\n\n\n\n<p class=\"\">La rumeur avait tr\u00e8s rapidement sem\u00e9 l&rsquo;\u00e9moi mercredi et jeudi,<em>&nbsp;\u00ab\u00a0des mamans inqui\u00e8tes appelant l&rsquo;\u00e9tablissement alors qu&rsquo;elles y avaient parfois accouch\u00e9 il y a un an\u00a0\u00bb,&nbsp;<\/em>avait d\u00e9plor\u00e9 aupr\u00e8s de l&rsquo;AFP la direction du groupement hospitalier. L&rsquo;infirmi\u00e8re mise en cause&nbsp;<em>\u00ab\u00a0a \u00e9t\u00e9 suspendue \u00e0 titre conservatoire en attendant les conclusions de l&rsquo;enqu\u00eate de police\u00a0\u00bb,<\/em>&nbsp;d&rsquo;apr\u00e8s le GHT GPNE.<\/p>\n","protected":false},"excerpt":{"rendered":"<p>Une infirmi\u00e8re de l&rsquo;h\u00f4pital de Montreuil (Seine-Saint-Denis), soup\u00e7onn\u00e9e d&rsquo;agressions sexuelles sur des nourrissons, a \u00e9t\u00e9 mise en examen samedi 2 ao\u00fbt apr\u00e8s sa pr\u00e9sentation devant un juge d&rsquo;instruction, a appris France Inter aupr\u00e8s du parquet de Bobigny. Elle a \u00e9t\u00e9 plac\u00e9e sous contr\u00f4le judiciaire. L&rsquo;infirmi\u00e8re de 26 ans a \u00e9t\u00e9 mise en examen pour \u00ab\u00a0agressions [&hellip;]<\/p>\n","protected":false},"author":2,"featured_media":36911,"comment_status":"open","ping_status":"open","sticky":false,"template":"","format":"standard","meta":{"_jetpack_memberships_contains_paid_content":false,"footnotes":"","jetpack_publicize_message":"","jetpack_publicize_feature_enabled":true,"jetpack_social_post_already_shared":true,"jetpack_social_options":{"image_generator_settings":{"template":"highway","default_image_id":0,"enabled":true,"token":"eyJpbWciOiJodHRwczpcL1wvd3d3LmljZWFnZXR2LmNvbVwvcmFkaW9zaXRlXC93cC1jb250ZW50XC91cGxvYWRzXC8yMDI1XC8wOFwvVW5lLWluZmlybWllcmUtZGUtbGhvcGl0YWwtZGUtTW9udHJldWlsLmpwZyIsInR4dCI6IlVuZSBpbmZpcm1pXHUwMGU4cmUgZGUgbCYjODIxNztoXHUwMGY0cGl0YWwgZGUgTW9udHJldWlsIG1pc2UgZW4gZXhhbWVuIHBvdXIgYWdyZXNzaW9ucyBzZXh1ZWxsZXMgc3VyIGRlcyBub3Vycmlzc29ucywgYW5ub25jZSBsZSBwYXJxdWV0IGRlIEJvYmlnbnkiLCJ0ZW1wbGF0ZSI6ImhpZ2h3YXkiLCJibG9nX2lkIjoxMTEwMTY0NjF9.RuTckujm2qBGmX27fxwjw9p6SI4Xcka1coLpDucbsYEMQ"},"version":2},"_wpas_customize_per_network":false},"categories":[405],"tags":[],"class_list":["post-36909","post","type-post","status-publish","format-standard","has-post-thumbnail","hentry","category-actu-france-monde"],"jetpack_publicize_connections":[],"jetpack_featured_media_url":"https:\/\/i0.wp.com\/www.iceagetv.com\/radiosite\/wp-content\/uploads\/2025\/08\/Une-infirmiere-de-lhopital-de-Montreuil.jpg?fit=770%2C422&ssl=1","jetpack_sharing_enabled":true,"_links":{"self":[{"href":"https:\/\/www.iceagetv.com\/radiosite\/wp-json\/wp\/v2\/posts\/36909","targetHints":{"allow":["GET"]}}],"collection":[{"href":"https:\/\/www.iceagetv.com\/radiosite\/wp-json\/wp\/v2\/posts"}],"about":[{"href":"https:\/\/www.iceagetv.com\/radiosite\/wp-json\/wp\/v2\/types\/post"}],"author":[{"embeddable":true,"href":"https:\/\/www.iceagetv.com\/radiosite\/wp-json\/wp\/v2\/users\/2"}],"replies":[{"embeddable":true,"href":"https:\/\/www.iceagetv.com\/radiosite\/wp-json\/wp\/v2\/comments?post=36909"}],"version-history":[{"count":1,"href":"https:\/\/www.iceagetv.com\/radiosite\/wp-json\/wp\/v2\/posts\/36909\/revisions"}],"predecessor-version":[{"id":36912,"href":"https:\/\/www.iceagetv.com\/radiosite\/wp-json\/wp\/v2\/posts\/36909\/revisions\/36912"}],"wp:featuredmedia":[{"embeddable":true,"href":"https:\/\/www.iceagetv.com\/radiosite\/wp-json\/wp\/v2\/media\/36911"}],"wp:attachment":[{"href":"https:\/\/www.iceagetv.com\/radiosite\/wp-json\/wp\/v2\/media?parent=36909"}],"wp:term":[{"taxonomy":"category","embeddable":true,"href":"https:\/\/www.iceagetv.com\/radiosite\/wp-json\/wp\/v2\/categories?post=36909"},{"taxonomy":"post_tag","embeddable":true,"href":"https:\/\/www.iceagetv.com\/radiosite\/wp-json\/wp\/v2\/tags?post=36909"}],"curies":[{"name":"wp","href":"https:\/\/api.w.org\/{rel}","templated":true}]}}