{"id":36916,"date":"2025-08-03T13:03:45","date_gmt":"2025-08-03T11:03:45","guid":{"rendered":"https:\/\/www.iceagetv.com\/radiosite\/?p=36916"},"modified":"2025-08-03T13:03:48","modified_gmt":"2025-08-03T11:03:48","slug":"gravelines-un-enfant-disparait-en-mer-deux-autres-ont-pu-regagner-la-plage","status":"publish","type":"post","link":"https:\/\/www.iceagetv.com\/radiosite\/gravelines-un-enfant-disparait-en-mer-deux-autres-ont-pu-regagner-la-plage\/","title":{"rendered":"Gravelines : un enfant dispara\u00eet en mer, deux autres \u00ab\u00a0ont pu regagner la plage\u00a0\u00bb"},"content":{"rendered":"\n<p class=\"\">Samedi 2 ao\u00fbt 2025, trois enfants se sont retrouv\u00e9s en difficult\u00e9 sur la plage de Gravelines (Nord). Un enfant est toujours port\u00e9 disparu, mais les recherches ont \u00e9t\u00e9 interrompues.Un&nbsp;<strong>enfant d\u2019une dizaine d\u2019ann\u00e9es a disparu en mer<\/strong>&nbsp;\u00e0&nbsp;<a href=\"https:\/\/actu.fr\/hauts-de-france\/gravelines_59273\">Gravelines<\/a>&nbsp;(Nord) samedi 2 ao\u00fbt 2025 dans l\u2019apr\u00e8s-midi, et&nbsp;<strong>les recherches pour le retrouver ont \u00e9t\u00e9 interrompues<\/strong>&nbsp;en d\u00e9but de soir\u00e9e, a indiqu\u00e9 la pr\u00e9fecture maritime \u00e0 l\u2019AFP.<\/p>\n\n\n\n<h2 class=\"wp-block-heading\">\u00ab&nbsp;Deux enfants ont pu regagner la plage par leurs propres moyens&nbsp;\u00bb&nbsp;<\/h2>\n\n\n\n<p class=\"\">\u00ab\u00a0Une op\u00e9ration a \u00e9t\u00e9 d\u00e9clench\u00e9e vers 16h00 suite au signalement de\u00a0<strong>trois enfants en difficult\u00e9 sur la plage de Gravelines<\/strong>\u00ab\u00a0, a dit \u00e0 l\u2019AFP un porte-parole de la pr\u00e9fecture maritime de la Manche et de la mer du Nord (Pr\u00e9mar) \u00e0 l\u2019AFP, confirmant une information de la radio locale Radio6.Il a ensuite pr\u00e9cis\u00e9 que les recherches, qui ont notamment mobilis\u00e9 un h\u00e9licopt\u00e8re de la Marine nationale et des moyens nautiques du Sdis du Nord et de la SNSM, avaient \u00e9t\u00e9 interrompues vers 19h45, et qu\u2019un enfant demeurait port\u00e9 disparu.<\/p>\n\n\n\n<p class=\"\">\u00ab&nbsp;Deux enfants ont pu regagner la plage par leurs propres moyens&nbsp;\u00bb, selon cette m\u00eame source. Selon les pompiers, ces deux enfants, \u00e2g\u00e9s de 10 et 13 ans, ont \u00e9t\u00e9 transport\u00e9s au centre hospitalier de Dunkerque, l\u00e9g\u00e8rement bless\u00e9s.<\/p>\n","protected":false},"excerpt":{"rendered":"<p>Samedi 2 ao\u00fbt 2025, trois enfants se sont retrouv\u00e9s en difficult\u00e9 sur la plage de Gravelines (Nord). Un enfant est toujours port\u00e9 disparu, mais les recherches ont \u00e9t\u00e9 interrompues.Un&nbsp;enfant d\u2019une dizaine d\u2019ann\u00e9es a disparu en mer&nbsp;\u00e0&nbsp;Gravelines&nbsp;(Nord) samedi 2 ao\u00fbt 2025 dans l\u2019apr\u00e8s-midi, et&nbsp;les recherches pour le retrouver ont \u00e9t\u00e9 interrompues&nbsp;en d\u00e9but de soir\u00e9e, a indiqu\u00e9 [&hellip;]<\/p>\n","protected":false},"author":2,"featured_media":36917,"comment_status":"open","ping_status":"open","sticky":false,"template":"","format":"standard","meta":{"_jetpack_memberships_contains_paid_content":false,"footnotes":"","jetpack_publicize_message":"","jetpack_publicize_feature_enabled":true,"jetpack_social_post_already_shared":true,"jetpack_social_options":{"image_generator_settings":{"template":"highway","default_image_id":0,"enabled":true,"token":"eyJpbWciOiJodHRwczpcL1wvd3d3LmljZWFnZXR2LmNvbVwvcmFkaW9zaXRlXC93cC1jb250ZW50XC91cGxvYWRzXC8yMDI1XC8wOFwvYzg4OTcxYWExZjg4NjljODk3MWFhMWY4ODcwOTk3di05NjB4NjQwLTEuanBnIiwidHh0IjoiR3JhdmVsaW5lcyA6IHVuIGVuZmFudCBkaXNwYXJhXHUwMGVldCBlbiBtZXIsIGRldXggYXV0cmVzICYjODIyMDtvbnQgcHUgcmVnYWduZXIgbGEgcGxhZ2UmIzgyMjE7IiwidGVtcGxhdGUiOiJoaWdod2F5IiwiYmxvZ19pZCI6MTExMDE2NDYxfQ.VgOuVVhr2XWoUI2Ywple9Arc76rLGMfpP1CjeUv-AGAMQ"},"version":2},"_wpas_customize_per_network":false},"categories":[405],"tags":[],"class_list":["post-36916","post","type-post","status-publish","format-standard","has-post-thumbnail","hentry","category-actu-france-monde"],"jetpack_publicize_connections":[],"jetpack_featured_media_url":"https:\/\/i0.wp.com\/www.iceagetv.com\/radiosite\/wp-content\/uploads\/2025\/08\/c88971aa1f8869c8971aa1f8870997v-960x640-1.jpg?fit=960%2C640&ssl=1","jetpack_sharing_enabled":true,"_links":{"self":[{"href":"https:\/\/www.iceagetv.com\/radiosite\/wp-json\/wp\/v2\/posts\/36916","targetHints":{"allow":["GET"]}}],"collection":[{"href":"https:\/\/www.iceagetv.com\/radiosite\/wp-json\/wp\/v2\/posts"}],"about":[{"href":"https:\/\/www.iceagetv.com\/radiosite\/wp-json\/wp\/v2\/types\/post"}],"author":[{"embeddable":true,"href":"https:\/\/www.iceagetv.com\/radiosite\/wp-json\/wp\/v2\/users\/2"}],"replies":[{"embeddable":true,"href":"https:\/\/www.iceagetv.com\/radiosite\/wp-json\/wp\/v2\/comments?post=36916"}],"version-history":[{"count":1,"href":"https:\/\/www.iceagetv.com\/radiosite\/wp-json\/wp\/v2\/posts\/36916\/revisions"}],"predecessor-version":[{"id":36918,"href":"https:\/\/www.iceagetv.com\/radiosite\/wp-json\/wp\/v2\/posts\/36916\/revisions\/36918"}],"wp:featuredmedia":[{"embeddable":true,"href":"https:\/\/www.iceagetv.com\/radiosite\/wp-json\/wp\/v2\/media\/36917"}],"wp:attachment":[{"href":"https:\/\/www.iceagetv.com\/radiosite\/wp-json\/wp\/v2\/media?parent=36916"}],"wp:term":[{"taxonomy":"category","embeddable":true,"href":"https:\/\/www.iceagetv.com\/radiosite\/wp-json\/wp\/v2\/categories?post=36916"},{"taxonomy":"post_tag","embeddable":true,"href":"https:\/\/www.iceagetv.com\/radiosite\/wp-json\/wp\/v2\/tags?post=36916"}],"curies":[{"name":"wp","href":"https:\/\/api.w.org\/{rel}","templated":true}]}}