{"id":36959,"date":"2025-08-04T15:57:17","date_gmt":"2025-08-04T13:57:17","guid":{"rendered":"https:\/\/www.iceagetv.com\/radiosite\/?p=36959"},"modified":"2025-08-04T15:57:21","modified_gmt":"2025-08-04T13:57:21","slug":"nimes-le-couvre-feu-impose-aux-mineurs-de-moins-de-16-ans-dans-certains-quartiers-prioritaires-est-prolonge-pour-14-jours-supplementaires","status":"publish","type":"post","link":"https:\/\/www.iceagetv.com\/radiosite\/nimes-le-couvre-feu-impose-aux-mineurs-de-moins-de-16-ans-dans-certains-quartiers-prioritaires-est-prolonge-pour-14-jours-supplementaires\/","title":{"rendered":"N\u00eemes: Le couvre-feu impos\u00e9 aux mineurs de moins de 16 ans dans certains quartiers prioritaires est prolong\u00e9 pour 14 jours suppl\u00e9mentaires"},"content":{"rendered":"\n<p class=\"\">Le couvre-feu impos\u00e9 aux mineurs de moins de 16 ans dans certains quartiers prioritaires de&nbsp;N\u00eemes&nbsp;est prolong\u00e9 pour 14 jours suppl\u00e9mentaires, a annonc\u00e9 la ville de N\u00eemes, justifiant cette d\u00e9cision par \u00ab&nbsp;des circonstances de dangerosit\u00e9 et d\u2019ins\u00e9curit\u00e9 qui menacent encore&nbsp;\u00bb.<\/p>\n\n\n\n<p class=\"\">Cette mesure en cours depuis le 21 juillet interdit aux mineurs de sortir non accompagn\u00e9s entre 21h00 et 06h00 dans les quartiers les plus sensibles de la ville.<\/p>\n\n\n\n<p class=\"\">Elle avait \u00e9t\u00e9 instaur\u00e9e apr\u00e8s une succession de \u00ab&nbsp;fusillades, r\u00e8glements de comptes et tensions entre bandes&nbsp;\u00bb, avait alors expliqu\u00e9 la municipalit\u00e9, pr\u00e9cisant que la mesure \u00e9tait \u00ab&nbsp;renouvelable si n\u00e9cessaire&nbsp;\u00bb.<\/p>\n\n\n\n<p class=\"\">\u00ab&nbsp;La situation ne permet malheureusement pas de lever \u00e0 ce jour le couvre-feu, il est essentiel de prolonger le dispositif afin de prot\u00e9ger au maximum les populations et particuli\u00e8rement les plus jeunes&nbsp;\u00bb, indique Jean-Paul Fournier, le maire de N\u00eemes, dans un communiqu\u00e9.<\/p>\n\n\n\n<p class=\"\">Le couvre-feu initial, qui devait prendre fin lundi \u00e0 06h00, sera donc prolong\u00e9 jusqu\u2019au lundi 18 ao\u00fbt. Alors que six quartiers prioritaires \u00e9taient concern\u00e9s par le premier arr\u00eat\u00e9, ils ne seront plus que quatre \u00e0 compter de lundi\u202f: Pissevin, Mas de Mingue, Chemin-bas et Valdegour, qui sont r\u00e9guli\u00e8rement le th\u00e9\u00e2tre de fusillades ou d\u2019assassinats li\u00e9s au trafic de stup\u00e9fiants.<\/p>\n\n\n\n<p class=\"\">Depuis quelques ann\u00e9es, des villes moyennes comme N\u00eemes, Avignon ou B\u00e9ziers sont rattrap\u00e9es par un niveau de violences jusqu\u2019alors r\u00e9serv\u00e9 \u00e0 Marseille, \u00e9picentre du narcobanditisme dans le sud de la France.<\/p>\n\n\n\n<p class=\"\">\u00ab&nbsp;Nous restons pleinement engag\u00e9s pour la s\u00e9curit\u00e9 des habitants, dans les limites de nos comp\u00e9tences. Nous appelons \u00e0 des r\u00e9ponses fortes et coordonn\u00e9es, port\u00e9es par l\u2019ensemble des acteurs publics, pour lutter activement contre le narcobanditisme qui pollue le quotidien des N\u00eemois de ces quartiers&nbsp;\u00bb, souligne dans le communiqu\u00e9 Richard Schieven, l\u2019adjoint au maire en charge de la s\u00e9curit\u00e9.<\/p>\n","protected":false},"excerpt":{"rendered":"<p>Le couvre-feu impos\u00e9 aux mineurs de moins de 16 ans dans certains quartiers prioritaires de&nbsp;N\u00eemes&nbsp;est prolong\u00e9 pour 14 jours suppl\u00e9mentaires, a annonc\u00e9 la ville de N\u00eemes, justifiant cette d\u00e9cision par \u00ab&nbsp;des circonstances de dangerosit\u00e9 et d\u2019ins\u00e9curit\u00e9 qui menacent encore&nbsp;\u00bb. Cette mesure en cours depuis le 21 juillet interdit aux mineurs de sortir non accompagn\u00e9s entre [&hellip;]<\/p>\n","protected":false},"author":2,"featured_media":36961,"comment_status":"open","ping_status":"open","sticky":false,"template":"","format":"standard","meta":{"_jetpack_memberships_contains_paid_content":false,"footnotes":"","jetpack_publicize_message":"","jetpack_publicize_feature_enabled":true,"jetpack_social_post_already_shared":true,"jetpack_social_options":{"image_generator_settings":{"template":"highway","default_image_id":0,"enabled":true,"token":"eyJpbWciOiJodHRwczpcL1wvd3d3LmljZWFnZXR2LmNvbVwvcmFkaW9zaXRlXC93cC1jb250ZW50XC91cGxvYWRzXC8yMDI1XC8wOFwvUE5OaFB5cEouanBnIiwidHh0IjoiTlx1MDBlZW1lczogTGUgY291dnJlLWZldSBpbXBvc1x1MDBlOSBhdXggbWluZXVycyBkZSBtb2lucyBkZSAxNiBhbnMgZGFucyBjZXJ0YWlucyBxdWFydGllcnMgcHJpb3JpdGFpcmVzIGVzdCBwcm9sb25nXHUwMGU5IHBvdXIgMTQgam91cnMgc3VwcGxcdTAwZTltZW50YWlyZXMiLCJ0ZW1wbGF0ZSI6ImhpZ2h3YXkiLCJibG9nX2lkIjoxMTEwMTY0NjF9.A28DjL9QPG6eN6v6MOBHJP5eCtgC0LJ5UT2O1jU0ykUMQ"},"version":2},"_wpas_customize_per_network":false},"categories":[405],"tags":[],"class_list":["post-36959","post","type-post","status-publish","format-standard","has-post-thumbnail","hentry","category-actu-france-monde"],"jetpack_publicize_connections":[],"jetpack_featured_media_url":"https:\/\/i0.wp.com\/www.iceagetv.com\/radiosite\/wp-content\/uploads\/2025\/08\/PNNhPypJ.jpg?fit=679%2C293&ssl=1","jetpack_sharing_enabled":true,"_links":{"self":[{"href":"https:\/\/www.iceagetv.com\/radiosite\/wp-json\/wp\/v2\/posts\/36959","targetHints":{"allow":["GET"]}}],"collection":[{"href":"https:\/\/www.iceagetv.com\/radiosite\/wp-json\/wp\/v2\/posts"}],"about":[{"href":"https:\/\/www.iceagetv.com\/radiosite\/wp-json\/wp\/v2\/types\/post"}],"author":[{"embeddable":true,"href":"https:\/\/www.iceagetv.com\/radiosite\/wp-json\/wp\/v2\/users\/2"}],"replies":[{"embeddable":true,"href":"https:\/\/www.iceagetv.com\/radiosite\/wp-json\/wp\/v2\/comments?post=36959"}],"version-history":[{"count":1,"href":"https:\/\/www.iceagetv.com\/radiosite\/wp-json\/wp\/v2\/posts\/36959\/revisions"}],"predecessor-version":[{"id":36962,"href":"https:\/\/www.iceagetv.com\/radiosite\/wp-json\/wp\/v2\/posts\/36959\/revisions\/36962"}],"wp:featuredmedia":[{"embeddable":true,"href":"https:\/\/www.iceagetv.com\/radiosite\/wp-json\/wp\/v2\/media\/36961"}],"wp:attachment":[{"href":"https:\/\/www.iceagetv.com\/radiosite\/wp-json\/wp\/v2\/media?parent=36959"}],"wp:term":[{"taxonomy":"category","embeddable":true,"href":"https:\/\/www.iceagetv.com\/radiosite\/wp-json\/wp\/v2\/categories?post=36959"},{"taxonomy":"post_tag","embeddable":true,"href":"https:\/\/www.iceagetv.com\/radiosite\/wp-json\/wp\/v2\/tags?post=36959"}],"curies":[{"name":"wp","href":"https:\/\/api.w.org\/{rel}","templated":true}]}}