{"id":37010,"date":"2025-08-05T20:33:57","date_gmt":"2025-08-05T18:33:57","guid":{"rendered":"https:\/\/www.iceagetv.com\/radiosite\/?p=37010"},"modified":"2025-08-05T21:05:17","modified_gmt":"2025-08-05T19:05:17","slug":"incendie-dans-laude-2-400-hectares-parcourus-des-evacuations-menees-dans-plusieurs-communes","status":"publish","type":"post","link":"https:\/\/www.iceagetv.com\/radiosite\/incendie-dans-laude-2-400-hectares-parcourus-des-evacuations-menees-dans-plusieurs-communes\/","title":{"rendered":"Incendie dans l&rsquo;Aude: Incendie dans l&rsquo;Aude: 4.500 hectares parcourus"},"content":{"rendered":"\n<p class=\"\"><strong>INCENDIES<\/strong>\u00a0<strong>Deux personnes ont \u00e9t\u00e9 bless\u00e9es dans l&rsquo;incendie dans l&rsquo;Aude, dont une se trouve \u00ab\u00a0en urgence absolue\u00a0\u00bb du fait de graves blessures, annonce la pr\u00e9fecture.<\/strong><\/p>\n\n\n\n<h2 class=\"wp-block-heading\">Le porte-parole de la S\u00e9curit\u00e9 civile \u00e9voque 4.500 hectares parcourus et une \u00ab\u00a0situation difficile\u00a0\u00bb sur place<\/h2>\n\n\n\n<p class=\"\">Le colonel Alexandre Jouassard, porte-parole de la S\u00e9curit\u00e9 civile, a fait \u00e9tat d&rsquo;un nouveau bilan au micro de BFMTV, avec \u00ab\u00a04.500 hectares\u00a0\u00bb parcourus par le feu et une \u00ab\u00a0situation difficile\u00a0\u00bb sur place avec des \u00ab\u00a0zones \u00e0 risque sur lesquelles on a concentr\u00e9 les moyens\u00a0\u00bb.<\/p>\n\n\n\n<p class=\"\">\u00ab\u00a0On a des habitations en cours d&rsquo;\u00e9vacuation (&#8230;) on est dans la lutte\u00a0\u00bb, a-t-il ajout\u00e9, expliquant que \u00ab\u00a0c&rsquo;est une \u00e9vidence que le feu ne sera pas \u00e9teint ce soir\u00a0\u00bb.<\/p>\n\n\n\n<p class=\"\">Pour l&rsquo;heure, 1.250 pompiers sont d\u00e9ploy\u00e9s.<\/p>\n\n\n\n<p class=\"\">Un incendie s&rsquo;est d\u00e9clar\u00e9 en fin de journ\u00e9e ce mardi 5 ao\u00fbt dans l&rsquo;Aude. Le d\u00e9part de feu a eu lieu aux environs de Ribaute, entre Narbonne et Carcassonne, alors que le d\u00e9partement de l&rsquo;Aude est plac\u00e9 en vigilance maximale pour le risque d&rsquo;incendie. Les flammes progressent tr\u00e8s rapidement.\u00a0\u00bbJe n&rsquo;ai pas un centime, je n&rsquo;ai rien, tout a cram\u00e9\u00a0\u00bb: le propri\u00e9taire d&rsquo;une maison qui a br\u00fbl\u00e9 t\u00e9moigne<\/p>\n\n\n\n<p class=\"\">Jean-Lo\u00efc, propri\u00e9taire d&rsquo;une maison qui a pris feu \u00e0 Saint-Laurent-de-la-Cabrerisse, a t\u00e9moign\u00e9 au micro de BFMTV. \u00ab\u00a0J&rsquo;\u00e9tais l\u00e0 quand \u00e7a a br\u00fbl\u00e9, c&rsquo;est arriv\u00e9 tellement vite (&#8230;) Le feu est arriv\u00e9 d&rsquo;en face, il a mang\u00e9 toute la colline\u00a0\u00bb, a-t-il expliqu\u00e9.<\/p>\n\n\n\n<p class=\"\">\u00ab\u00a0Il n&rsquo;y a plus rien\u00a0\u00bb, a ajout\u00e9 Jean-Lo\u00efc, qui n&rsquo;a rien pu emmener, \u00ab\u00a0m\u00eame pas un t-shirt\u00a0\u00bb. \u00ab\u00a0Je n&rsquo;ai pas un centime, je n&rsquo;ai rien, tout a cram\u00e9. On n&rsquo;a plus rien.\u00a0\u00bb2.400 hectares parcourus, un incendie avec une \u00ab\u00a0\u00e9volution tr\u00e8s rapide\u00a0\u00bb<\/p>\n\n\n\n<p class=\"\">L&rsquo;incendie qui fait rage dans l&rsquo;Aude \u00e0 d\u00e9j\u00e0 parcouru 2.400 hectares, indique le pr\u00e9fecture dans un communiqu\u00e9, mis \u00e0 jour \u00e0 20 heures. Quelque 1.000 sapeurs-pompiers sont sur le terrain, avec 130 pompiers suppl\u00e9mentaires qui arrivent sur place avec \u00ab\u00a09 canadairs, 5 dash et 2 h\u00e9licopt\u00e8res bombardiers d&rsquo;eau\u00a0\u00bb.<\/p>\n\n\n\n<p class=\"\">Le feu a une \u00ab\u00a0\u00e9volution tr\u00e8s rapide\u00a0\u00bb et \u00ab\u00a0d\u00e9favorable\u00a0\u00bb, ajoute la pr\u00e9fecture, qui demande \u00ab\u00a0aux populations de rester confin\u00e9es \u00e0 l\u2019int\u00e9rieur de leurs habitations sauf ordre d\u2019\u00e9vacuation donn\u00e9 par les sapeurs-pompiers\u00a0\u00bb.Le feu est arriv\u00e9 \u00e0 une vitesse fantastique et a encercl\u00e9 le village\u00a0\u00bb, relate le maire de Saint-Laurent-de-la-Cabrerisse<\/p>\n\n\n\n<p class=\"\">\u00ab\u00a0C&rsquo;est une v\u00e9ritable catastrophe\u00a0\u00bb, a d\u00e9plor\u00e9 \u00e0 notre micro Xavier de Volontat, maire de Saint-Laurent-de-la-Cabrerisse, commune touch\u00e9e par l&rsquo;incendie.\u00a0\u00bbLa situation n&rsquo;est pas favorable\u00a0\u00bb: les autorit\u00e9s annoncent que 1.500 hectares ont \u00e9t\u00e9 parcourus, plus de 800 pompiers d\u00e9ploy\u00e9s<\/p>\n\n\n\n<p class=\"\">R\u00e9mi Recio, sous-pr\u00e9fet de Narbonne, s&rsquo;est exprim\u00e9 devant la presse pour faire un point de situation. \u00c0 cette heure, \u00ab\u00a01.500 hectares ont \u00e9t\u00e9 parcourus\u00a0\u00bb par cet incendie qui s&rsquo;est d\u00e9clar\u00e9 \u00e0 16h20 \u00e0 Ribaute. Pour l&rsquo;heure, il n&rsquo;y a \u00ab\u00a0pas de d\u00e9g\u00e2ts particuliers \u00e0 part une maison et une coop\u00e9rative\u00a0\u00bb.<\/p>\n","protected":false},"excerpt":{"rendered":"<p>INCENDIES\u00a0Deux personnes ont \u00e9t\u00e9 bless\u00e9es dans l&rsquo;incendie dans l&rsquo;Aude, dont une se trouve \u00ab\u00a0en urgence absolue\u00a0\u00bb du fait de graves blessures, annonce la pr\u00e9fecture. Le porte-parole de la S\u00e9curit\u00e9 civile \u00e9voque 4.500 hectares parcourus et une \u00ab\u00a0situation difficile\u00a0\u00bb sur place Le colonel Alexandre Jouassard, porte-parole de la S\u00e9curit\u00e9 civile, a fait \u00e9tat d&rsquo;un nouveau bilan [&hellip;]<\/p>\n","protected":false},"author":2,"featured_media":37011,"comment_status":"open","ping_status":"open","sticky":false,"template":"","format":"standard","meta":{"_jetpack_memberships_contains_paid_content":false,"footnotes":"","jetpack_publicize_message":"","jetpack_publicize_feature_enabled":true,"jetpack_social_post_already_shared":true,"jetpack_social_options":{"image_generator_settings":{"template":"highway","default_image_id":0,"enabled":true,"token":"eyJpbWciOiJodHRwczpcL1wvd3d3LmljZWFnZXR2LmNvbVwvcmFkaW9zaXRlXC93cC1jb250ZW50XC91cGxvYWRzXC8yMDI1XC8wOFwvSW5jZW5kaWUtZGFucy1sQXVkZS5qcGciLCJ0eHQiOiJJbmNlbmRpZSBkYW5zIGwmIzgyMTc7QXVkZTogSW5jZW5kaWUgZGFucyBsJiM4MjE3O0F1ZGU6IDQuNTAwIGhlY3RhcmVzIHBhcmNvdXJ1cyIsInRlbXBsYXRlIjoiaGlnaHdheSIsImZvbnQiOiIiLCJibG9nX2lkIjoxMTEwMTY0NjF9.DquWWeQd8Xm8dy0Cej84eviimltAMKHSpymzBE4oLaUMQ"},"version":2},"_wpas_customize_per_network":false},"categories":[405],"tags":[],"class_list":["post-37010","post","type-post","status-publish","format-standard","has-post-thumbnail","hentry","category-actu-france-monde"],"jetpack_publicize_connections":[],"jetpack_featured_media_url":"https:\/\/i0.wp.com\/www.iceagetv.com\/radiosite\/wp-content\/uploads\/2025\/08\/Incendie-dans-lAude.jpg?fit=666%2C220&ssl=1","jetpack_sharing_enabled":true,"_links":{"self":[{"href":"https:\/\/www.iceagetv.com\/radiosite\/wp-json\/wp\/v2\/posts\/37010","targetHints":{"allow":["GET"]}}],"collection":[{"href":"https:\/\/www.iceagetv.com\/radiosite\/wp-json\/wp\/v2\/posts"}],"about":[{"href":"https:\/\/www.iceagetv.com\/radiosite\/wp-json\/wp\/v2\/types\/post"}],"author":[{"embeddable":true,"href":"https:\/\/www.iceagetv.com\/radiosite\/wp-json\/wp\/v2\/users\/2"}],"replies":[{"embeddable":true,"href":"https:\/\/www.iceagetv.com\/radiosite\/wp-json\/wp\/v2\/comments?post=37010"}],"version-history":[{"count":4,"href":"https:\/\/www.iceagetv.com\/radiosite\/wp-json\/wp\/v2\/posts\/37010\/revisions"}],"predecessor-version":[{"id":37015,"href":"https:\/\/www.iceagetv.com\/radiosite\/wp-json\/wp\/v2\/posts\/37010\/revisions\/37015"}],"wp:featuredmedia":[{"embeddable":true,"href":"https:\/\/www.iceagetv.com\/radiosite\/wp-json\/wp\/v2\/media\/37011"}],"wp:attachment":[{"href":"https:\/\/www.iceagetv.com\/radiosite\/wp-json\/wp\/v2\/media?parent=37010"}],"wp:term":[{"taxonomy":"category","embeddable":true,"href":"https:\/\/www.iceagetv.com\/radiosite\/wp-json\/wp\/v2\/categories?post=37010"},{"taxonomy":"post_tag","embeddable":true,"href":"https:\/\/www.iceagetv.com\/radiosite\/wp-json\/wp\/v2\/tags?post=37010"}],"curies":[{"name":"wp","href":"https:\/\/api.w.org\/{rel}","templated":true}]}}