{"id":37025,"date":"2025-08-06T10:41:25","date_gmt":"2025-08-06T08:41:25","guid":{"rendered":"https:\/\/www.iceagetv.com\/radiosite\/?p=37025"},"modified":"2025-08-06T10:41:29","modified_gmt":"2025-08-06T08:41:29","slug":"refroidir-leau-arret-dun-reacteur-comment-edf-adapte-le-fonctionnement-des-centrales-nucleaires-pendant-les-periodes-de-canicule","status":"publish","type":"post","link":"https:\/\/www.iceagetv.com\/radiosite\/refroidir-leau-arret-dun-reacteur-comment-edf-adapte-le-fonctionnement-des-centrales-nucleaires-pendant-les-periodes-de-canicule\/","title":{"rendered":"Refroidir l&rsquo;eau, arr\u00eat d&rsquo;un r\u00e9acteur&#8230; Comment EDF adapte le fonctionnement des centrales nucl\u00e9aires pendant les p\u00e9riodes de canicule"},"content":{"rendered":"\n<p class=\"\">Les fortes chaleurs ont des cons\u00e9quences importantes sur le fonctionnement des centrales nucl\u00e9aires. En effet, quand la temp\u00e9rature de l&rsquo;eau des rivi\u00e8res augmente trop, EDF doit arr\u00eater ou diminuer la puissance de ses r\u00e9acteurs.Une vague\u00a0<a href=\"https:\/\/www.franceinfo.fr\/environnement\/meteo\/des-pics-jusqu-a-38-c-dans-le-sud-ouest-le-nord-epargne-ce-que-nous-reserve-la-vague-de-chaleur-attendue-a-partir-de-jeudi_7417177.html\">de chaleur s&rsquo;installe sur la France la semaine du 4<\/a>\u00a0<a href=\"https:\/\/www.franceinfo.fr\/environnement\/meteo\/des-pics-jusqu-a-38-c-dans-le-sud-ouest-le-nord-epargne-ce-que-nous-reserve-la-vague-de-chaleur-attendue-a-partir-de-jeudi_7417177.html\">ao\u00fbt<\/a>, d&rsquo;abord sur le sud avant de s\u2019\u00e9tendre vers le nord et l\u2019est du pays en fin de semaine. Le pic de chaleur est attendu entre mercredi 6\u00a0ao\u00fbt et samedi 9\u00a0ao\u00fbt. Vendredi, le mercure doit atteindre 36 degr\u00e9s \u00e0 Toulouse et Bordeaux, et 35 \u00e0 Lyon. Mais les vacanciers ne sont pas les seuls \u00e0 scruter le thermom\u00e8tre. C&rsquo;est aussi le cas d&rsquo;EDF, avec d&rsquo;autant plus d&rsquo;attention que ces vagues de chaleur ont des cons\u00e9quences pour la production d\u2019\u00e9lectricit\u00e9, comme lors de l&rsquo;\u00e9pisode de canicule du d\u00e9but du mois de juillet.En effet, les centrales nucl\u00e9aires puisent dans les fleuves pour refroidir leurs r\u00e9acteurs. Si l\u2019eau est trop chaude, EDF doit baisser ou couper leur production d\u2019\u00e9lectricit\u00e9 afin de ne pas r\u00e9chauffer encore les rivi\u00e8res.&nbsp;<em>\u00ab\u00a0Ca n&rsquo;est pas un probl\u00e8me de fonctionnement des r\u00e9acteurs, ils peuvent fonctionner avec des temp\u00e9ratures \u00e9lev\u00e9es<\/em>, explique Etienne Dutheil, le directeur du parc nucl\u00e9aire.&nbsp;<em>Ces limites servent \u00e0 prot\u00e9ger l&rsquo;environnement, la faune et la flore.\u00a0\u00bb<\/em><\/p>\n\n\n\n<h2 class=\"wp-block-heading\">Arr\u00eater ou diminuer la production des r\u00e9acteurs<\/h2>\n\n\n\n<p class=\"\">Ainsi, pendant la canicule de fin juin 2025, un r\u00e9acteur de la centrale de Golfech sur la Garonne a \u00e9t\u00e9 arr\u00eat\u00e9 une semaine et un autre a moins produit, au Bugey, sur le Rh\u00f4ne. Les \u00e9quipes de cette centrale se tiennent pr\u00eates \u00e0 recommencer cette semaine. Mais pourquoi arr\u00eater certains r\u00e9acteurs et en baisser d&rsquo;autres&nbsp;? Cela d\u00e9pend en fait du fonctionnement de la centrale.<\/p>\n\n\n\n<p class=\"\"><em>\u00ab\u00a0Dans une centrale en circuit ouvert comme Bugey, la totalit\u00e9 de l&rsquo;eau est restitu\u00e9e, mais vous avez un r\u00e9chauffement de quelques<\/em>&nbsp;<em>degr\u00e9s<\/em>, d\u00e9taille Etienne Dutheil.&nbsp;<em>L&rsquo;impact thermique d\u00e9pend de la puissance de la centrale donc on peut le limiter en diminuant la puissance. Golfech au contraire est \u00e9quip\u00e9e d&rsquo;un a\u00e9ror\u00e9frig\u00e9rant, ces grandes tours avec un panache de vapeur. Son impact thermique est ind\u00e9pendant de sa puissance donc on est amen\u00e9s \u00e0 arr\u00eater totalement la production.\u00a0\u00bb<\/em><\/p>\n\n\n\n<p class=\"\">Pour autant, si une nouvelle canicule se produisait cette semaine, les cons\u00e9quences pour le r\u00e9seau \u00e9lectrique seraient limit\u00e9es \u00e0 l\u2019\u00e9chelle du parc nucl\u00e9aire.&nbsp;<em>\u00ab\u00a0En ce moment par exemple, nous avons 41&nbsp;r\u00e9acteurs en production et nous exportons entre 9&nbsp;et 13&nbsp;gigawatts<\/em>, rassure Etienne Dutheil.&nbsp;<em>Ca veut dire qu&rsquo;il y a une dizaine de r\u00e9acteurs qui fonctionnent juste pour l&rsquo;exportation, donc on est tr\u00e8s loin de manquer d&rsquo;\u00e9lectricit\u00e9.\u00a0\u00bb<\/em><\/p>\n\n\n\n<blockquote class=\"wp-block-quote is-layout-flow wp-block-quote-is-layout-flow\">\n<p class=\"\">\u00ab\u00a0S&rsquo;il faut arr\u00eater un ou deux r\u00e9acteurs pour des raisons de canicule, \u00e7a n&rsquo;aura pas de cons\u00e9quence sur notre capacit\u00e9 \u00e0 fournir le pays en \u00e9lectricit\u00e9.\u00a0\u00bbEtienne Dutheil, directeur du parc nucl\u00e9aire d&rsquo;EDF<\/p>\n\n\n\n<p class=\"\">franceinfo<\/p>\n<\/blockquote>\n\n\n\n<p class=\"\">Les pertes sont faibles d\u2019apr\u00e8s EDF. Depuis le d\u00e9but de l\u2019ann\u00e9e, elles repr\u00e9sentent 0,1% de la production annuelle du parc nucl\u00e9aire et 0,3% par an, en moyenne, depuis les ann\u00e9es 2000. C&rsquo;est donc infime du point de vue de la production. P<\/p>\n\n\n\n<p class=\"\">our autant, EDF se pr\u00e9pare \u00e0 adapter ses centrales au changement climatique dont les effets sont d\u00e9j\u00e0 l\u00e0, mesurables dans les rivi\u00e8res aux abords des centrales. Etienne Dutheil \u00e9voque&nbsp;:&nbsp;<em>\u00ab\u00a0A Bugey, par exemple,<\/em>&nbsp;<em>durant la canicule de la fin du mois de juin, la temp\u00e9rature du Rh\u00f4ne en amont de la centrale \u00e9tait mont\u00e9e \u00e0 25&nbsp;degr\u00e9s. Ce sont des temp\u00e9ratures qu&rsquo;on ne rencontrait pas il y a vingt&nbsp;ou trente ans dans nos cours d&rsquo;eau.\u00a0\u00bb<\/em><\/p>\n\n\n\n<p class=\"\">EDF cherche donc \u00e0 limiter l\u2019impact des centrales, gr\u00e2ce par exemple \u00e0&nbsp;des dispositifs pour refroidir l\u2019eau avant de la rejeter dans les rivi\u00e8res. C\u2019est le cas \u00e0 Civaux, pr\u00e8s de Poitiers.&nbsp;<em>\u00ab\u00a0Cette centrale n&rsquo;a aucun impact thermique sur la Vienne. Donc l&rsquo;installation d&rsquo;un dispositif comme celui-l\u00e0 fait partie des pistes que nous regardons tr\u00e8s s\u00e9rieusement pour adapter nos centrales au changement climatique\u00a0\u00bb,&nbsp;<\/em>assure Etienne Dutheil. Ces mesures d\u2019adaptation doivent \u00eatre mises en place dans les centrales progressivement dans les prochaines ann\u00e9es, lors des visites r\u00e9glementaires pour leurs cinquante ans.<\/p>\n","protected":false},"excerpt":{"rendered":"<p>Les fortes chaleurs ont des cons\u00e9quences importantes sur le fonctionnement des centrales nucl\u00e9aires. En effet, quand la temp\u00e9rature de l&rsquo;eau des rivi\u00e8res augmente trop, EDF doit arr\u00eater ou diminuer la puissance de ses r\u00e9acteurs.Une vague\u00a0de chaleur s&rsquo;installe sur la France la semaine du 4\u00a0ao\u00fbt, d&rsquo;abord sur le sud avant de s\u2019\u00e9tendre vers le nord et [&hellip;]<\/p>\n","protected":false},"author":2,"featured_media":37026,"comment_status":"open","ping_status":"open","sticky":false,"template":"","format":"standard","meta":{"_jetpack_memberships_contains_paid_content":false,"footnotes":"","jetpack_publicize_message":"","jetpack_publicize_feature_enabled":true,"jetpack_social_post_already_shared":true,"jetpack_social_options":{"image_generator_settings":{"template":"highway","default_image_id":0,"font":"","enabled":true,"token":"eyJpbWciOiJodHRwczpcL1wvd3d3LmljZWFnZXR2LmNvbVwvcmFkaW9zaXRlXC93cC1jb250ZW50XC91cGxvYWRzXC8yMDI1XC8wOFwvQ29tbWVudC1FREYtYWRhcHRlLWxlLWZvbmN0aW9ubmVtZW50LWRlcy1jZW50cmFsZXMtbnVjbGVhaXJlcy1wZW5kYW50LWxlcy1wZXJpb2Rlcy1kZS1jYW5pY3VsZS5qcGciLCJ0eHQiOiJSZWZyb2lkaXIgbCYjODIxNztlYXUsIGFyclx1MDBlYXQgZCYjODIxNzt1biByXHUwMGU5YWN0ZXVyJiM4MjMwOyBDb21tZW50IEVERiBhZGFwdGUgbGUgZm9uY3Rpb25uZW1lbnQgZGVzIGNlbnRyYWxlcyBudWNsXHUwMGU5YWlyZXMgcGVuZGFudCBsZXMgcFx1MDBlOXJpb2RlcyBkZSBjYW5pY3VsZSIsInRlbXBsYXRlIjoiaGlnaHdheSIsImZvbnQiOiIiLCJibG9nX2lkIjoxMTEwMTY0NjF9.hs3xjSxMuv4ifyg0czhURJHxfso5G4AjGlUtvh_YXIcMQ"},"version":2},"_wpas_customize_per_network":false},"categories":[405],"tags":[],"class_list":["post-37025","post","type-post","status-publish","format-standard","has-post-thumbnail","hentry","category-actu-france-monde"],"jetpack_publicize_connections":[],"jetpack_featured_media_url":"https:\/\/i0.wp.com\/www.iceagetv.com\/radiosite\/wp-content\/uploads\/2025\/08\/Comment-EDF-adapte-le-fonctionnement-des-centrales-nucleaires-pendant-les-periodes-de-canicule.jpg?fit=828%2C461&ssl=1","jetpack_sharing_enabled":true,"_links":{"self":[{"href":"https:\/\/www.iceagetv.com\/radiosite\/wp-json\/wp\/v2\/posts\/37025","targetHints":{"allow":["GET"]}}],"collection":[{"href":"https:\/\/www.iceagetv.com\/radiosite\/wp-json\/wp\/v2\/posts"}],"about":[{"href":"https:\/\/www.iceagetv.com\/radiosite\/wp-json\/wp\/v2\/types\/post"}],"author":[{"embeddable":true,"href":"https:\/\/www.iceagetv.com\/radiosite\/wp-json\/wp\/v2\/users\/2"}],"replies":[{"embeddable":true,"href":"https:\/\/www.iceagetv.com\/radiosite\/wp-json\/wp\/v2\/comments?post=37025"}],"version-history":[{"count":1,"href":"https:\/\/www.iceagetv.com\/radiosite\/wp-json\/wp\/v2\/posts\/37025\/revisions"}],"predecessor-version":[{"id":37027,"href":"https:\/\/www.iceagetv.com\/radiosite\/wp-json\/wp\/v2\/posts\/37025\/revisions\/37027"}],"wp:featuredmedia":[{"embeddable":true,"href":"https:\/\/www.iceagetv.com\/radiosite\/wp-json\/wp\/v2\/media\/37026"}],"wp:attachment":[{"href":"https:\/\/www.iceagetv.com\/radiosite\/wp-json\/wp\/v2\/media?parent=37025"}],"wp:term":[{"taxonomy":"category","embeddable":true,"href":"https:\/\/www.iceagetv.com\/radiosite\/wp-json\/wp\/v2\/categories?post=37025"},{"taxonomy":"post_tag","embeddable":true,"href":"https:\/\/www.iceagetv.com\/radiosite\/wp-json\/wp\/v2\/tags?post=37025"}],"curies":[{"name":"wp","href":"https:\/\/api.w.org\/{rel}","templated":true}]}}