{"id":37030,"date":"2025-08-06T11:32:05","date_gmt":"2025-08-06T09:32:05","guid":{"rendered":"https:\/\/www.iceagetv.com\/radiosite\/?p=37030"},"modified":"2025-08-06T11:32:08","modified_gmt":"2025-08-06T09:32:08","slug":"feux-de-foret-voici-les-10-incendies-qui-ont-marque-la-france-depuis-1949","status":"publish","type":"post","link":"https:\/\/www.iceagetv.com\/radiosite\/feux-de-foret-voici-les-10-incendies-qui-ont-marque-la-france-depuis-1949\/","title":{"rendered":"Feux de for\u00eat : voici les 10 incendies qui ont marqu\u00e9 la France depuis 1949"},"content":{"rendered":"\n<p class=\"\">\u00c0 l\u2019image de l&rsquo;incendie d\u00e9vastateur qui a d\u00e9j\u00e0 emport\u00e9 11.000 hectares dans l&rsquo;Aude depuis hier, les feux de for\u00eats constituent un fl\u00e9au r\u00e9current en France. Du \u00abgrand incendie\u00bb de 1949 au violent incendie dans les Maures en 2021 en passant par la \u00abs\u00e9cheresse corse\u00bb en 2009, ce sont en moyenne 4.000 incendies que la for\u00eat fran\u00e7aise subit chaque ann\u00e9e.<\/p>\n\n\n\n<p class=\"\">Un bilan lourd. Une personne est morte et neuf autres ont \u00e9t\u00e9 bless\u00e9es dans l&rsquo;incendie qui touche actuellement l&rsquo;<a href=\"https:\/\/www.cnews.fr\/aude\">Aude<\/a>, depuis hier. Plus de 11.000 hectares ont d\u00e9j\u00e0 \u00e9t\u00e9 d\u00e9truits, et 1.500 pompiers sont toujours mobilis\u00e9s.&nbsp;<\/p>\n\n\n\n<p class=\"\">Avec ses 16,9 millions d&rsquo;hectares couvrant 30% du territoire m\u00e9tropolitain, la for\u00eat fran\u00e7aise subit chaque ann\u00e9e en moyenne 4.000&nbsp;<a href=\"https:\/\/www.cnews.fr\/france\/2022-07-17\/incendie-clerac-15-hectares-brules-le-feu-est-desormais-fixe-1243472\">incendies<\/a>&nbsp;qui d\u00e9truisent au total 11.000 hectares, en grande majorit\u00e9 dans la moiti\u00e9 sud du pays, selon les chiffres du minist\u00e8re de la Transition \u00e9cologique sur la p\u00e9riode 2007-2018.<\/p>\n\n\n\n<p class=\"\">Rappel de grands incendies ayant marqu\u00e9 la France depuis le \u00abgrand incendie\u00bb meurtrier de 1949.<\/p>\n\n\n\n<h2 class=\"wp-block-heading\">1949 : le \u00abgrand incendie\u00bb<\/h2>\n\n\n\n<p class=\"\">Parti le 19 ao\u00fbt d&rsquo;une scierie \u00e0 Saucats, au sud de&nbsp;<a href=\"https:\/\/www.cnews.fr\/node\/1242044\">Bordeaux<\/a>, un terrible incendie ravage en quelques jours 50.000 hectares de pins, tuant sur son passage 82 personnes.<\/p>\n\n\n\n<p class=\"\">Les victimes sont principalement des agents des Eaux et for\u00eats, des pompiers b\u00e9n\u00e9voles et des militaires venus combattre les flammes. Ce \u00abgrand incendie\u00bb des Landes de Gascogne est \u00e0 ce jour le feu de for\u00eat le plus meurtrier de France.<\/p>\n\n\n\n<h2 class=\"wp-block-heading\">1976 : La Palmyre<\/h2>\n\n\n\n<p class=\"\">La fournaise de l&rsquo;\u00e9t\u00e9 76, l&rsquo;extr\u00eame s\u00e9cheresse et le geste d&rsquo;un pyromane transforment la for\u00eat de La Palmyre (Charente-Maritime) en brasier instantan\u00e9, le 20 ao\u00fbt, au pic de la saison touristique.Des centaines de vacanciers, coinc\u00e9s entre les flammes et l&rsquo;oc\u00e9an, sont \u00e9vacu\u00e9s depuis la plage par une noria de bateaux. Cet \u00e9t\u00e9-l\u00e0, les incendies br\u00fblent 80.000 hectares en France, un record.<\/p>\n\n\n\n<h2 class=\"wp-block-heading\">1989 : Lacanau et Marseille<\/h2>\n\n\n\n<p class=\"\">Le mois de juillet 1989, particuli\u00e8rement chaud et sec, est propice aux d\u00e9parts de feu dans tout le sud. Le 20 juillet, un gigantesque incendie ravage 5.000 hectares de pins pr\u00e8s de l&rsquo;\u00e9tang de Lacanau (Gironde) et oblige \u00e0 l&rsquo;\u00e9vacuation de milliers de vacanciers.<\/p>\n\n\n\n<p class=\"\">Fin ao\u00fbt, c&rsquo;est au tour de Marseille d&rsquo;\u00eatre l\u00e9ch\u00e9e par les flammes. Le 29, 10.000 hectares partent en fum\u00e9e, en moins de 24 heures, dans le sud-est et en Corse.<\/p>\n\n\n\n<h2 class=\"wp-block-heading\">1990: 23.000 hectares d\u00e9truits<\/h2>\n\n\n\n<p class=\"\">L&rsquo;\u00e9t\u00e9 1990 est redoutable pour le massif des Maures : 12.500 hectares sont d\u00e9truits \u00e0 la fin ao\u00fbt. Au total, les feux ravagent 23.000 hectares de v\u00e9g\u00e9tation entre&nbsp;<a href=\"https:\/\/www.cnews.fr\/france\/2022-07-15\/marseille-classee-parmi-les-50-plus-beaux-sites-du-monde-par-le-time-1242947\">Marseille<\/a>&nbsp;et Nice du 21 au 25 ao\u00fbt.<\/p>\n\n\n\n<h2 class=\"wp-block-heading\">2003 : les Maures et l&rsquo;Esterel<\/h2>\n\n\n\n<p class=\"\">Fin juillet 2003, des incendies d&rsquo;origine criminelle ravagent le massif des Maures (Var), causant la mort de quatre personnes et entra\u00eenant l&rsquo;\u00e9vacuation de 6.000 vacanciers et r\u00e9sidents.&nbsp;<\/p>\n\n\n\n<p class=\"\">Un mois plus tard, \u00e0 Cogolin (Var), trois pompiers p\u00e9rissent dans leur camion cern\u00e9 par les flammes. Cet \u00e9t\u00e9-l\u00e0, 20% des Maures et de l&rsquo;Esterel sont d\u00e9truits.\u00a02009 : s\u00e9cheresse corse<\/p>\n\n\n\n<p class=\"\">Une p\u00e9riode de s\u00e9cheresse rend les incendies redoutables fin juillet 2009 en Corse. Vall\u00e9e de la Gravona, au nord d&rsquo;Ajaccio, r\u00e9gions de Sart\u00e8ne et Aull\u00e8ne : plus de 5.300 hectares partent en fum\u00e9e.2016 : aux portes de Marseille<\/p>\n\n\n\n<p class=\"\">Attis\u00e9s par le mistral, plusieurs&nbsp;<a href=\"https:\/\/www.cnews.fr\/france\/2022-07-17\/incendies-en-gironde-pres-de-300-animaux-de-compagnie-secourus-dans-le-village-de\">incendies<\/a>&nbsp;se propagent rapidement au nord de Marseille. Ils arrivent le 10 ao\u00fbt aux portes de la cit\u00e9 phoc\u00e9enne. Le feu d\u00e9truit 3.300 hectares, 25 immeubles, un groupe scolaire et un lyc\u00e9e, heureusement d\u00e9serts.<\/p>\n\n\n\n<h2 class=\"wp-block-heading\">2017 : r\u00e9fugi\u00e9s \u00e0 Bormes<\/h2>\n\n\n\n<p class=\"\">Fin juillet, en l&rsquo;espace de quelques heures, une s\u00e9rie d&rsquo;incendies attis\u00e9s par des vents violents en Haute-Corse, dans le Vaucluse, les Bouches-du-Rh\u00f4ne et le Var r\u00e9duisent en cendres plus de 7.000 hectares.<\/p>\n\n\n\n<p class=\"\">Le 26 juillet, les flammes menacent la station baln\u00e9aire de Bormes-les-Mimosas (Var) et 10.000 personnes doivent \u00eatre \u00e9vacu\u00e9es. Des centaines de vacanciers passent la nuit dans leur voiture ou sur la plage pour \u00e9chapper aux flammes.<\/p>\n\n\n\n<h2 class=\"wp-block-heading\">2021 : deux morts dans les Maures<\/h2>\n\n\n\n<p class=\"\">Un violent incendie attis\u00e9 par un vent tourbillonnant embrase une partie du&nbsp;<a href=\"https:\/\/www.cnews.fr\/france\/2021-08-17\/ce-que-lon-sait-de-lincendie-qui-ravage-le-var-1116401\">massif des Maures dans le Var<\/a>, entre Cogolin et Le Luc, peu apr\u00e8s le 15 ao\u00fbt.&nbsp;<\/p>\n\n\n\n<p class=\"\">Plus de 6.000 hectares partent en fum\u00e9e dans l&rsquo;arri\u00e8re-pays de Saint-Tropez, 10.000 personnes sont \u00e9vacu\u00e9es et deux corps calcin\u00e9s sont retrouv\u00e9s dans une maison sur la commune de Grimaud.<\/p>\n\n\n\n<h2 class=\"wp-block-heading\">2025 : au moins un mort et neuf bless\u00e9s dans l&rsquo;Aude<\/h2>\n\n\n\n<p class=\"\">Un violent incendie s&rsquo;est d\u00e9clar\u00e9 le mardi 5 ao\u00fbt 2025 dans l&rsquo;Aude, \u00e0 Ribaute, entre Carcassonne et Narbonne. Une femme est d\u00e9c\u00e9d\u00e9e, et neuf personnes ont \u00e9t\u00e9 bless\u00e9es, dont sept sapeurs pompiers qui ont lutt\u00e9 contre les flammes. Deux d&rsquo;entre eux ont \u00e9t\u00e9 hospitalis\u00e9s.&nbsp;<\/p>\n","protected":false},"excerpt":{"rendered":"<p>\u00c0 l\u2019image de l&rsquo;incendie d\u00e9vastateur qui a d\u00e9j\u00e0 emport\u00e9 11.000 hectares dans l&rsquo;Aude depuis hier, les feux de for\u00eats constituent un fl\u00e9au r\u00e9current en France. Du \u00abgrand incendie\u00bb de 1949 au violent incendie dans les Maures en 2021 en passant par la \u00abs\u00e9cheresse corse\u00bb en 2009, ce sont en moyenne 4.000 incendies que la for\u00eat [&hellip;]<\/p>\n","protected":false},"author":2,"featured_media":37032,"comment_status":"open","ping_status":"open","sticky":false,"template":"","format":"standard","meta":{"_jetpack_memberships_contains_paid_content":false,"footnotes":"","jetpack_publicize_message":"","jetpack_publicize_feature_enabled":true,"jetpack_social_post_already_shared":true,"jetpack_social_options":{"image_generator_settings":{"template":"highway","default_image_id":0,"font":"","enabled":true,"token":"eyJpbWciOiJodHRwczpcL1wvd3d3LmljZWFnZXR2LmNvbVwvcmFkaW9zaXRlXC93cC1jb250ZW50XC91cGxvYWRzXC8yMDI1XC8wOFwvMjAyNS0wNy0wOHQxNDEwNDl6Xzc3NTY1MDkwM19yYzJiaWZhYmZuaW9fcnRybWFkcF8zX2V1cm9wZS13ZWF0aGVyLWZyYW5jZS13aWxkZmlyZV82ODkzMWFhZjQyN2I1LmpwZyIsInR4dCI6IkZldXggZGUgZm9yXHUwMGVhdCA6IHZvaWNpIGxlcyAxMCBpbmNlbmRpZXMgcXVpIG9udCBtYXJxdVx1MDBlOSBsYSBGcmFuY2UgZGVwdWlzIDE5NDkiLCJ0ZW1wbGF0ZSI6ImhpZ2h3YXkiLCJmb250IjoiIiwiYmxvZ19pZCI6MTExMDE2NDYxfQ.Dm-c7dKG1n0gG9MMq-ZiXDKDJLryEQA-H7NZ-xRSo6gMQ"},"version":2},"_wpas_customize_per_network":false},"categories":[405],"tags":[],"class_list":["post-37030","post","type-post","status-publish","format-standard","has-post-thumbnail","hentry","category-actu-france-monde"],"jetpack_publicize_connections":[],"jetpack_featured_media_url":"https:\/\/i0.wp.com\/www.iceagetv.com\/radiosite\/wp-content\/uploads\/2025\/08\/2025-07-08t141049z_775650903_rc2bifabfnio_rtrmadp_3_europe-weather-france-wildfire_68931aaf427b5.jpg?fit=750%2C422&ssl=1","jetpack_sharing_enabled":true,"_links":{"self":[{"href":"https:\/\/www.iceagetv.com\/radiosite\/wp-json\/wp\/v2\/posts\/37030","targetHints":{"allow":["GET"]}}],"collection":[{"href":"https:\/\/www.iceagetv.com\/radiosite\/wp-json\/wp\/v2\/posts"}],"about":[{"href":"https:\/\/www.iceagetv.com\/radiosite\/wp-json\/wp\/v2\/types\/post"}],"author":[{"embeddable":true,"href":"https:\/\/www.iceagetv.com\/radiosite\/wp-json\/wp\/v2\/users\/2"}],"replies":[{"embeddable":true,"href":"https:\/\/www.iceagetv.com\/radiosite\/wp-json\/wp\/v2\/comments?post=37030"}],"version-history":[{"count":1,"href":"https:\/\/www.iceagetv.com\/radiosite\/wp-json\/wp\/v2\/posts\/37030\/revisions"}],"predecessor-version":[{"id":37033,"href":"https:\/\/www.iceagetv.com\/radiosite\/wp-json\/wp\/v2\/posts\/37030\/revisions\/37033"}],"wp:featuredmedia":[{"embeddable":true,"href":"https:\/\/www.iceagetv.com\/radiosite\/wp-json\/wp\/v2\/media\/37032"}],"wp:attachment":[{"href":"https:\/\/www.iceagetv.com\/radiosite\/wp-json\/wp\/v2\/media?parent=37030"}],"wp:term":[{"taxonomy":"category","embeddable":true,"href":"https:\/\/www.iceagetv.com\/radiosite\/wp-json\/wp\/v2\/categories?post=37030"},{"taxonomy":"post_tag","embeddable":true,"href":"https:\/\/www.iceagetv.com\/radiosite\/wp-json\/wp\/v2\/tags?post=37030"}],"curies":[{"name":"wp","href":"https:\/\/api.w.org\/{rel}","templated":true}]}}