{"id":37079,"date":"2025-08-07T16:16:56","date_gmt":"2025-08-07T14:16:56","guid":{"rendered":"https:\/\/www.iceagetv.com\/radiosite\/?p=37079"},"modified":"2025-08-07T16:17:00","modified_gmt":"2025-08-07T14:17:00","slug":"meteo-six-nouveaux-departements-places-en-vigilance-orange-canicule-demain-onze-departements-sont-desormais-concernes-par-lalerte-decouvrez-la-carte","status":"publish","type":"post","link":"https:\/\/www.iceagetv.com\/radiosite\/meteo-six-nouveaux-departements-places-en-vigilance-orange-canicule-demain-onze-departements-sont-desormais-concernes-par-lalerte-decouvrez-la-carte\/","title":{"rendered":"M\u00e9t\u00e9o: Six nouveaux d\u00e9partements plac\u00e9s en vigilance orange canicule demain &#8211; Onze d\u00e9partements sont d\u00e9sormais concern\u00e9s par l&rsquo;alerte &#8211; D\u00e9couvrez la carte"},"content":{"rendered":"\n<p class=\"\"><strong>Six d\u00e9partements de la moiti\u00e9 sud du pays vont s&rsquo;ajouter aux 5 d\u00e9j\u00e0 plac\u00e9s en vigilance orange \u00ab\u00a0canicule\u00a0\u00bb pour la journ\u00e9e de vendredi, qui marquera le d\u00e9but de la deuxi\u00e8me vague de chaleur en France cet \u00e9t\u00e9, a annonc\u00e9 jeudi M\u00e9t\u00e9o-France&nbsp;\u00bb.<\/strong>&nbsp;A partir de demain va d\u00e9marrer la deuxi\u00e8me vague de chaleur de l&rsquo;\u00e9t\u00e9 2025 \u00e0 l&rsquo;\u00e9chelle de la France, qui sera la 51\u1d49 vague de chaleur recens\u00e9e par M\u00e9t\u00e9o France depuis 1947&Prime;, a pr\u00e9cis\u00e9 Fran\u00e7ois Jobard, pr\u00e9visionniste.<\/p>\n\n\n\n<p class=\"\">Voici la liste des d\u00e9partements en orange : les Hautes-Pyr\u00e9n\u00e9es, la Haute-Garonne, le Tarn, Tarn-et-Garonne, le Rh\u00f4ne, le Lot, l\u2019Aveyron, la Loire, Lis\u00e8re, la Drome et l\u2019Ard\u00e8che.<\/p>\n\n\n\n<p class=\"\">\u00ab\u00a0Ce vendredi, \u00e9pisode caniculaire d\u00e9butant sur le Sud-Ouest et sur une partie de la r\u00e9gion Rh\u00f4ne-Alpes. Fortes chaleurs sur les d\u00e9partements limitrophes\u00a0\u00bb, indique M\u00e9t\u00e9o-France.&nbsp;<\/p>\n\n\n\n<p class=\"\"><strong>&#8211; Faits nouveaux :<\/strong>&nbsp;Passage en vigilance orange \u00ab\u00a0canicule\u00a0\u00bb avec un d\u00e9but d&rsquo;\u00e9v\u00e9nement fix\u00e9 \u00e0 vendredi 12h. Par rapport \u00e0 la carte de jeudi 6h ajout des d\u00e9partements suivants: Lot, Aveyron, Loire, Is\u00e8re, Dr\u00f4me, Ard\u00e8che<\/p>\n\n\n\n<p class=\"\"><strong>&#8211; Situation g\u00e9n\u00e9rale :<\/strong>&nbsp;A partir de ce jeudi les temp\u00e9ratures afficheront une hausse g\u00e9n\u00e9ralis\u00e9e, pr\u00e9mices d&rsquo;un \u00e9pisode caniculaire qui d\u00e9butera vendredi sur le Sud-Ouest et le Centre-Est.<\/p>\n\n\n\n<p class=\"\">Les fortes chaleurs auront tendances \u00e0 s&rsquo;accentuer et \u00e0 s&rsquo;\u00e9tendre les jours suivants. Elles se poursuivront en d\u00e9but de semaine prochaine.<\/p>\n","protected":false},"excerpt":{"rendered":"<p>Six d\u00e9partements de la moiti\u00e9 sud du pays vont s&rsquo;ajouter aux 5 d\u00e9j\u00e0 plac\u00e9s en vigilance orange \u00ab\u00a0canicule\u00a0\u00bb pour la journ\u00e9e de vendredi, qui marquera le d\u00e9but de la deuxi\u00e8me vague de chaleur en France cet \u00e9t\u00e9, a annonc\u00e9 jeudi M\u00e9t\u00e9o-France&nbsp;\u00bb.&nbsp;A partir de demain va d\u00e9marrer la deuxi\u00e8me vague de chaleur de l&rsquo;\u00e9t\u00e9 2025 \u00e0 [&hellip;]<\/p>\n","protected":false},"author":2,"featured_media":37080,"comment_status":"open","ping_status":"open","sticky":false,"template":"","format":"standard","meta":{"_jetpack_memberships_contains_paid_content":false,"footnotes":"","jetpack_publicize_message":"","jetpack_publicize_feature_enabled":true,"jetpack_social_post_already_shared":true,"jetpack_social_options":{"image_generator_settings":{"template":"highway","default_image_id":0,"font":"","enabled":true,"token":"eyJpbWciOiJodHRwczpcL1wvd3d3LmljZWFnZXR2LmNvbVwvcmFkaW9zaXRlXC93cC1jb250ZW50XC91cGxvYWRzXC8yMDI1XC8wOFwvU2l4LW5vdXZlYXV4LWRlcGFydGVtZW50cy1wbGFjZXMtZW4tdmlnaWxhbmNlLW9yYW5nZS1jYW5pY3VsZS1kZW1haW4uanBnIiwidHh0IjoiTVx1MDBlOXRcdTAwZTlvOiBTaXggbm91dmVhdXggZFx1MDBlOXBhcnRlbWVudHMgcGxhY1x1MDBlOXMgZW4gdmlnaWxhbmNlIG9yYW5nZSBjYW5pY3VsZSBkZW1haW4gJiM4MjExOyBPbnplIGRcdTAwZTlwYXJ0ZW1lbnRzIHNvbnQgZFx1MDBlOXNvcm1haXMgY29uY2Vyblx1MDBlOXMgcGFyIGwmIzgyMTc7YWxlcnRlICYjODIxMTsgRFx1MDBlOWNvdXZyZXogbGEgY2FydGUiLCJ0ZW1wbGF0ZSI6ImhpZ2h3YXkiLCJmb250IjoiIiwiYmxvZ19pZCI6MTExMDE2NDYxfQ.Q4Y4Bro-ffQ4SAXWokegWE4JZkdPZ2sVCH26Z4umzP8MQ"},"version":2},"_wpas_customize_per_network":false},"categories":[14],"tags":[],"class_list":["post-37079","post","type-post","status-publish","format-standard","has-post-thumbnail","hentry","category-actu-meteo"],"jetpack_publicize_connections":[],"jetpack_featured_media_url":"https:\/\/i0.wp.com\/www.iceagetv.com\/radiosite\/wp-content\/uploads\/2025\/08\/Six-nouveaux-departements-places-en-vigilance-orange-canicule-demain.jpg?fit=698%2C374&ssl=1","jetpack_sharing_enabled":true,"_links":{"self":[{"href":"https:\/\/www.iceagetv.com\/radiosite\/wp-json\/wp\/v2\/posts\/37079","targetHints":{"allow":["GET"]}}],"collection":[{"href":"https:\/\/www.iceagetv.com\/radiosite\/wp-json\/wp\/v2\/posts"}],"about":[{"href":"https:\/\/www.iceagetv.com\/radiosite\/wp-json\/wp\/v2\/types\/post"}],"author":[{"embeddable":true,"href":"https:\/\/www.iceagetv.com\/radiosite\/wp-json\/wp\/v2\/users\/2"}],"replies":[{"embeddable":true,"href":"https:\/\/www.iceagetv.com\/radiosite\/wp-json\/wp\/v2\/comments?post=37079"}],"version-history":[{"count":1,"href":"https:\/\/www.iceagetv.com\/radiosite\/wp-json\/wp\/v2\/posts\/37079\/revisions"}],"predecessor-version":[{"id":37081,"href":"https:\/\/www.iceagetv.com\/radiosite\/wp-json\/wp\/v2\/posts\/37079\/revisions\/37081"}],"wp:featuredmedia":[{"embeddable":true,"href":"https:\/\/www.iceagetv.com\/radiosite\/wp-json\/wp\/v2\/media\/37080"}],"wp:attachment":[{"href":"https:\/\/www.iceagetv.com\/radiosite\/wp-json\/wp\/v2\/media?parent=37079"}],"wp:term":[{"taxonomy":"category","embeddable":true,"href":"https:\/\/www.iceagetv.com\/radiosite\/wp-json\/wp\/v2\/categories?post=37079"},{"taxonomy":"post_tag","embeddable":true,"href":"https:\/\/www.iceagetv.com\/radiosite\/wp-json\/wp\/v2\/tags?post=37079"}],"curies":[{"name":"wp","href":"https:\/\/api.w.org\/{rel}","templated":true}]}}