{"id":37094,"date":"2025-08-08T08:19:51","date_gmt":"2025-08-08T06:19:51","guid":{"rendered":"https:\/\/www.iceagetv.com\/radiosite\/?p=37094"},"modified":"2025-08-08T08:19:55","modified_gmt":"2025-08-08T06:19:55","slug":"colere-apres-le-refus-par-le-conseil-constitutionnel-de-prolonger-la-duree-de-retention-des-etrangers-dangereux-les-droits-des-personnes-en-situation-illegale-sont-ils-plus-important-que-la-securite","status":"publish","type":"post","link":"https:\/\/www.iceagetv.com\/radiosite\/colere-apres-le-refus-par-le-conseil-constitutionnel-de-prolonger-la-duree-de-retention-des-etrangers-dangereux-les-droits-des-personnes-en-situation-illegale-sont-ils-plus-important-que-la-securite\/","title":{"rendered":"Col\u00e8re apr\u00e8s le refus par le Conseil Constitutionnel de prolonger la dur\u00e9e de r\u00e9tention des \u00e9trangers dangereux : Les droits des personnes en situation ill\u00e9gale sont-ils plus important que la s\u00e9curit\u00e9 des Fran\u00e7ais"},"content":{"rendered":"\n<p class=\"\">esure phare d\u00e9fendue par le ministre de l\u2019Int\u00e9rieur Bruno Retailleau, la loi pr\u00e9voyait notamment d\u2019allonger de 90 (trois mois) \u00e0 210 jours (sept mois) la dur\u00e9e de maintien en CRA d\u2019\u00e9trangers condamn\u00e9s pour certains faits graves ou pr\u00e9sentant une menace d\u2019une \u00abparticuli\u00e8re gravit\u00e9\u00bb \u00e0 l\u2019ordre public, ainsi qu\u2019\u00e0 ceux ayant \u00e9t\u00e9 condamn\u00e9s pour certains crimes ou d\u00e9lits graves (meurtre, viol, trafic de stup\u00e9fiants, vol aggrav\u00e9 avec violences&#8230;).<\/p>\n\n\n\n<p class=\"\">Une dur\u00e9e aujourd\u2019hui uniquement applicable aux personnes condamn\u00e9es pour terrorisme.<\/p>\n\n\n\n<p class=\"\">Les droits individuels des personnes en situation ill\u00e9gale sont-ils plus important que la s\u00e9curit\u00e9 des Fran\u00e7ais ? Le Conseil Constitutionnel a d\u00e9cid\u00e9 hier de censurer la loi visant \u00e0 \u00e9largir aux \u00e9trangers \u00ab condamn\u00e9s pour des faits d&rsquo;une particuli\u00e8re gravit\u00e9 et pr\u00e9sentant de forts risques de r\u00e9cidive \u00bb l&rsquo;allongement de la dur\u00e9e de maintien en centre de r\u00e9tention administrative (CRA) \u00e0 210 jours au lieu de 90 jours actuellement.<\/p>\n\n\n\n<p class=\"\">Les membres de la&nbsp; droite sont imm\u00e9diatement mont\u00e9es au cr\u00e9neau pour d\u00e9noncer cette censure, consid\u00e9r\u00e9e comme \u00ab&nbsp;politique&nbsp;\u00bb par Eric Ciotti, le pr\u00e9sident de LR, ou comme un \u00ab&nbsp;coup de force&nbsp;\u00bb par Jordan Bardella, le pr\u00e9sident du RN. L&rsquo;un comme l&rsquo;autre sont revenus \u00e0 la charge pour obtenir une modification de la Constitution et la tenue d&rsquo;un r\u00e9f\u00e9rendum sur l&rsquo;immigration. Les principales mesures figurant dans la loi, y compris celles qui ont \u00e9t\u00e9 censur\u00e9es, \u00e9taient tr\u00e8s majoritairement soutenues par l&rsquo;opinion.<\/p>\n\n\n\n<p class=\"\">&nbsp;\u00ab&nbsp;Le Conseil constitutionnel valide l&rsquo;int\u00e9gralit\u00e9 du texte initial du gouvernement&nbsp;: jamais un texte n&rsquo;a pr\u00e9vu autant de moyens pour expulser les d\u00e9linquants et autant d&rsquo;exigence pour l&rsquo;int\u00e9gration des \u00e9trangers&nbsp;! Le gouvernement prend acte, comme j&rsquo;ai pu l&rsquo;indiquer lors des d\u00e9bats, de la censure de nombreux articles ajout\u00e9s au Parlement, pour non-respect de la proc\u00e9dure parlementaire&nbsp;\u00bb, a-t-il indiqu\u00e9 sur&nbsp;X .<\/p>\n\n\n\n<p class=\"\">La disposition relative aux m\u00e9tiers en tension, qui avait cristallis\u00e9 les d\u00e9bats au d\u00e9but de l&rsquo;examen de la loi, a \u00e9t\u00e9 valid\u00e9e par les Sages.<\/p>\n\n\n\n<p class=\"\">La gauche s&rsquo;est f\u00e9licit\u00e9e de la d\u00e9cision du Conseil constitutionnel tout en demandant \u00e0 Emmanuel Macron de ne pas promulguer la loi. \u00ab&nbsp;Le Conseil constitutionnel vient de censurer plus du tiers de la loi immigration. Il rappelle que les pires d\u00e9lires racistes de Macron et Le Pen sont contraires \u00e0 nos principes r\u00e9publicains. La loi est totalement amput\u00e9e. Elle n&rsquo;a aucune l\u00e9gitimit\u00e9. Elle doit \u00eatre retir\u00e9e&nbsp;\u00bb, a estim\u00e9 sur&nbsp;X Manuel Bompard, coordinateur national de la France insoumise (LFI).<\/p>\n\n\n\n<h3 class=\"wp-block-heading\"><strong>Dur\u00e9es maximales de r\u00e9tention dans d\u2019autres pays<\/strong><\/h3>\n\n\n\n<ul class=\"wp-block-list\">\n<li class=\"\">Allemagne :\u00a0La r\u00e9tention administrative peut durer jusqu\u2019\u00e0\u00a018 mois, principalement en raison des proc\u00e9dures administratives ou judiciaires complexes.<\/li>\n\n\n\n<li class=\"\">Espagne :\u00a0La dur\u00e9e maximale est limit\u00e9e \u00e0\u00a060 jours, ce qui est plus court qu\u2019en France.<\/li>\n\n\n\n<li class=\"\">Belgique :\u00a0Une personne peut \u00eatre retenue jusqu\u2019\u00e0\u00a08 mois, avec des prolongations possibles sous certaines conditions.<\/li>\n\n\n\n<li class=\"\">Italie :\u00a0La limite est fix\u00e9e \u00e0\u00a090 jours, identique \u00e0 celle de la France, mais peut \u00eatre \u00e9tendue si des obstacles administratifs subsistent.<\/li>\n<\/ul>\n\n\n\n<p class=\"\">Ces diff\u00e9rences refl\u00e8tent les priorit\u00e9s de chaque pays en mati\u00e8re de contr\u00f4le migratoire et de respect des droits fondamentaux.<strong>Position de la France \u200d<\/strong><\/p>\n\n\n\n<p class=\"\">Avec une dur\u00e9e maximale de 90 jours, la France se situe dans la moyenne europ\u00e9enne : Elle applique une limite plus stricte que l\u2019Allemagne ou la Belgique, mais plus longue que l\u2019Espagne. Cette dur\u00e9e a \u00e9t\u00e9 port\u00e9e de 45 \u00e0 90 jours en 2018 dans le cadre de la loi Asile et Immigration, suscitant des d\u00e9bats sur l\u2019impact humain de cette extension.<\/p>\n\n\n\n<p class=\"\">Les partisans de l\u2019allongement de la dur\u00e9e maximale en France avancent plusieurs arguments :<\/p>\n\n\n\n<ul class=\"wp-block-list\">\n<li class=\"\">Efficacit\u00e9 accrue des expulsions :\u00a0Un d\u00e9lai plus long permet de finaliser les d\u00e9marches administratives complexes, notamment pour obtenir les laissez-passer consulaires.<\/li>\n\n\n\n<li class=\"\">Renforcement de la politique migratoire :\u00a0Cette mesure est per\u00e7ue comme un outil pour lutter contre l\u2019immigration irr\u00e9guli\u00e8re et dissuader les infractions aux lois sur le s\u00e9jour.<\/li>\n\n\n\n<li class=\"\">Alignement sur les standards europ\u00e9ens :\u00a0Avec une limite de 90 jours, la France se situe dans la moyenne europ\u00e9enne et peut mieux coop\u00e9rer avec d\u2019autres pays.<\/li>\n<\/ul>\n\n\n\n<p class=\"\">Ces arguments mettent en avant les imp\u00e9ratifs de gestion migratoire et de souverainet\u00e9 nationale.<\/p>\n","protected":false},"excerpt":{"rendered":"<p>esure phare d\u00e9fendue par le ministre de l\u2019Int\u00e9rieur Bruno Retailleau, la loi pr\u00e9voyait notamment d\u2019allonger de 90 (trois mois) \u00e0 210 jours (sept mois) la dur\u00e9e de maintien en CRA d\u2019\u00e9trangers condamn\u00e9s pour certains faits graves ou pr\u00e9sentant une menace d\u2019une \u00abparticuli\u00e8re gravit\u00e9\u00bb \u00e0 l\u2019ordre public, ainsi qu\u2019\u00e0 ceux ayant \u00e9t\u00e9 condamn\u00e9s pour certains crimes [&hellip;]<\/p>\n","protected":false},"author":2,"featured_media":37095,"comment_status":"open","ping_status":"open","sticky":false,"template":"","format":"standard","meta":{"_jetpack_memberships_contains_paid_content":false,"footnotes":"","jetpack_publicize_message":"","jetpack_publicize_feature_enabled":true,"jetpack_social_post_already_shared":true,"jetpack_social_options":{"image_generator_settings":{"template":"highway","default_image_id":0,"font":"","enabled":true,"token":"eyJpbWciOiJodHRwczpcL1wvd3d3LmljZWFnZXR2LmNvbVwvcmFkaW9zaXRlXC93cC1jb250ZW50XC91cGxvYWRzXC8yMDI1XC8wOFwvYk5kMjF6TEIuanBnIiwidHh0IjoiQ29sXHUwMGU4cmUgYXByXHUwMGU4cyBsZSByZWZ1cyBwYXIgbGUgQ29uc2VpbCBDb25zdGl0dXRpb25uZWwgZGUgcHJvbG9uZ2VyIGxhIGR1clx1MDBlOWUgZGUgclx1MDBlOXRlbnRpb24gZGVzIFx1MDBlOXRyYW5nZXJzIGRhbmdlcmV1eCA6IExlcyBkcm9pdHMgZGVzIHBlcnNvbm5lcyBlbiBzaXR1YXRpb24gaWxsXHUwMGU5Z2FsZSBzb250LWlscyBwbHVzIGltcG9ydGFudCBxdWUgbGEgc1x1MDBlOWN1cml0XHUwMGU5IGRlcyBGcmFuXHUwMGU3YWlzIiwidGVtcGxhdGUiOiJoaWdod2F5IiwiZm9udCI6IiIsImJsb2dfaWQiOjExMTAxNjQ2MX0.oHsPT39X2lolhsOU4l46-PDzD_ItLQr9RWLjkB9LD4MMQ"},"version":2},"_wpas_customize_per_network":false},"categories":[405],"tags":[],"class_list":["post-37094","post","type-post","status-publish","format-standard","has-post-thumbnail","hentry","category-actu-france-monde"],"jetpack_publicize_connections":[],"jetpack_featured_media_url":"https:\/\/i0.wp.com\/www.iceagetv.com\/radiosite\/wp-content\/uploads\/2025\/08\/bNd21zLB.jpg?fit=679%2C293&ssl=1","jetpack_sharing_enabled":true,"_links":{"self":[{"href":"https:\/\/www.iceagetv.com\/radiosite\/wp-json\/wp\/v2\/posts\/37094","targetHints":{"allow":["GET"]}}],"collection":[{"href":"https:\/\/www.iceagetv.com\/radiosite\/wp-json\/wp\/v2\/posts"}],"about":[{"href":"https:\/\/www.iceagetv.com\/radiosite\/wp-json\/wp\/v2\/types\/post"}],"author":[{"embeddable":true,"href":"https:\/\/www.iceagetv.com\/radiosite\/wp-json\/wp\/v2\/users\/2"}],"replies":[{"embeddable":true,"href":"https:\/\/www.iceagetv.com\/radiosite\/wp-json\/wp\/v2\/comments?post=37094"}],"version-history":[{"count":1,"href":"https:\/\/www.iceagetv.com\/radiosite\/wp-json\/wp\/v2\/posts\/37094\/revisions"}],"predecessor-version":[{"id":37096,"href":"https:\/\/www.iceagetv.com\/radiosite\/wp-json\/wp\/v2\/posts\/37094\/revisions\/37096"}],"wp:featuredmedia":[{"embeddable":true,"href":"https:\/\/www.iceagetv.com\/radiosite\/wp-json\/wp\/v2\/media\/37095"}],"wp:attachment":[{"href":"https:\/\/www.iceagetv.com\/radiosite\/wp-json\/wp\/v2\/media?parent=37094"}],"wp:term":[{"taxonomy":"category","embeddable":true,"href":"https:\/\/www.iceagetv.com\/radiosite\/wp-json\/wp\/v2\/categories?post=37094"},{"taxonomy":"post_tag","embeddable":true,"href":"https:\/\/www.iceagetv.com\/radiosite\/wp-json\/wp\/v2\/tags?post=37094"}],"curies":[{"name":"wp","href":"https:\/\/api.w.org\/{rel}","templated":true}]}}